{"id":128636,"date":"2026-01-04T15:58:10","date_gmt":"2026-01-04T15:58:10","guid":{"rendered":"https:\/\/www.europesays.com\/no\/128636\/"},"modified":"2026-01-04T15:58:10","modified_gmt":"2026-01-04T15:58:10","slug":"hoppuka-halvor-egner-granerud-halvor-egner-granerud-slakter-arrangoren-etter-innsbruck-exit","status":"publish","type":"post","link":"https:\/\/www.europesays.com\/no\/128636\/","title":{"rendered":"Hoppuka, Halvor Egner Granerud | Halvor Egner Granerud slakter arrang\u00f8ren etter Innsbruck-exit"},"content":{"rendered":"\n<p>Kristoffer Eriksen Sundal og Johann Andr\u00e9 Forfang er de eneste norske som tok seg videre til finale i Innsbruck. Halvor Egner Granerud er alt annet enn forn\u00f8yd med arrang\u00f8ren i \u00d8sterrike.<\/p>\n<p>Granerud tapte sin duell mot Yukiya Sato. Japaneren hoppet 122 meter mot Graneruds 118 meter. Etter rennet forteller nordmannen om en tr\u00f8blete oppladning og retter kritikk mot arrang\u00f8rene.<\/p>\n<p><b>Les ogs\u00e5:<\/b> <a href=\"https:\/\/www.nettavisen.no\/sport\/iversen-klokkeklar-om-ol-sjefen-nekter-a-svare\/s\/5-95-2806593\" rel=\"Follow nofollow noopener\" target=\"_blank\">Iversen klokkeklar om OL \u2013 ledelsen nekter \u00e5 svare<\/a><\/p>\n<p> \u2013 Jeg er s\u00e5 drittlei hele den plassen her, sier han til <a href=\"https:\/\/www.nrk.no\/sport\/granerud-sto-innelast-i-en-heis-i-en-halvtime-da-arrangoren-rotet-vekk-skoene-hans-i-innsbruck-1.17713362\" rel=\"nofollow noopener\" target=\"_blank\">NRK<\/a> , og forteller at han ble fastl\u00e5st i en heis i en halvtime med hoppsko p\u00e5 etter at arrang\u00f8rene mistet de vanlige skoene hans.<\/p>\n<p>\u2013 Vi rakk s\u00e5 vidt \u00e5 r\u00f8re noe som helst p\u00e5 kroppen og gj\u00f8re oss klare etter at vi var blant de f\u00f8rste som hoppa i pr\u00f8ven.<\/p>\n<p>Arrang\u00f8ren beklager<\/p>\n<p>Hoppukas pressesjef Ingo Jenssen forklarer at heisen hadde tekniske problemer.<\/p>\n<p>\u2013 Dessverre satt heisen fast med noen ut\u00f8vere. Granerud og Philipp Raimund var der. Jeg vet ikke hvorfor, men jeg s\u00e5 den sto stille i lang tid, sier han til NRK.<\/p>\n<p>\u2013 Vi m\u00e5 bare beklage. Vi \u00f8nsker ikke at det skal v\u00e6re s\u00e5nn.<\/p>\n<p><b>Les ogs\u00e5:<\/b> <a href=\"https:\/\/www.nettavisen.no\/sport\/simen-hegstad-kr-ger-med-tydelige-smerter-i-tour-de-ski-finalen\/s\/5-95-2806596\" rel=\"Follow nofollow noopener\" target=\"_blank\">Kjempenedtur: \u2013 Alt gikk galt i dag<\/a><\/p>\n<p>\u2013 S\u00e5 tydelig stryk<\/p>\n<p>Granerud vil imidlertid ikke bare skylde p\u00e5 omstendighetene, men er tydelig p\u00e5 at oppladningen p\u00e5virket rennet.<\/p>\n<p>\u2013 Det er i hovedsak at jeg er d\u00e5rlig og at jeg ikke klarer \u00e5 l\u00f8se bakken. Men i dag f\u00e5r arrang\u00f8rene s\u00e5 tydelig stryk som de kan f\u00e5 fra min side, fortsetter Granerud til NRK Radio.<\/p>\n<p>\u2013 Jeg lurer p\u00e5 om neste \u00e5r, om jeg ikke kjemper om \u00e5 vinne Hoppuka, at jeg benytter muligheten til \u00e5 ta fri n\u00e5r det er renn her. Det er ikke vits. Jeg f\u00e5r det ikke til.<\/p>\n<p><b>Les ogs\u00e5:<\/b> <a href=\"https:\/\/www.nettavisen.no\/sport\/vilma-nissinen-skapte-skandaleoverskrifter-med-somalia-spok\/s\/5-95-2805849\" rel=\"Follow nofollow noopener\" target=\"_blank\">Skapte skandale med Somalia-sp\u00f8k<\/a><\/p>\n<p>Ogs\u00e5 til Viaplay uttrykker 29-\u00e5ringen frustrasjon.<\/p>\n<p>\u2013 Jeg h\u00e5per de mister muligheten til \u00e5 arrangere renn her neste \u00e5r. Det er faen ikke mulig. Det er s\u00e5 j\u00e6vlig r\u00e6va, sier han til kanalen.<\/p>\n<p>\u2013 Jeg \u00f8nsker arrang\u00f8ren alt vondt, avslutter han.<\/p>\n<p>Sundal og Forfang til finale<\/p>\n<p>Johann Andr\u00e9 Forfang og Kristoffer Eriksen Sundal tok seg videre til finalerunden, der de endte p\u00e5 henholdsvis 11.- og 15.-plass. Til slutt var det japanske Ren Nikaido som vant rennet.<\/p>\n<p>Granerud, Robin Pedersen og Isak Andreas Langmo r\u00f8k ut i f\u00f8rste omgang.<\/p>\n<p>Marius Lindvik valgte l\u00f8rdag \u00e5 trekke seg fra Hoppuka etter at han ikke klarte \u00e5 ta seg videre fra kvalifiseringsrunden.<\/p>\n<p>Hoppuka avsluttes i Bischofshofen tirsdag.<\/p>\n<p>(\u00a9NTB)<\/p>\n","protected":false},"excerpt":{"rendered":"Kristoffer Eriksen Sundal og Johann Andr\u00e9 Forfang er de eneste norske som tok seg videre til finale i&hellip;\n","protected":false},"author":2,"featured_media":128637,"comment_status":"","ping_status":"","sticky":false,"template":"","format":"standard","meta":{"footnotes":""},"categories":[59],"tags":[30,28,29,83,82],"class_list":{"0":"post-128636","1":"post","2":"type-post","3":"status-publish","4":"format-standard","5":"has-post-thumbnail","7":"category-sport","8":"tag-no","9":"tag-norge","10":"tag-norway","11":"tag-sport","12":"tag-sports"},"share_on_mastodon":{"url":"https:\/\/pubeurope.com\/@no\/115837658900021341","error":""},"_links":{"self":[{"href":"https:\/\/www.europesays.com\/no\/wp-json\/wp\/v2\/posts\/128636","targetHints":{"allow":["GET"]}}],"collection":[{"href":"https:\/\/www.europesays.com\/no\/wp-json\/wp\/v2\/posts"}],"about":[{"href":"https:\/\/www.europesays.com\/no\/wp-json\/wp\/v2\/types\/post"}],"author":[{"embeddable":true,"href":"https:\/\/www.europesays.com\/no\/wp-json\/wp\/v2\/users\/2"}],"replies":[{"embeddable":true,"href":"https:\/\/www.europesays.com\/no\/wp-json\/wp\/v2\/comments?post=128636"}],"version-history":[{"count":0,"href":"https:\/\/www.europesays.com\/no\/wp-json\/wp\/v2\/posts\/128636\/revisions"}],"wp:featuredmedia":[{"embeddable":true,"href":"https:\/\/www.europesays.com\/no\/wp-json\/wp\/v2\/media\/128637"}],"wp:attachment":[{"href":"https:\/\/www.europesays.com\/no\/wp-json\/wp\/v2\/media?parent=128636"}],"wp:term":[{"taxonomy":"category","embeddable":true,"href":"https:\/\/www.europesays.com\/no\/wp-json\/wp\/v2\/categories?post=128636"},{"taxonomy":"post_tag","embeddable":true,"href":"https:\/\/www.europesays.com\/no\/wp-json\/wp\/v2\/tags?post=128636"}],"curies":[{"name":"wp","href":"https:\/\/api.w.org\/{rel}","templated":true}]}}