{"id":128638,"date":"2026-01-04T16:02:44","date_gmt":"2026-01-04T16:02:44","guid":{"rendered":"https:\/\/www.europesays.com\/no\/128638\/"},"modified":"2026-01-04T16:02:44","modified_gmt":"2026-01-04T16:02:44","slug":"vita-og-wanda-mashadi-bytter-management-etter-seks-ar-2","status":"publish","type":"post","link":"https:\/\/www.europesays.com\/no\/128638\/","title":{"rendered":"Vita og Wanda Mashadi bytter management etter seks \u00e5r"},"content":{"rendered":"<p class=\"kicker \" style=\"\">Vita og Wanda Mashadi:<\/p>\n<p>  Tvillinginfluenserne bytter management.<\/p>\n<p>\n    ENDRING: Vita og Wanda Mashadi g\u00e5r over til et nytt management i 2026. Foto: Andreas Fadum\/Se og H\u00f8r\n  <\/p>\n<p id=\"text\" class=\"svelte-1bgec1z\">I samarbeid med<\/p>\n<p>     <img decoding=\"async\" src=\"https:\/\/www.europesays.com\/no\/wp-content\/uploads\/2025\/12\/fishermansFriend.png\" alt=\"kommersiell logo\" class=\"svelte-1bgec1z\"\/>          <\/p>\n<p>Influenserne Vita og Wanda Mashadi (33) bryter med managementet Plan B etter seks \u00e5r. N\u00e5 skal de g\u00e5 over til byr\u00e5et Max Social.\u00a0<\/p>\n<p>Det r\u00f8per de i et innlegg delt p\u00e5 Instagram. Her skriver de:<\/p>\n<p>    <a itemprop=\"url\" href=\"https:\/\/www.seher.no\/kjendis\/gjenforent-deler-gladnyhet\/84049368\" rel=\"nofollow noopener\" target=\"_blank\"><\/p>\n<p>        <img loading=\"lazy\" decoding=\"async\" src=\"https:\/\/www.europesays.com\/no\/wp-content\/uploads\/2026\/01\/1767542562_189_84049440.webp.webp\" width=\"147\" height=\"100\" title=\"Gjenforent: Deler gladnyhet\" alt=\"\" class=\"lazyload\" style=\"--aspect-ratio-image: 1.47; \"\/><\/p>\n<p>        Gjenforent: Deler gladnyhet<\/p>\n<p>    <\/a><\/p>\n<p>\u00abTusen takk kj\u00e6re Plan-B for at dere hadde troen p\u00e5 oss fra dag en, da jeg kom inn i m\u00f8te med dere, uviten om hva et management var. Eneste jeg visste var at @wandamashadi og meg trengte hjelp til \u00e5 svare p\u00e5 alle pressehenvendelser, men dere s\u00e5 noe i oss og satset p\u00e5 oss fra f\u00f8rste sekund.\u00bb<\/p>\n<p>        <img loading=\"lazy\" decoding=\"async\" src=\"https:\/\/www.europesays.com\/no\/wp-content\/uploads\/2026\/01\/84049986.webp.webp\" width=\"667\" height=\"1001\" title=\"Foto: Skjermbilde fra Instagram\/@vitamashadi\" alt=\"\" class=\"\" style=\"--aspect-ratio-image: 0.67; \"\/><\/p>\n<p>\n        Foto: Skjermbilde fra Instagram\/@vitamashadi\n    <\/p>\n<p> Tvillings\u00f8strene understreker hvor takknemlige de er for samarbeidet, og at de vil fortsette \u00e5 heie p\u00e5 Plan B i fremtiden, men:<\/p>\n<p>\u00abN\u00e5 skiller vi lag etter 6 fantastiske \u00e5r hos @planbundeholding og g\u00e5r over til de dyktige damene p\u00e5 @maxsocial.no! NYTT \u00c5R, NYE MULIGHETER! Dette blir spennende!\u00bb<\/p>\n<p>        \u00abHELT PERFEKT\u00bb: Influenser Alexandra Joner tar oss med bak i kulissene og kommer med en avsl\u00f8ring fra settet. Video: R\u00f8d L\u00f8per<\/p>\n<p class=\"italic m-italic\" data-lab-italic=\"italic\">Vita og Wanda Mashadi har hittil ikke besvart Se og H\u00f8rs henvendelse i saken.\u00a0<\/p>\n","protected":false},"excerpt":{"rendered":"Vita og Wanda Mashadi: Tvillinginfluenserne bytter management. ENDRING: Vita og Wanda Mashadi g\u00e5r over til et nytt management&hellip;\n","protected":false},"author":2,"featured_media":128639,"comment_status":"","ping_status":"","sticky":false,"template":"","format":"standard","meta":{"footnotes":""},"categories":[12],"tags":[20,21,14924,24,25,15,479,2543,22,23,14923,13,30,28,29,14,16,14925,26,27,42,5762,5763,43,44,45],"class_list":{"0":"post-128638","1":"post","2":"type-post","3":"status-publish","4":"format-standard","5":"has-post-thumbnail","7":"category-verden","8":"tag-breaking-news","9":"tag-breakingnews","10":"tag-bryter","11":"tag-featured-news","12":"tag-featurednews","13":"tag-headlines","14":"tag-kjendis","15":"tag-kjendisdesken","16":"tag-latest-news","17":"tag-latestnews","18":"tag-max-social","19":"tag-news","20":"tag-no","21":"tag-norge","22":"tag-norway","23":"tag-nyheter","24":"tag-overskrifter","25":"tag-plan-b","26":"tag-top-stories","27":"tag-topstories","28":"tag-verden","29":"tag-vita-mashadi","30":"tag-wanda-mashadi","31":"tag-world","32":"tag-world-news","33":"tag-worldnews"},"share_on_mastodon":{"url":"https:\/\/pubeurope.com\/@no\/115837674758025228","error":""},"_links":{"self":[{"href":"https:\/\/www.europesays.com\/no\/wp-json\/wp\/v2\/posts\/128638","targetHints":{"allow":["GET"]}}],"collection":[{"href":"https:\/\/www.europesays.com\/no\/wp-json\/wp\/v2\/posts"}],"about":[{"href":"https:\/\/www.europesays.com\/no\/wp-json\/wp\/v2\/types\/post"}],"author":[{"embeddable":true,"href":"https:\/\/www.europesays.com\/no\/wp-json\/wp\/v2\/users\/2"}],"replies":[{"embeddable":true,"href":"https:\/\/www.europesays.com\/no\/wp-json\/wp\/v2\/comments?post=128638"}],"version-history":[{"count":0,"href":"https:\/\/www.europesays.com\/no\/wp-json\/wp\/v2\/posts\/128638\/revisions"}],"wp:featuredmedia":[{"embeddable":true,"href":"https:\/\/www.europesays.com\/no\/wp-json\/wp\/v2\/media\/128639"}],"wp:attachment":[{"href":"https:\/\/www.europesays.com\/no\/wp-json\/wp\/v2\/media?parent=128638"}],"wp:term":[{"taxonomy":"category","embeddable":true,"href":"https:\/\/www.europesays.com\/no\/wp-json\/wp\/v2\/categories?post=128638"},{"taxonomy":"post_tag","embeddable":true,"href":"https:\/\/www.europesays.com\/no\/wp-json\/wp\/v2\/tags?post=128638"}],"curies":[{"name":"wp","href":"https:\/\/api.w.org\/{rel}","templated":true}]}}