{"id":128651,"date":"2026-01-04T16:17:07","date_gmt":"2026-01-04T16:17:07","guid":{"rendered":"https:\/\/www.europesays.com\/no\/128651\/"},"modified":"2026-01-04T16:17:07","modified_gmt":"2026-01-04T16:17:07","slug":"hendelser-porsgrunn-trafikkulykke-i-porsgrunn","status":"publish","type":"post","link":"https:\/\/www.europesays.com\/no\/128651\/","title":{"rendered":"Hendelser, Porsgrunn | Trafikkulykke i Porsgrunn:"},"content":{"rendered":"\n<p><b>SISTE:<\/b> Politiet melder at f\u00f8reren av bilen fremst\u00e5r som alvorlig skadet. Da vedkommende ble kj\u00f8rt fra stedet var han v\u00e5ken og bevisst. Skadegraden er utover dette ikke kjent. Mannen kj\u00f8res Ullev\u00e5l sykehus i Oslo. Bilen st\u00e5r i en skr\u00e5ning og har kollidert med et tre. Samtlige n\u00f8detater er p\u00e5 stedet.<\/p>\n<p>Klokken 16.07, s\u00f8ndag ettermiddag, fikk n\u00f8detatene melding om en trafikkulykke p\u00e5 Heistad i Porsgrunn. <\/p>\n<p>Operasjonsleder Vegar Dale M\u00f8ane hos S\u00f8r-\u00d8st politidistrikt opplyser at det er en bil som har kj\u00f8rt inn i et tre p\u00e5 stedet. En person er involvert. <\/p>\n<p>Hendelsesforl\u00f8pet bak ulykken er s\u00e5 langt ikke kjent.<\/p>\n<p>Artikkelen oppdateres. <\/p>\n","protected":false},"excerpt":{"rendered":"SISTE: Politiet melder at f\u00f8reren av bilen fremst\u00e5r som alvorlig skadet. Da vedkommende ble kj\u00f8rt fra stedet var&hellip;\n","protected":false},"author":2,"featured_media":1273,"comment_status":"","ping_status":"","sticky":false,"template":"","format":"standard","meta":{"footnotes":""},"categories":[10],"tags":[36,20,21,24,25,15,168,22,23,13,30,28,29,14,16,1370,1510,26,27,1100],"class_list":{"0":"post-128651","1":"post","2":"type-post","3":"status-publish","4":"format-standard","5":"has-post-thumbnail","7":"category-norge","8":"tag-art","9":"tag-breaking-news","10":"tag-breakingnews","11":"tag-featured-news","12":"tag-featurednews","13":"tag-headlines","14":"tag-hendelser","15":"tag-latest-news","16":"tag-latestnews","17":"tag-news","18":"tag-no","19":"tag-norge","20":"tag-norway","21":"tag-nyheter","22":"tag-overskrifter","23":"tag-porsgrunn","24":"tag-story","25":"tag-top-stories","26":"tag-topstories","27":"tag-trafikkulykker"},"share_on_mastodon":{"url":"https:\/\/pubeurope.com\/@no\/115837733632745499","error":""},"_links":{"self":[{"href":"https:\/\/www.europesays.com\/no\/wp-json\/wp\/v2\/posts\/128651","targetHints":{"allow":["GET"]}}],"collection":[{"href":"https:\/\/www.europesays.com\/no\/wp-json\/wp\/v2\/posts"}],"about":[{"href":"https:\/\/www.europesays.com\/no\/wp-json\/wp\/v2\/types\/post"}],"author":[{"embeddable":true,"href":"https:\/\/www.europesays.com\/no\/wp-json\/wp\/v2\/users\/2"}],"replies":[{"embeddable":true,"href":"https:\/\/www.europesays.com\/no\/wp-json\/wp\/v2\/comments?post=128651"}],"version-history":[{"count":0,"href":"https:\/\/www.europesays.com\/no\/wp-json\/wp\/v2\/posts\/128651\/revisions"}],"wp:featuredmedia":[{"embeddable":true,"href":"https:\/\/www.europesays.com\/no\/wp-json\/wp\/v2\/media\/1273"}],"wp:attachment":[{"href":"https:\/\/www.europesays.com\/no\/wp-json\/wp\/v2\/media?parent=128651"}],"wp:term":[{"taxonomy":"category","embeddable":true,"href":"https:\/\/www.europesays.com\/no\/wp-json\/wp\/v2\/categories?post=128651"},{"taxonomy":"post_tag","embeddable":true,"href":"https:\/\/www.europesays.com\/no\/wp-json\/wp\/v2\/tags?post=128651"}],"curies":[{"name":"wp","href":"https:\/\/api.w.org\/{rel}","templated":true}]}}