{"id":128654,"date":"2026-01-04T16:19:18","date_gmt":"2026-01-04T16:19:18","guid":{"rendered":"https:\/\/www.europesays.com\/no\/128654\/"},"modified":"2026-01-04T16:19:18","modified_gmt":"2026-01-04T16:19:18","slug":"fotball-magne-hoseth-ferdig-i-molde","status":"publish","type":"post","link":"https:\/\/www.europesays.com\/no\/128654\/","title":{"rendered":"Fotball, Magne Hoseth | Ferdig i Molde?"},"content":{"rendered":"\n<p><a href=\"https:\/\/www.rbnett.no\/sport\/moldefk\/n\/GxGR24\/hoseth-hoeyaktuell-for-norsk-klubb\" rel=\"Follow nofollow noopener\" target=\"_blank\">If\u00f8lge Romsdals Budstikke skal Magne Hoseth v\u00e6re i avsluttende samtaler med Str\u00f8msgodset.<\/a><\/p>\n<p>RBnett melder at det bare er detaljer som gjenst\u00e5r f\u00f8r Hoseth signerer for Drammens-klubben som rykket ned fra eliteserien i \u00e5r.<\/p>\n<p>Mange klubber p\u00e5 kort tid<\/p>\n<p>Magne Hoseth har hatt noen \u00e5r med mange endringer p\u00e5 kort tid. Etter en eventyrlig suksess p\u00e5 F\u00e6r\u00f8yene, ble det et kort opphold i Danmark &#8211; og et nytt kort opphold p\u00e5 f\u00e6r\u00f8yene.<\/p>\n<p>  <a href=\"https:\/\/www.tk.no\/5-51-1467472\" class=\"related-teaser has-image default-story-teaser article--c-eRUmMG article--c-eRUmMG-jKCPdD-design-default\" rel=\"nofollow noopener\" target=\"_blank\"><\/p>\n<p>    <img decoding=\"async\" loading=\"lazy\"  src=\"https:\/\/www.europesays.com\/no\/wp-content\/uploads\/2026\/01\/magne.jpg\" alt=\"\" class=\"brick-c-cFOWSL\" style=\"\"\/><\/p>\n<p>\n            Les ogs\u00e5<\/p>\n<p>              Ingen vet hvor Hoseth hadde v\u00e6rt uten en kansellert flyavgang i januar 2022\n        <\/p>\n<p>  <\/a><\/p>\n<p>  <a href=\"https:\/\/www.tk.no\/5-51-1474533\" class=\"related-teaser has-image default-story-teaser article--c-eRUmMG article--c-eRUmMG-jKCPdD-design-default\" rel=\"nofollow noopener\" target=\"_blank\"><\/p>\n<p>    <img decoding=\"async\" loading=\"lazy\"  src=\"https:\/\/www.europesays.com\/no\/wp-content\/uploads\/2026\/01\/NTB_YD5dIpuEPIk+%281%29.jpg\" alt=\"\" class=\"brick-c-cFOWSL\" style=\"\"\/><\/p>\n<p>\n            Les ogs\u00e5<\/p>\n<p>              Magne Hoseth klar for Lyngby\n        <\/p>\n<p>  <\/a><\/p>\n<p>  <a href=\"https:\/\/www.tk.no\/5-51-1495555\" class=\"related-teaser has-image default-story-teaser article--c-eRUmMG article--c-eRUmMG-jKCPdD-design-default\" rel=\"nofollow noopener\" target=\"_blank\"><\/p>\n<p>    <img decoding=\"async\" loading=\"lazy\"  src=\"https:\/\/www.europesays.com\/no\/wp-content\/uploads\/2026\/01\/NTB_YD5dIpuEPIk.jpg\" alt=\"\" class=\"brick-c-cFOWSL\" style=\"\"\/><\/p>\n<p>\n            Les ogs\u00e5<\/p>\n<p>              Genierkl\u00e6rt p\u00e5 F\u00e6r\u00f8yene, fikk sparken i Danmark etter 50 dager\n        <\/p>\n<p>  <\/a><\/p>\n<p>  <a href=\"https:\/\/www.tk.no\/5-51-1659343\" class=\"related-teaser has-image default-story-teaser article--c-eRUmMG article--c-eRUmMG-jKCPdD-design-default\" rel=\"nofollow noopener\" target=\"_blank\"><\/p>\n<p>    <img decoding=\"async\" loading=\"lazy\"  src=\"https:\/\/www.europesays.com\/no\/wp-content\/uploads\/2026\/01\/NTB_YD5dIpuEPIk.jpg\" alt=\"\" class=\"brick-c-cFOWSL\" style=\"\"\/><\/p>\n<p>\n            Les ogs\u00e5<\/p>\n<p>              Sparket og latterliggjort: \u2013 Jeg er ikke en svak leder, jeg er bare veldig annerledes\n        <\/p>\n<p>  <\/a><\/p>\n<p>  <a href=\"https:\/\/www.tk.no\/5-51-1541097\" class=\"related-teaser has-image default-story-teaser article--c-eRUmMG article--c-eRUmMG-jKCPdD-design-default\" rel=\"nofollow noopener\" target=\"_blank\"><\/p>\n<p>    <img decoding=\"async\" loading=\"lazy\"  src=\"https:\/\/www.europesays.com\/no\/wp-content\/uploads\/2026\/01\/NTB_YD5dIpuEPIk.jpg\" alt=\"\" class=\"brick-c-cFOWSL\" style=\"\"\/><\/p>\n<p>\n            Les ogs\u00e5<\/p>\n<p>              Hoseth tilbake til F\u00e6r\u00f8yene\n        <\/p>\n<p>  <\/a><\/p>\n<p><b>S\u00e5 gikk turen til KBK, hvor Hoseth markerte seg det knappe halve \u00e5ret han bekledde rollen som assistenttrener.<\/b><\/p>\n<p>\u2013 S\u00e6rlig de siste dagene har det v\u00e6rt en stor p\u00e5gang, men det er her jeg vil v\u00e6re. For meg spiller det mindre rolle om jeg er hovedtrener eller hjelpetrener. Det viktigste er \u00e5 v\u00e6re en del av en klubb hvor du ser et potensial og hvor jeg kan utvikle meg som trener. Det ligger alt til rette for her, sa Hoset da han ble presentert som en del av trenerteamet.<\/p>\n<p>  <a href=\"https:\/\/www.tk.no\/5-51-1632709\" class=\"related-teaser has-image default-story-teaser article--c-eRUmMG article--c-eRUmMG-jKCPdD-design-default\" rel=\"nofollow noopener\" target=\"_blank\"><\/p>\n<p>    <img decoding=\"async\" loading=\"lazy\"  src=\"https:\/\/www.europesays.com\/no\/wp-content\/uploads\/2026\/01\/DSC_2121.JPG\" alt=\"\" class=\"brick-c-cFOWSL\" style=\"\"\/><\/p>\n<p>\n            Les ogs\u00e5<\/p>\n<p>              Tok selv kontakt da KBK m\u00e5tte ut p\u00e5 trenerjakt\n        <\/p>\n<p>  <\/a><\/p>\n<p>  <a href=\"https:\/\/www.tk.no\/5-51-1649939\" class=\"related-teaser has-image default-story-teaser article--c-eRUmMG article--c-eRUmMG-jKCPdD-design-default\" rel=\"nofollow noopener\" target=\"_blank\"><\/p>\n<p>    <img decoding=\"async\" loading=\"lazy\"  src=\"https:\/\/www.europesays.com\/no\/wp-content\/uploads\/2026\/01\/hoset1.jpg\" alt=\"\" class=\"brick-c-cFOWSL\" style=\"\"\/><\/p>\n<p>\n            Les ogs\u00e5<\/p>\n<p>              Vil ikke at KBK-gutta skal ha de samme unotene som han selv hadde som spiller\n        <\/p>\n<p>  <\/a><\/p>\n<p>  <a href=\"https:\/\/www.tk.no\/5-51-1684583\" class=\"related-teaser has-image default-story-teaser article--c-eRUmMG article--c-eRUmMG-jKCPdD-design-default\" rel=\"nofollow noopener\" target=\"_blank\"><\/p>\n<p>    <img decoding=\"async\" loading=\"lazy\"  src=\"https:\/\/www.europesays.com\/no\/wp-content\/uploads\/2026\/01\/NTB_R2CTvh4U9Dw.jpg\" alt=\"\" class=\"brick-c-cFOWSL\" style=\"\"\/><\/p>\n<p>\n            Les ogs\u00e5<\/p>\n<p>              Molde-treneren kastet bensin p\u00e5 b\u00e5let: \u2013 En ekstra motivasjon\n        <\/p>\n<p>  <\/a><\/p>\n<p>  <a href=\"https:\/\/www.tk.no\/5-51-1688498\" class=\"related-teaser has-image default-story-teaser article--c-eRUmMG article--c-eRUmMG-jKCPdD-design-default\" rel=\"nofollow noopener\" target=\"_blank\"><\/p>\n<p>    <img decoding=\"async\" loading=\"lazy\"  src=\"https:\/\/www.europesays.com\/no\/wp-content\/uploads\/2026\/01\/cueres_scp-mangler_navn_Nm31jMHvhhw.jpg\" alt=\"\" class=\"brick-c-cFOWSL\" style=\"\"\/><\/p>\n<p>\n            Les ogs\u00e5<\/p>\n<p>              Hoseth med stikk til Molde-supporter etter KBK-seieren: \u2013 Jeg m\u00e5 hilse til ham\n        <\/p>\n<p>  <\/a><\/p>\n<p>Etter et halvt \u00e5r i M\u00f8rkebl\u00e5tt, gikk turen tilbake til klubben som har spilt en stor rolle for Hoseth som spiller. Der ble han assistenttrener under Per-Mathias H\u00f8gmo<\/p>\n<p>  <a href=\"https:\/\/www.tk.no\/5-51-1700760\" class=\"related-teaser has-image default-story-teaser article--c-eRUmMG article--c-eRUmMG-jKCPdD-design-default\" rel=\"nofollow noopener\" target=\"_blank\"><\/p>\n<p>    <img decoding=\"async\" loading=\"lazy\"  src=\"https:\/\/www.europesays.com\/no\/wp-content\/uploads\/2026\/01\/cueres_scp-mangler_navn_vcBIlXHbB98.jpg\" alt=\"\" class=\"brick-c-cFOWSL\" style=\"\"\/><\/p>\n<p>\n            Les ogs\u00e5<\/p>\n<p>              Hoseth g\u00e5r til Molde\n        <\/p>\n<p>  <\/a><br \/>\n  Satset p\u00e5 Tjelmeland<\/p>\n<p>Hoseth takket for seg da han gikk fra KBK til erkerivalen.<\/p>\n<p>\u2013 Jeg har hatt en veldig fin tid i KBK, og vil alltid v\u00e6re takknemlig for mulighetene jeg fikk i klubben. Dessverre ble det siste oppholdet litt kort, men slik er det i fotballen av og til, sa <a href=\"https:\/\/www.kristiansundbk.no\/nyheter\/hoset-drar-fra-kbk\" rel=\"Follow nofollow noopener\" target=\"_blank\">Magne Hoset p\u00e5 KBKs hjemmesider da han forlot Kristiansund.<\/a><\/p>\n<p>Da resultatene uteble, begynte Molde-supportere \u00e5 kreve at Hoseth tok over jobben som hovedtrener.<\/p>\n<p>  <a href=\"https:\/\/www.tk.no\/5-51-1708984\" class=\"related-teaser has-image default-story-teaser article--c-eRUmMG article--c-eRUmMG-jKCPdD-design-default\" rel=\"nofollow noopener\" target=\"_blank\"><\/p>\n<p>    <img decoding=\"async\" loading=\"lazy\"  src=\"https:\/\/www.europesays.com\/no\/wp-content\/uploads\/2026\/01\/Gjlp5Mhfo_4.jpg\" alt=\"\" class=\"brick-c-cFOWSL\" style=\"\"\/><\/p>\n<p>\n            Les ogs\u00e5<\/p>\n<p>              Supportere raser etter nytt Molde-tap: \u2013 Hoseth kan vel ta over dette\n        <\/p>\n<p>  <\/a><\/p>\n<p>Da H\u00f8gmo fikk sparken fikk Hoseth jobben p\u00e5 midlertidig basis &#8211; men da Molde FK skulle ansette ny hovedtrener valgte de \u00e5 satse p\u00e5 en trener utenfra.<\/p>\n<p>\u2013 Jeg vil bare at Molde skal lykkes. Om det er med eller uten meg som hovedtrener, er revnende likegyldig, sa Hoseth til <a href=\"https:\/\/www.rbnett.no\/\" rel=\"Follow nofollow noopener\" target=\"_blank\">Romsdals Budstikke<\/a> om situasjonen han sto i da klubben gjorde det klart at de skulle ha en trener utenfra.<\/p>\n<p>Sindre Tjelmeland ble ansatt som hovedtrener i Romsdals-klubben. Han tok med seg sin egen assistenttrener.<\/p>\n<p>N\u00e5 mener Romsdals Budstikke \u00e5 vite at Hoseth er i avsluttende samtaler med Str\u00f8msgodset.<\/p>\n<p>  <a href=\"https:\/\/www.tk.no\/5-51-1745221\" class=\"related-teaser has-image default-story-teaser article--c-eRUmMG article--c-eRUmMG-jKCPdD-design-default\" rel=\"nofollow noopener\" target=\"_blank\"><\/p>\n<p>    <img decoding=\"async\" loading=\"lazy\"  src=\"https:\/\/www.europesays.com\/no\/wp-content\/uploads\/2026\/01\/cueres_scp-mangler_navn_dmr4OxnUF-Q.jpg\" alt=\"\" class=\"brick-c-cFOWSL\" style=\"\"\/><\/p>\n<p>\n            Les ogs\u00e5<\/p>\n<p>              Hoseth: \u2013 Er revnende likegyldig\n        <\/p>\n<p>  <\/a><\/p>\n<p>  <a href=\"https:\/\/www.tk.no\/5-51-1790039\" class=\"related-teaser has-image default-story-teaser article--c-eRUmMG article--c-eRUmMG-jKCPdD-design-default\" rel=\"nofollow noopener\" target=\"_blank\"><\/p>\n<p>    <img decoding=\"async\" loading=\"lazy\"  src=\"https:\/\/www.europesays.com\/no\/wp-content\/uploads\/2026\/01\/erbi_tingh_moldefk_sindretjelmeland-11.jpg\" alt=\"\" class=\"brick-c-cFOWSL\" style=\"\"\/><\/p>\n<p>\n            Les ogs\u00e5<\/p>\n<p>              Tjelmeland blir ny Molde-trener\n        <\/p>\n<p>  <\/a><\/p>\n","protected":false},"excerpt":{"rendered":"If\u00f8lge Romsdals Budstikke skal Magne Hoseth v\u00e6re i avsluttende samtaler med Str\u00f8msgodset. RBnett melder at det bare er&hellip;\n","protected":false},"author":2,"featured_media":128655,"comment_status":"","ping_status":"","sticky":false,"template":"","format":"standard","meta":{"footnotes":""},"categories":[59],"tags":[36,92,6545,869,30,28,29,83,82,1510],"class_list":{"0":"post-128654","1":"post","2":"type-post","3":"status-publish","4":"format-standard","5":"has-post-thumbnail","7":"category-sport","8":"tag-art","9":"tag-fotball","10":"tag-magne-hoseth","11":"tag-molde-fk","12":"tag-no","13":"tag-norge","14":"tag-norway","15":"tag-sport","16":"tag-sports","17":"tag-story"},"share_on_mastodon":{"url":"https:\/\/pubeurope.com\/@no\/115837741579427053","error":""},"_links":{"self":[{"href":"https:\/\/www.europesays.com\/no\/wp-json\/wp\/v2\/posts\/128654","targetHints":{"allow":["GET"]}}],"collection":[{"href":"https:\/\/www.europesays.com\/no\/wp-json\/wp\/v2\/posts"}],"about":[{"href":"https:\/\/www.europesays.com\/no\/wp-json\/wp\/v2\/types\/post"}],"author":[{"embeddable":true,"href":"https:\/\/www.europesays.com\/no\/wp-json\/wp\/v2\/users\/2"}],"replies":[{"embeddable":true,"href":"https:\/\/www.europesays.com\/no\/wp-json\/wp\/v2\/comments?post=128654"}],"version-history":[{"count":0,"href":"https:\/\/www.europesays.com\/no\/wp-json\/wp\/v2\/posts\/128654\/revisions"}],"wp:featuredmedia":[{"embeddable":true,"href":"https:\/\/www.europesays.com\/no\/wp-json\/wp\/v2\/media\/128655"}],"wp:attachment":[{"href":"https:\/\/www.europesays.com\/no\/wp-json\/wp\/v2\/media?parent=128654"}],"wp:term":[{"taxonomy":"category","embeddable":true,"href":"https:\/\/www.europesays.com\/no\/wp-json\/wp\/v2\/categories?post=128654"},{"taxonomy":"post_tag","embeddable":true,"href":"https:\/\/www.europesays.com\/no\/wp-json\/wp\/v2\/tags?post=128654"}],"curies":[{"name":"wp","href":"https:\/\/api.w.org\/{rel}","templated":true}]}}