{"id":128662,"date":"2026-01-04T16:31:18","date_gmt":"2026-01-04T16:31:18","guid":{"rendered":"https:\/\/www.europesays.com\/no\/128662\/"},"modified":"2026-01-04T16:31:18","modified_gmt":"2026-01-04T16:31:18","slug":"krevende-kjoreforhold-venter-mye-trafikk","status":"publish","type":"post","link":"https:\/\/www.europesays.com\/no\/128662\/","title":{"rendered":"Krevende kj\u00f8reforhold: Venter mye trafikk"},"content":{"rendered":"<p>Statens vegvesen sp\u00e5r mye trafikk p\u00e5 alle de store innfarts\u00e5rene mot Oslo n\u00e5r flere avslutter juleferien s\u00f8ndag ettermiddag.<\/p>\n<p>Fra 16-17-tiden til rundt klokken 20 s\u00f8ndag kveld ventes det st\u00f8rste trykket p\u00e5 veiene inn mot Oslo, sier trafikkoperat\u00f8r Arvid Wahlstr\u00f8m ved Vegtrafikksentralen \u00d8st til\u00a0<a href=\"https:\/\/www.nrk.no\/stor-oslo\/i-dag-skal-_alle_-hjem_-_-vaer-forberedt-pa-koer-1.17712659\" target=\"_blank\" rel=\"nofollow noopener\">NRK<\/a>.<\/p>\n<p>De venter mye trafikk mot Oslo b\u00e5de p\u00e5 E6 ved Minnesund og Jessheim, E18 fra Drammen og E16 fra H\u00f8nefoss-omr\u00e5det.\u00a0<\/p>\n<p>I tillegg venter de mye trafikk p\u00e5 riksvei 25 fra Trysil mot Elverum og Kolomoen.<\/p>\n<p>Noen steder er det krevende \u00e5 ferdes langs veiene.<\/p>\n<p>\u2013 Vinteren har kommet<\/p>\n<p>P\u00e5 Enebakk rykket politiet ut til en ulykke hvor en bil som har \u00f8velseskj\u00f8rt har truffet et tre.\u00a0<\/p>\n<p>\u2013 Bilen har sklidd ut i en sving og deretter truffet et tre, skriver operasjonsleder\u00a0Martin S\u00e6ther Ottesen i \u00d8st politidistrikt.\u00a0<\/p>\n<p>Han forteller at det er mye sn\u00f8 i veien og \u00abveldig glatt\u00bb.\u00a0<\/p>\n<p>\u2013 Bilen fikk sleng og havnet derfor ut av veibanen og inn i et tre, opplyser Ottesen.\u00a0<\/p>\n<p>        <img class=\"image__img lazyload\" itemprop=\"image\" title=\"Foto: Statens vegvesen\" alt=\" Foto: Statens vegvesen\" width=\"978\" height=\"551\" bad-src=\"https:\/\/www.europesays.com\/no\/wp-content\/uploads\/2026\/01\/18431644.webp.jpeg\" fetchpriority=\"auto\" \/><\/p>\n<p>         Foto: Statens vegvesen<\/p>\n<p>Jeanette Andresen, trafikkoperat\u00f8r i Statens vegvesen, bekrefter at det har v\u00e6rt noen trafikkuhell p\u00e5 \u00d8stlandet s\u00f8ndag formiddag.<\/p>\n<p>\u2013 Det er typisk vinterf\u00f8re og minusgrader n\u00e5, s\u00e5 det kan v\u00e6re glatt. Man har all grunn til \u00e5 kj\u00f8re ekstra forsiktig.<\/p>\n<p>\u2013 N\u00e5 har vinteren kommet, for \u00e5 si det s\u00e5nn, sier hun.<\/p>\n<p>I Kongsvinger fikk politiet klokken 06.50 melding om et trafikkuhell der en bil skal ha kj\u00f8rt rett fram i en rundkj\u00f8ring.\u00a0<\/p>\n<p>\u2013 Det var glatt p\u00e5 stedet, og bilen endte ut av kurs. Ingen personer ble skadet, skriver Svein Helgetun, operasjonsleder i \u00d8st politidistrikt,\u00a0<\/p>\n<p>P\u00e5 Vestre Toten havnet en bil p\u00e5 siden etter \u00e5 ha kj\u00f8rt av veien. To personer var i bilen, og begge to kom uskadet fra hendelsen.<\/p>\n<p>Mistet lappen<\/p>\n<p>En politipatrulje stanset s\u00f8ndag formiddag en personbil langs E18 i Kristiansand.\u00a0<\/p>\n<p>F\u00f8reren, en kvinne i 60-\u00e5rene, hadde ikke skrapet is p\u00e5 mer enn halve frontruten, melder operasjonsleder Tom Einar Gausdal i Agder politidistrikt.\u00a0<\/p>\n<p>        <img class=\"image__img lazyload\" itemprop=\"image\" title=\"Foto: Politiet\" alt=\"D\u00c5RLIG SIKT: Denne frontruten var for d\u00e5rlig skrapet, mente politipatruljen Foto: Politiet\" width=\"978\" height=\"551\" bad-src=\"https:\/\/www.europesays.com\/no\/wp-content\/uploads\/2026\/01\/18431026.webp.jpeg\" fetchpriority=\"auto\" \/><\/p>\n<p>      D\u00c5RLIG SIKT: Denne frontruten var for d\u00e5rlig skrapet, mente politipatruljen<br \/>\n         Foto: Politiet<\/p>\n<p>\u2013 Vurdert til \u00e5 v\u00e6re s\u00e5 uforsvarlig at sak opprettes og jourhavende jurist har besluttet beslag av f\u00f8rerkortet, opplyser han videre.\u00a0<\/p>\n<p>Flere kontroller\u00a0<\/p>\n<p>Flere steder i landet har politiet v\u00e6rt ute med promille- og ruskontroller s\u00f8ndag:<\/p>\n<ul>\n<li>Oslo, Nordstrand: Ruskontroll i Ekebergveien p\u00e5 Nordseter. 64 kontrollerte kj\u00f8ret\u00f8y, ingen reaksjoner. <\/li>\n<li>Arendal, Molandsveien: Ruskontroll ved YX Longum. 56 kontrollerte, ingen reaksjoner. <\/li>\n<li>Eigersund, S\u00f8rlandsveien: Politiet omtaler det som en \u00abgod kontroll\u00bb, uten utslag p\u00e5 rus.<\/li>\n<\/ul>\n<p>Ogs\u00e5 i Selbu m\u00e5tte en bilf\u00f8rer i slutten av ten\u00e5rene belage seg p\u00e5 reaksjon \u2013 ikke for rus, men for \u00e5 ha kj\u00f8rt med for m\u00f8rke, sotede ruter. Det endte med et forenklet forelegg.<\/p>\n","protected":false},"excerpt":{"rendered":"Statens vegvesen sp\u00e5r mye trafikk p\u00e5 alle de store innfarts\u00e5rene mot Oslo n\u00e5r flere avslutter juleferien s\u00f8ndag ettermiddag.&hellip;\n","protected":false},"author":2,"featured_media":128663,"comment_status":"","ping_status":"","sticky":false,"template":"","format":"standard","meta":{"footnotes":""},"categories":[10],"tags":[20,21,24,25,15,22,23,13,30,28,29,14,16,26,27],"class_list":{"0":"post-128662","1":"post","2":"type-post","3":"status-publish","4":"format-standard","5":"has-post-thumbnail","7":"category-norge","8":"tag-breaking-news","9":"tag-breakingnews","10":"tag-featured-news","11":"tag-featurednews","12":"tag-headlines","13":"tag-latest-news","14":"tag-latestnews","15":"tag-news","16":"tag-no","17":"tag-norge","18":"tag-norway","19":"tag-nyheter","20":"tag-overskrifter","21":"tag-top-stories","22":"tag-topstories"},"share_on_mastodon":{"url":"https:\/\/pubeurope.com\/@no\/115837788797586073","error":""},"_links":{"self":[{"href":"https:\/\/www.europesays.com\/no\/wp-json\/wp\/v2\/posts\/128662","targetHints":{"allow":["GET"]}}],"collection":[{"href":"https:\/\/www.europesays.com\/no\/wp-json\/wp\/v2\/posts"}],"about":[{"href":"https:\/\/www.europesays.com\/no\/wp-json\/wp\/v2\/types\/post"}],"author":[{"embeddable":true,"href":"https:\/\/www.europesays.com\/no\/wp-json\/wp\/v2\/users\/2"}],"replies":[{"embeddable":true,"href":"https:\/\/www.europesays.com\/no\/wp-json\/wp\/v2\/comments?post=128662"}],"version-history":[{"count":0,"href":"https:\/\/www.europesays.com\/no\/wp-json\/wp\/v2\/posts\/128662\/revisions"}],"wp:featuredmedia":[{"embeddable":true,"href":"https:\/\/www.europesays.com\/no\/wp-json\/wp\/v2\/media\/128663"}],"wp:attachment":[{"href":"https:\/\/www.europesays.com\/no\/wp-json\/wp\/v2\/media?parent=128662"}],"wp:term":[{"taxonomy":"category","embeddable":true,"href":"https:\/\/www.europesays.com\/no\/wp-json\/wp\/v2\/categories?post=128662"},{"taxonomy":"post_tag","embeddable":true,"href":"https:\/\/www.europesays.com\/no\/wp-json\/wp\/v2\/tags?post=128662"}],"curies":[{"name":"wp","href":"https:\/\/api.w.org\/{rel}","templated":true}]}}