{"id":128672,"date":"2026-01-04T16:45:29","date_gmt":"2026-01-04T16:45:29","guid":{"rendered":"https:\/\/www.europesays.com\/no\/128672\/"},"modified":"2026-01-04T16:45:29","modified_gmt":"2026-01-04T16:45:29","slug":"krim-trafikk-ny-biljakt-i-natt-stoppet-med-spikermatte","status":"publish","type":"post","link":"https:\/\/www.europesays.com\/no\/128672\/","title":{"rendered":"Krim, Trafikk | Ny biljakt i natt \u2013 stoppet med spikermatte"},"content":{"rendered":"\n<p>Klokken 04:05 stanset politiet en bil som f\u00f8rst nektet \u00e5 stanse for kontroll. Bilen ble stanset ved hjelp av spikermatte.<\/p>\n<p>\u2013 En mann i 50-\u00e5rene blir anmeldt for \u00e5 ha kj\u00f8rt i beruset tilstand og nektet \u00e5 stanse for politiet, opplyser operasjonsleder Svein Helgetun.<\/p>\n<p>I arresten<\/p>\n<p>Mannen, som er hjemmeh\u00f8rende i S\u00f8r-Tr\u00f8ndelag, sitter n\u00e5 i arresten. Politiet var ute og lette etter bilen da den f\u00f8rst ble fors\u00f8kt stoppet i Selbu. Men bilf\u00f8reren nektet \u00e5 stoppe, og dermed ble det lagt ut  ved Elvran i Stj\u00f8rdal.<\/p>\n<p>Selve p\u00e5gripelsen gikk greit for seg, uten noen s\u00e6rlig form for dramatikk. Saken vil n\u00e5 bli etterforsket av politiet.<\/p>\n<p>Brann i barnehage<\/p>\n<p>Klokken 04.22 fikk politiet melding om brann i en nedlagt barnehage p\u00e5 Viggja i Skaun. Ved 06-tiden p\u00e5g\u00e5r det fortsatt slokningsarbeid p\u00e5 stedet. Bygget er totalskadet.<\/p>\n<p>En ten\u00e5ring i Selbu fikk ved 01-tiden et forelegg for \u00e5 ha kj\u00f8rt med sotede vinduer.<\/p>\n<p>\u2013 Ingen stor festhelg<\/p>\n<p>S\u00e5 har politiet f\u00e5tt meldinger om et p\u00e5kj\u00f8rt r\u00e5dyr p\u00e5 Frosta, et p\u00e5kj\u00f8rt reinsdyr i Steinkjer, og en p\u00e5kj\u00f8rt elg i Malvik. Ellers har det v\u00e6rt en rolig natt i Tr\u00f8ndelag.<\/p>\n<p>\u2013 Det har v\u00e6rt en kald og rolig natt. Folk har kanskje festet fra seg i jula og nytt\u00e5rshelga, for det er tydelig at dette ikke har v\u00e6rt noen stor festhelg, sier Helgetun.<\/p>\n<p>Ned mot 20 minus<\/p>\n<p>Sprengkulda fortsetter p\u00e5 Innherred. S\u00f8ndag er det ventet temperaturer ned mot 20 minusgrader, og vindkast fra nord\u00f8st p\u00e5 opp mot 6 meter i sekundet.<\/p>\n<p>Yrs tekstvarsel for Tr\u00f8ndelag s\u00f8ndag er som f\u00f8lger: \u00d8stlig bris, frisk bris utsatte steder. Skyet eller delvis skyet, oppholdsv\u00e6r.<\/p>\n<p>Stenger E6-tunneler i Steinkjer<\/p>\n<p>Vegtrafikksentralen har ingen nye trafikkmeldinger for Innherred &#8211; med unntak av at M\u00e5s\u00f8rtunnelen og Eggetunnelen p\u00e5 E6 gjennom Steinkjer blir stengt kommende natt.<\/p>\n<p>P\u00e5 T-A.no<\/p>\n<p>P\u00e5 Tr\u00f8nder-Avisas nettsider kan du lese om et d\u00f8dsfall som kan f\u00e5 etterspill.<\/p>\n<p>Bare dager etter at mannen i 50-\u00e5rene ble funnet d\u00f8d, varslet Steinkjer interkommunale legevakt Statens helsetilsyn om en \u00abalvorlig hendelse\u00bb.<\/p>\n<p>  <a href=\"https:\/\/www.t-a.no\/5-116-2273813\" class=\"related-teaser has-image default-story-teaser article--c-eRUmMG article--c-eRUmMG-jKCPdD-design-default\" rel=\"nofollow noopener\" target=\"_blank\"><\/p>\n<p>    <img decoding=\"async\" loading=\"lazy\"  src=\"https:\/\/www.europesays.com\/no\/wp-content\/uploads\/2026\/01\/IMG_4462+%281%29.jpg\" alt=\"\" class=\"brick-c-cFOWSL\" style=\"\"\/><\/p>\n<p>\n            Les ogs\u00e5<\/p>\n<p>              Fors\u00f8kte \u00e5 f\u00e5 hjelp \u2013 s\u00e5 ble han funnet d\u00f8d\n        <\/p>\n<p>  <\/a><\/p>\n<p>Ketil Lindseth bedyrer: Han kommer ikke til hjembyen for \u00e5 ta steget over i lokalpolitikken.<\/p>\n<p>  <a href=\"https:\/\/www.t-a.no\/5-116-2281612\" class=\"related-teaser has-image default-story-teaser article--c-eRUmMG article--c-eRUmMG-jKCPdD-design-default\" rel=\"nofollow noopener\" target=\"_blank\"><\/p>\n<p>    <img decoding=\"async\" loading=\"lazy\"  src=\"https:\/\/www.europesays.com\/no\/wp-content\/uploads\/2026\/01\/SB_Lindseth_7.jpg\" alt=\"\" class=\"brick-c-cFOWSL\" style=\"\"\/><\/p>\n<p>\n            Les ogs\u00e5<\/p>\n<p>              First House-toppen flytter hjem til Steinkjer\n        <\/p>\n<p>  <\/a><\/p>\n","protected":false},"excerpt":{"rendered":"Klokken 04:05 stanset politiet en bil som f\u00f8rst nektet \u00e5 stanse for kontroll. Bilen ble stanset ved hjelp&hellip;\n","protected":false},"author":2,"featured_media":3842,"comment_status":"","ping_status":"","sticky":false,"template":"","format":"standard","meta":{"footnotes":""},"categories":[10],"tags":[36,20,21,24,25,15,983,22,23,13,30,28,29,14,16,782,756,1510,26,27,224],"class_list":{"0":"post-128672","1":"post","2":"type-post","3":"status-publish","4":"format-standard","5":"has-post-thumbnail","7":"category-norge","8":"tag-art","9":"tag-breaking-news","10":"tag-breakingnews","11":"tag-featured-news","12":"tag-featurednews","13":"tag-headlines","14":"tag-krim","15":"tag-latest-news","16":"tag-latestnews","17":"tag-news","18":"tag-no","19":"tag-norge","20":"tag-norway","21":"tag-nyheter","22":"tag-overskrifter","23":"tag-politiloggen","24":"tag-stjordal","25":"tag-story","26":"tag-top-stories","27":"tag-topstories","28":"tag-trafikk"},"share_on_mastodon":{"url":"https:\/\/pubeurope.com\/@no\/115837843944118921","error":""},"_links":{"self":[{"href":"https:\/\/www.europesays.com\/no\/wp-json\/wp\/v2\/posts\/128672","targetHints":{"allow":["GET"]}}],"collection":[{"href":"https:\/\/www.europesays.com\/no\/wp-json\/wp\/v2\/posts"}],"about":[{"href":"https:\/\/www.europesays.com\/no\/wp-json\/wp\/v2\/types\/post"}],"author":[{"embeddable":true,"href":"https:\/\/www.europesays.com\/no\/wp-json\/wp\/v2\/users\/2"}],"replies":[{"embeddable":true,"href":"https:\/\/www.europesays.com\/no\/wp-json\/wp\/v2\/comments?post=128672"}],"version-history":[{"count":0,"href":"https:\/\/www.europesays.com\/no\/wp-json\/wp\/v2\/posts\/128672\/revisions"}],"wp:featuredmedia":[{"embeddable":true,"href":"https:\/\/www.europesays.com\/no\/wp-json\/wp\/v2\/media\/3842"}],"wp:attachment":[{"href":"https:\/\/www.europesays.com\/no\/wp-json\/wp\/v2\/media?parent=128672"}],"wp:term":[{"taxonomy":"category","embeddable":true,"href":"https:\/\/www.europesays.com\/no\/wp-json\/wp\/v2\/categories?post=128672"},{"taxonomy":"post_tag","embeddable":true,"href":"https:\/\/www.europesays.com\/no\/wp-json\/wp\/v2\/tags?post=128672"}],"curies":[{"name":"wp","href":"https:\/\/api.w.org\/{rel}","templated":true}]}}