{"id":128691,"date":"2026-01-04T17:16:14","date_gmt":"2026-01-04T17:16:14","guid":{"rendered":"https:\/\/www.europesays.com\/no\/128691\/"},"modified":"2026-01-04T17:16:14","modified_gmt":"2026-01-04T17:16:14","slug":"sverre-anker-ousdal-er-dod-norge-har-mistet-en-kjempe-sier-statsminister-store","status":"publish","type":"post","link":"https:\/\/www.europesays.com\/no\/128691\/","title":{"rendered":"Sverre Anker Ousdal er d\u00f8d. \u2013 Norge har mistet en kjempe, sier statsminister St\u00f8re."},"content":{"rendered":"<p class=\"extendedContent hyperion-css-eyn926\" data-test-tag=\"lead-text\">Skuespilleren Sverre Anker Ousdal er d\u00f8d. Han ble 81 \u00e5r gammel.<\/p>\n<p><img decoding=\"async\" class=\"image-asset hyperion-css-k8errc\" data-test-tag=\"image-asset\" src=\"https:\/\/www.europesays.com\/no\/wp-content\/uploads\/2026\/01\/0d95f49c-1225-46f5-9a4a-b9d2f1c31ead.jpeg\"  alt=\"Skuespiller Sverre Anker Ousdal er d\u00f8d, 81 \u00e5r gammel. Her er han under utdeling av Wenche Foss\u2019 \u00e6respris i 2024.\"  loading=\"eager\" fetchpriority=\"high\" style=\"aspect-ratio:2048 \/ 1365\"\/>Skuespiller Sverre Anker Ousdal er d\u00f8d, 81 \u00e5r gammel. Her er han under utdeling av Wenche Foss\u2019 \u00e6respris i 2024. Foto: Terje Bendiksby \/ NTB<\/p>\n<p>Publisert: 04.01.2026 14:24 |\u00a0Oppdatert: 04.01.2026 16:16<\/p>\n<p class=\"hyperion-css-1j42uic\">\u2013 Pappa betydde alt for oss og for mange. Et anker er borte. Vi er takknemlige for all omtanke, sier Mads Ousdal til <a aria-label=\"VG\" class=\"default hyperion-css-1raymq9\" href=\"https:\/\/www.vg.no\/rampelys\/i\/GxGLn4\/sverre-anker-ousdal-er-doed\" target=\"_blank\" rel=\"noopener nofollow noreferrer\" data-test-tag=\"external-link\">VG<\/a> p\u00e5 vegne av familien.<\/p>\n<p class=\"hyperion-css-1j42uic\">Med Ousdal mister Norge sin kanskje st\u00f8rste skuespiller gjennom tidene, sier teatersjef ved Nationaltheatret, Kristian Seltun.<\/p>\n<p>\u2013 Norge har mistet en kjempe<\/p>\n<p class=\"hyperion-css-1j42uic\">\u2013 Med Sverre Anker Ousdals bortgang, har Norge mistet en kjempe innen b\u00e5de, film, TV og teater, sier statsminister Jonas Gahr St\u00f8re (Ap) til NTB.<\/p>\n<p class=\"hyperion-css-1j42uic\">\u2013 Fra Ousdal debuterte p\u00e5 Den Nationale Scene i Bergen i 1965, har han satt dype spor etter seg gjennom en lang og innholdsrik karriere ved Nationaltheatret og filmroller i blant annet Orions Belte, Kristin Lavransdatter og Hamsun. Det gjorde dypt inntrykk \u00e5 se ham i krevende roller ogs\u00e5 da han var preget av sykdom, sier St\u00f8re.<\/p>\n<p class=\"hyperion-css-1j42uic\">\u2013 Han var en enormt stor skuespiller i alt han gjorde \u2013 fullendt. Han var moderne for sin tid, men sto samtidig i en lang tradisjon. Han var en som alltid har v\u00e6rt der, for mange generasjoner. Sverre Anker Ousdal var en \u00absirkushest\u00bb, og en som alltid hadde humor p\u00e5 bakrommet, minnes Seltun.<\/p>\n<p class=\"hyperion-css-1j42uic\">Se bilder fra Sverre Anker Ousdals liv og karriere:<\/p>\n<p>I 1985 spilte Sverre Anker Ousdal (t.v.) en av hovedrollene i spillefilmen Orions belte, som ble en kjempesuksess. Her fra innspillingen p\u00e5 Svalbard sammen med Helge Jordal og Hans Ola S\u00f8rlie.<\/p>\n<p>1 av 8Foto: Morten Uglum \/ Aftenposten<\/p>\n<p>Planla teaterstykke til v\u00e5ren<\/p>\n<p class=\"hyperion-css-1j42uic\">Sverre Anker Ousdal vokste opp i Flekkefjord, hvor han blant annet spilte gitar i et band. <\/p>\n<p class=\"hyperion-css-1j42uic\">Han kom inn p\u00e5 Statens teaterskole som uerfaren 17-\u00e5ring, og gikk der fra 1961\u20131965. Hans karriere startet ved Den Nationale Scene i Bergen i 1965. Da var han 21 \u00e5r.<\/p>\n<p><img decoding=\"async\" class=\"image-asset hyperion-css-15jcdx2\" data-test-tag=\"image-asset\" src=\"https:\/\/www.europesays.com\/no\/wp-content\/uploads\/2026\/01\/2cfbb60e-5d1a-4625-9a98-370fc1cd00b7.jpeg\"  alt=\"Fem av de tolv nye elevene ved Statens teaterskole h\u00f8sten 1962. Fra v. Per Johan Jansen, Kari Onstad, Rannov Nilsen, Sverre Anker Ousdal og Tone Berit S\u00f8rgaard.\"  loading=\"eager\" fetchpriority=\"high\" style=\"aspect-ratio:2048 \/ 1763\"\/>Fem av de tolv nye elevene ved Statens teaterskole h\u00f8sten 1962. Fra v. Per Johan Jansen, Kari Onstad, Rannov Nilsen, Sverre Anker Ousdal og Tone Berit S\u00f8rgaard. Foto: Johs. Stage \/ Aftenposten<\/p>\n<p class=\"hyperion-css-1j42uic\">Sverre Anker Ousdal kom til Nationaltheatret i 1970. Her ble han til han pensjonerte seg i 2014. <\/p>\n<p class=\"hyperion-css-1j42uic\">Han planla \u00e5 gj\u00f8re comeback p\u00e5 Nationaltheatret denne v\u00e5ren, hvor han skulle spille en aldrende far i Arne Lygres nyskrevne stykke \u00abGi meg h\u00e5nden\u00bb. Stykket er oppsatt med <a aria-label=\"premiere 26. mars\" class=\"default hyperion-css-1raymq9\" href=\"https:\/\/www.nationaltheatret.no\/forestillinger\/gi-meg-handen\" target=\"_blank\" rel=\"noopener nofollow noreferrer\" data-test-tag=\"external-link\">premiere 26. mars<\/a>. Det er forel\u00f8pig ikke kjent hva som skjer med oppsetningen.<\/p>\n<p>60 \u00e5r med teater, film og TV<\/p>\n<p class=\"hyperion-css-1j42uic\">Ousdal spilte alt fra polarhelten Roald Amundsen til landssvikeren Vidkun Quisling. Hans karriere omfattet en lang rekke teaterstykker, med b\u00e5de Ibsen og Shakespeare. Han medvirket ogs\u00e5 i en rekke filmer og TV-serier, deriblant \u00abOrions Belte\u00bb og \u00abFleksnes\u00bb.<\/p>\n<p class=\"hyperion-css-1j42uic\">Sverre Anker Ousdal gjorde seg ogs\u00e5 sterkt bemerket med store roller i musikkteater, blant annet i Tolvskillingsoperaen, Den glade enke og The Sound of Music.<\/p>\n<p class=\"hyperion-css-1j42uic\">Han gjorde seg ogs\u00e5 popul\u00e6r blant mange barn i TV-programmet \u00abKlabb og Babb\u00bb sammen med \u00d8ivind Blunck i 1970-\u00e5rene. Han hadde ogs\u00e5 fortellerstemmen i den britiske animasjonsserien \u00abPostman Pat\u00bb i 1980-\u00e5rene.<\/p>\n<p>Prisbel\u00f8nt<\/p>\n<p class=\"hyperion-css-1j42uic\">Han vant en rekke priser for sitt skuespillervirke, deriblant flere Amandapriser, Teaterkritikerprisen, Per Aabels \u00e6respris og Wenche Foss&#8217; \u00e6respris. Sistnevnte mottok han sammen med s\u00f8nnen i 2024.<\/p>\n<p class=\"hyperion-css-1j42uic\">Han ble i 1997 utnevnt til Ridder 1. klasse av St. Olavs Orden for innsatsen innen norsk scenekunst.<\/p>\n<p class=\"hyperion-css-1j42uic\">Ousdal pensjonerte seg fra teateret i 2014, men gjorde flere forestillinger etter dette, blant annet \u00abJordb\u00e6rstedet\u00bb p\u00e5 Nationaltheatret i 2023 og 2024. NRKs anmelder skrev at \u00abOusdals solide prestasjon er nesten verdt billetten alene\u00bb.<\/p>\n<p class=\"hyperion-css-1j42uic\">Ousdal var \u00e5pen om at han nesten var blind etter en operasjon i 2008.<\/p>\n<p class=\"hyperion-css-1j42uic\">Han var samboer med skuespillerkollega Kjersti Holmen som gikk bort i 2021 etter flere \u00e5r med alzheimer-sykdom.<\/p>\n","protected":false},"excerpt":{"rendered":"Skuespilleren Sverre Anker Ousdal er d\u00f8d. Han ble 81 \u00e5r gammel. Skuespiller Sverre Anker Ousdal er d\u00f8d, 81&hellip;\n","protected":false},"author":2,"featured_media":128692,"comment_status":"","ping_status":"","sticky":false,"template":"","format":"standard","meta":{"footnotes":""},"categories":[5],"tags":[20,21,24,25,15,19,22,23,17,18,13,30,28,29,14,16,26,27],"class_list":{"0":"post-128691","1":"post","2":"type-post","3":"status-publish","4":"format-standard","5":"has-post-thumbnail","7":"category-overskrifter","8":"tag-breaking-news","9":"tag-breakingnews","10":"tag-featured-news","11":"tag-featurednews","12":"tag-headlines","13":"tag-hovedoppslag","14":"tag-latest-news","15":"tag-latestnews","16":"tag-main-news","17":"tag-mainnews","18":"tag-news","19":"tag-no","20":"tag-norge","21":"tag-norway","22":"tag-nyheter","23":"tag-overskrifter","24":"tag-top-stories","25":"tag-topstories"},"share_on_mastodon":{"url":"https:\/\/pubeurope.com\/@no\/115837965731823047","error":""},"_links":{"self":[{"href":"https:\/\/www.europesays.com\/no\/wp-json\/wp\/v2\/posts\/128691","targetHints":{"allow":["GET"]}}],"collection":[{"href":"https:\/\/www.europesays.com\/no\/wp-json\/wp\/v2\/posts"}],"about":[{"href":"https:\/\/www.europesays.com\/no\/wp-json\/wp\/v2\/types\/post"}],"author":[{"embeddable":true,"href":"https:\/\/www.europesays.com\/no\/wp-json\/wp\/v2\/users\/2"}],"replies":[{"embeddable":true,"href":"https:\/\/www.europesays.com\/no\/wp-json\/wp\/v2\/comments?post=128691"}],"version-history":[{"count":0,"href":"https:\/\/www.europesays.com\/no\/wp-json\/wp\/v2\/posts\/128691\/revisions"}],"wp:featuredmedia":[{"embeddable":true,"href":"https:\/\/www.europesays.com\/no\/wp-json\/wp\/v2\/media\/128692"}],"wp:attachment":[{"href":"https:\/\/www.europesays.com\/no\/wp-json\/wp\/v2\/media?parent=128691"}],"wp:term":[{"taxonomy":"category","embeddable":true,"href":"https:\/\/www.europesays.com\/no\/wp-json\/wp\/v2\/categories?post=128691"},{"taxonomy":"post_tag","embeddable":true,"href":"https:\/\/www.europesays.com\/no\/wp-json\/wp\/v2\/tags?post=128691"}],"curies":[{"name":"wp","href":"https:\/\/api.w.org\/{rel}","templated":true}]}}