{"id":128711,"date":"2026-01-04T18:00:09","date_gmt":"2026-01-04T18:00:09","guid":{"rendered":"https:\/\/www.europesays.com\/no\/128711\/"},"modified":"2026-01-04T18:00:09","modified_gmt":"2026-01-04T18:00:09","slug":"gronland-danmark-trump-med-ny-gronland-uttalelse","status":"publish","type":"post","link":"https:\/\/www.europesays.com\/no\/128711\/","title":{"rendered":"Gr\u00f8nland, Danmark | Trump med ny Gr\u00f8nland-uttalelse"},"content":{"rendered":"\n<p>L\u00f8rdag rystet USAs president Donald Trump verden da han angrep Venezuela, tok presidenten deres til fange og uttalte at USA skal styre landet inntil et nytt regime er p\u00e5 plass.<\/p>\n<p>I Danmark ble man s\u00e6rlig urolig etter angrepene. Trump har gjentatte ganger ytret et \u00f8nske om \u00e5 kontrollere Gr\u00f8nland, som i dag er en del av Danmark.<\/p>\n<p>I kj\u00f8lvannet av angrepet har presset mot Gr\u00f8nland intensivert.<\/p>\n<p>I et intervju med avisen <a href=\"https:\/\/www.theatlantic.com\/national-security\/2026\/01\/trump-venezuela-maduro-delcy-rodriguez\/685497\/?utm_campaign=the-atlantic&amp;utm_content=edit-promo&amp;utm_medium=social&amp;utm_source=facebook&amp;fbclid=IwY2xjawPHgrxleHRuA2FlbQIxMQBicmlkETBGWXBjM3Zha0lKVFlCcWtNc3J0YwZhcHBfaWQQMjIyMDM5MTc4ODIwMDg5MgABHqgnAn6DC3isUS9AQX7wsGZPu1zhhHptKRb0YjPkT5822aqCdrC9Vp0dED1U_aem__LA-2P16fitNAN2iBq_UHw\" rel=\"Follow nofollow noopener\" target=\"_blank\">The Atlantic<\/a> uttaler USAs president Donald Trump at Venezuela kanskje ikke er det siste landet som blir utsatt for amerikansk intervensjon.<\/p>\n<p>\u2013 Vi trenger Gr\u00f8nland, absolutt\u00bb, sa han, og beskrev \u00f8ya som \u00abomringet av russiske og kinesiske skip\u00bb.<\/p>\n<p>Sett 17 millioner ganger<\/p>\n<p>Professor Hilmar Mjelde ved H\u00f8gskulen p\u00e5 Vestlandet, uttalte til Nettavisen at danskene har all grunn til \u00e5 v\u00e6re urolig.<\/p>\n<p>\u2013 Alle land Trump har uttalt seg mot har grunn til \u00e5 v\u00e6re nerv\u00f8se. Trump liker sensasjonelle, uventede og spektakul\u00e6re milit\u00e6re operasjoner i utlandet. Han kan absolutt komme til \u00e5 invadere Gr\u00f8nland ogs\u00e5, men det er ingen tegn til at det er n\u00e6rt forest\u00e5ende, sier Mjelde.<\/p>\n<p><b>Les ogs\u00e5: <a class=\"simple-relation related-teaser article--c-eRUmMG article--c-eRUmMG-fZoQSp-design-nettavisen article--c-eRUmMG-gwthdJ-cv\" href=\"https:\/\/www.nettavisen.no\/trump-det-som-skjedde-maduro-kan-skje-med-dem\/s\/5-95-2806131\" rel=\"nofollow noopener\" target=\"_blank\">Trump: \u2013 Det som skjedde Maduro kan skje med dem<\/a><\/b><\/p>\n<p>Den amerikanske podkastverten og tidligere Trump-medarbeideren Katie Miller gjorde lite for \u00e5 d\u00f8yve bekymringene til danskene.<\/p>\n<p>I et innlegg p\u00e5 <a rel=\"Follow nofollow\" href=\"https:\/\/x.com\/KatieMiller\/status\/2007541679293944266?s=20\">X <\/a>l\u00f8rdag la Miller ut et kart over Gr\u00f8nland dekket i det amerikanske flagget. Innlegget har f\u00e5tt mye oppmerksomhet og er sett nesten 17 millioner ganger.<\/p>\n<p>   <img decoding=\"async\" width=\"3504\" height=\"2336\" fetchpriority=\"low\"  loading=\"lazy\"  src=\"https:\/\/www.europesays.com\/no\/wp-content\/uploads\/2026\/01\/1767549609_189_cueres_scp-mangler_navn_5LxpC74A6Tc.jpg\" alt=\"Aide to Elon Musk Katie Miller attends a news conference with President Donald Trump and Elon Musk in the Oval Office of the White House, Friday, May 30, 2025, in Washington. (AP Photo\/Evan Vucci)\" class=\"brick-c-cFOWSL\" style=\"--brick-image-ratio: 3504 \/ 2336;\"\/><\/p>\n<p>      VIRALT: Tidligere Trump-medarbeider Katie Miller g\u00e5r viralt etter et innlegg p\u00e5 X.<br \/>\n      Foto: Evan Vucci (Ap \/ NTB)\n    <\/p>\n<p>Sammen med bildet st\u00e5r det \u00abSOON\u00bb, direkte oversatt til \u00absnart\u00bb p\u00e5 norsk.<\/p>\n<p>Danskene raser<\/p>\n<p>Innlegget satte sinnene i kok hos danskene.<\/p>\n<p>\u2013 Det b\u00f8r tas sv\u00e6rt alvorlig fra dansk side n\u00e5r Katie Miller, tidligere talsperson i Trump-administrasjonen, deler et bilde av Gr\u00f8nland farget med det amerikanske flagget, sier Rasmus Brun Pedersen, lektor i internasjonale studier ved Aarhus Universitet til NTB.<\/p>\n<p><b>Les ogs\u00e5: <a class=\"simple-relation related-teaser article--c-eRUmMG article--c-eRUmMG-fZoQSp-design-nettavisen article--c-eRUmMG-gwthdJ-cv\" href=\"https:\/\/www.nettavisen.no\/han-kan-absolutt-komme-til-a-invadere-gronland-ogsa\/s\/5-95-2805891\" rel=\"nofollow noopener\" target=\"_blank\">\u2013 Han kan absolutt komme til \u00e5 invadere Gr\u00f8nland ogs\u00e5<\/a><\/b><\/p>\n<p>Den danske Venstre-politikeren Christian Friis Bach, som leder utenrikskomiteen i Folketinget, mener innlegget er uakseptabelt.<\/p>\n<p>\u2013 Det finnes kun ett bilde av Gr\u00f8nland med et flagg, og det er det gr\u00f8nlandske flagget, sier han.<\/p>\n<p>N\u00e5 reagerer ogs\u00e5 Gr\u00f8nlands statsminister.<\/p>\n<p><b>Les ogs\u00e5: <a class=\"simple-relation related-teaser article--c-eRUmMG article--c-eRUmMG-fZoQSp-design-nettavisen article--c-eRUmMG-gwthdJ-cv\" href=\"https:\/\/www.nettavisen.no\/slar-atomvapen-alarm-han-kan-lures-pa-fa-minutter\/s\/5-95-2805159\" rel=\"nofollow noopener\" target=\"_blank\">Sl\u00e5r atomv\u00e5pen-alarm: \u2013 Han kan lures p\u00e5 f\u00e5 minutter<\/a><\/b><\/p>\n<p>P\u00e5 Facebook skriver Jens-Frederik Nielsen, leder for Gr\u00f8nlands regjering, at det ikke er noen grunn til verken \u00abpanikk eller usikkerhet\u00bb etter at bildet ble lagt ut p\u00e5 X.<\/p>\n<p>   <img decoding=\"async\" width=\"5000\" height=\"3335\" fetchpriority=\"low\"  loading=\"lazy\"  src=\"https:\/\/www.europesays.com\/no\/wp-content\/uploads\/2026\/01\/cueres_scp-mangler_navn_tZ3k3OvJ-Kg.jpg\" alt=\"Greenland's Head of Government Jens-Frederik Nielsen looks on before addressing Members of European Parliament (MEP) during a formal sitting at the European Parliament in Strasbourg, eastern France, on October 8, 2025. (Photo by FREDERICK FLORIN \/ AFP)\" class=\"brick-c-cFOWSL\" style=\"--brick-image-ratio: 5000 \/ 3335;\"\/><\/p>\n<p>      SVARER: Gr\u00f8nlands statsminister Jens-Frederik Nielsen, reagerer p\u00e5 bildet.<br \/>\n      Foto: Frederick Florin (Afp \/ NTB)\n    <\/p>\n<p>\u2013 Landet v\u00e5rt er ikke til salgs og fremtiden v\u00e5r bestemmes ikke av innlegg p\u00e5 sosiale medier, skriver han.<\/p>\n<p>\u2013 Men bildet er respektl\u00f8st. Forholdet mellom land og folk er basert p\u00e5 respekt og folkerett og ikke p\u00e5 symbolske markeringer som ignorerer v\u00e5r status og v\u00e5re rettigheter, skriver han videre.<\/p>\n","protected":false},"excerpt":{"rendered":"L\u00f8rdag rystet USAs president Donald Trump verden da han angrep Venezuela, tok presidenten deres til fange og uttalte&hellip;\n","protected":false},"author":2,"featured_media":128712,"comment_status":"","ping_status":"","sticky":false,"template":"","format":"standard","meta":{"footnotes":""},"categories":[12],"tags":[20,21,24,25,15,22,23,13,30,28,29,14,16,26,27,42,43,44,45],"class_list":{"0":"post-128711","1":"post","2":"type-post","3":"status-publish","4":"format-standard","5":"has-post-thumbnail","7":"category-verden","8":"tag-breaking-news","9":"tag-breakingnews","10":"tag-featured-news","11":"tag-featurednews","12":"tag-headlines","13":"tag-latest-news","14":"tag-latestnews","15":"tag-news","16":"tag-no","17":"tag-norge","18":"tag-norway","19":"tag-nyheter","20":"tag-overskrifter","21":"tag-top-stories","22":"tag-topstories","23":"tag-verden","24":"tag-world","25":"tag-world-news","26":"tag-worldnews"},"share_on_mastodon":{"url":"https:\/\/pubeurope.com\/@no\/115838138796859940","error":""},"_links":{"self":[{"href":"https:\/\/www.europesays.com\/no\/wp-json\/wp\/v2\/posts\/128711","targetHints":{"allow":["GET"]}}],"collection":[{"href":"https:\/\/www.europesays.com\/no\/wp-json\/wp\/v2\/posts"}],"about":[{"href":"https:\/\/www.europesays.com\/no\/wp-json\/wp\/v2\/types\/post"}],"author":[{"embeddable":true,"href":"https:\/\/www.europesays.com\/no\/wp-json\/wp\/v2\/users\/2"}],"replies":[{"embeddable":true,"href":"https:\/\/www.europesays.com\/no\/wp-json\/wp\/v2\/comments?post=128711"}],"version-history":[{"count":0,"href":"https:\/\/www.europesays.com\/no\/wp-json\/wp\/v2\/posts\/128711\/revisions"}],"wp:featuredmedia":[{"embeddable":true,"href":"https:\/\/www.europesays.com\/no\/wp-json\/wp\/v2\/media\/128712"}],"wp:attachment":[{"href":"https:\/\/www.europesays.com\/no\/wp-json\/wp\/v2\/media?parent=128711"}],"wp:term":[{"taxonomy":"category","embeddable":true,"href":"https:\/\/www.europesays.com\/no\/wp-json\/wp\/v2\/categories?post=128711"},{"taxonomy":"post_tag","embeddable":true,"href":"https:\/\/www.europesays.com\/no\/wp-json\/wp\/v2\/tags?post=128711"}],"curies":[{"name":"wp","href":"https:\/\/api.w.org\/{rel}","templated":true}]}}