{"id":128713,"date":"2026-01-04T18:01:07","date_gmt":"2026-01-04T18:01:07","guid":{"rendered":"https:\/\/www.europesays.com\/no\/128713\/"},"modified":"2026-01-04T18:01:07","modified_gmt":"2026-01-04T18:01:07","slug":"flesland-flyplass-flytrafikk-store-forsinkelser-pa-flesland","status":"publish","type":"post","link":"https:\/\/www.europesays.com\/no\/128713\/","title":{"rendered":"Flesland flyplass, Flytrafikk | Store forsinkelser p\u00e5 Flesland"},"content":{"rendered":"\n<p>Rundt halvparten av avgangene fra Flesland s\u00f8ndag kveld er forsinket.<\/p>\n<p>\u2013 Passasjerer skal m\u00f8te opp som normalt, s\u00e5 lenge de ikke har f\u00e5tt annen informasjon fra flyselskapet sitt, sierpressevakt Karita Storm R\u00f8saasen i Avinor til <a href=\"https:\/\/www.bt.no\/nyheter\/direkte\/i\/8mGLLd\/trafikken-direkte?pinnedEntry=328254\" rel=\"Follow nofollow noopener\" target=\"_blank\">BT<\/a>, som f\u00f8rst meldte om forsinkelsene.<\/p>\n<p>Over halvparten av ankomstene er forsinket tidlig p\u00e5 kvelden. P\u00e5 senkvelden er flyene forel\u00f8pig i rute.<\/p>\n<p>Like f\u00f8r klokken 1700 forteller Avinor til NRK at det er forsinkelser i flytrafikken i hele landet. P\u00e5 Oslo lufthavn er flere fly forsinket med over \u00e9n time, if\u00f8lge nettsidene til <a rel=\"noopener nofollow\" href=\"https:\/\/www.avinor.no\/flyplass\/oslo\/flytider\/#departure\" target=\"_blank\">Avinor.<\/a><\/p>\n<p>Forsinkelsene knytter seg til vinterdrift flere steder i Norge og Europa.<\/p>\n<p>\u2013 I all hovedsak dreier det seg om rotasjonsforsinkelser. Alts\u00e5 n\u00e5r fly som kommer forsinket inn, blir tilsvarende forsinket ut igjen, opplyser pressevakt Carita Storm R\u00f8saasen.<\/p>\n<p>Helikopterturer kansellert<\/p>\n<p>De fleste helikopterflyvninger mellom Bergen og Nordsj\u00f8en er kansellert s\u00f8ndag, viser Heliport.no sin oversikt. Unntaket er en sen flyvning til og fra Oseberg A.<\/p>\n<p>I resten av landet er det kun en flyvning fra Deepsea Stavanger til Sola lufthavn som er gjennomf\u00f8rt.<\/p>\n<p>Rolig p\u00e5 veiene<\/p>\n<p>Vegtrafikksentralen beskriver en behagelig hjemfartsdag med \u00e5pne fjelloverganger og uten spesielle utfordringer p\u00e5 vestlandsveiene.<\/p>\n<p>\u2013 Det er rolig n\u00e5 ogs\u00e5, sier trafikkoperat\u00f8r Stian Hodnekvam.<\/p>\n<p>Bilister m\u00e5 imidlertid v\u00e6re forberedt p\u00e5 at tunneler kan stenges i kortere perioder for fjerning av istapper.<\/p>\n","protected":false},"excerpt":{"rendered":"Rundt halvparten av avgangene fra Flesland s\u00f8ndag kveld er forsinket. \u2013 Passasjerer skal m\u00f8te opp som normalt, s\u00e5&hellip;\n","protected":false},"author":2,"featured_media":1615,"comment_status":"","ping_status":"","sticky":false,"template":"","format":"standard","meta":{"footnotes":""},"categories":[10],"tags":[36,20,21,24,25,13678,6693,15,22,23,13,30,28,29,14,16,1510,26,27],"class_list":{"0":"post-128713","1":"post","2":"type-post","3":"status-publish","4":"format-standard","5":"has-post-thumbnail","7":"category-norge","8":"tag-art","9":"tag-breaking-news","10":"tag-breakingnews","11":"tag-featured-news","12":"tag-featurednews","13":"tag-flesland-flyplass","14":"tag-flytrafikk","15":"tag-headlines","16":"tag-latest-news","17":"tag-latestnews","18":"tag-news","19":"tag-no","20":"tag-norge","21":"tag-norway","22":"tag-nyheter","23":"tag-overskrifter","24":"tag-story","25":"tag-top-stories","26":"tag-topstories"},"share_on_mastodon":{"url":"https:\/\/pubeurope.com\/@no\/115838142613432545","error":""},"_links":{"self":[{"href":"https:\/\/www.europesays.com\/no\/wp-json\/wp\/v2\/posts\/128713","targetHints":{"allow":["GET"]}}],"collection":[{"href":"https:\/\/www.europesays.com\/no\/wp-json\/wp\/v2\/posts"}],"about":[{"href":"https:\/\/www.europesays.com\/no\/wp-json\/wp\/v2\/types\/post"}],"author":[{"embeddable":true,"href":"https:\/\/www.europesays.com\/no\/wp-json\/wp\/v2\/users\/2"}],"replies":[{"embeddable":true,"href":"https:\/\/www.europesays.com\/no\/wp-json\/wp\/v2\/comments?post=128713"}],"version-history":[{"count":0,"href":"https:\/\/www.europesays.com\/no\/wp-json\/wp\/v2\/posts\/128713\/revisions"}],"wp:featuredmedia":[{"embeddable":true,"href":"https:\/\/www.europesays.com\/no\/wp-json\/wp\/v2\/media\/1615"}],"wp:attachment":[{"href":"https:\/\/www.europesays.com\/no\/wp-json\/wp\/v2\/media?parent=128713"}],"wp:term":[{"taxonomy":"category","embeddable":true,"href":"https:\/\/www.europesays.com\/no\/wp-json\/wp\/v2\/categories?post=128713"},{"taxonomy":"post_tag","embeddable":true,"href":"https:\/\/www.europesays.com\/no\/wp-json\/wp\/v2\/tags?post=128713"}],"curies":[{"name":"wp","href":"https:\/\/api.w.org\/{rel}","templated":true}]}}