{"id":128714,"date":"2026-01-04T18:02:07","date_gmt":"2026-01-04T18:02:07","guid":{"rendered":"https:\/\/www.europesays.com\/no\/128714\/"},"modified":"2026-01-04T18:02:07","modified_gmt":"2026-01-04T18:02:07","slug":"respektlost-siste-nytt-nrk","status":"publish","type":"post","link":"https:\/\/www.europesays.com\/no\/128714\/","title":{"rendered":"\u2013 Respektl\u00f8st \u2013 Siste nytt \u2013\u00a0NRK"},"content":{"rendered":"<p>S\u00f8ndag postet den amerikanske podkasteren og tidligere talsperson i Trumps administrasjon Katie Miller et bilde av et kart over Gr\u00f8nland dekorert med det amerikanske flagget.<\/p>\n<p>Miller er ogs\u00e5 gift med Trumps visestabssjef Stephen Miller.<\/p>\n<p>Posten er blitt mye delt og har skapt sterke reaksjoner i Danmark. I innlegget skriver ogs\u00e5 Miller \u00absnart\u00bb med store bokstaver.<\/p>\n<p>S\u00f8ndag ettermiddag skriver Gr\u00f8nlands leder Jens-Frederik Nielsen at det ikke er grunn til verken \u00abpanikk eller utrygghet\u00bb. Men han kaller bildet for respektl\u00f8st.<\/p>\n<p>\u2013 Det bildet som Katie Miller har delt, der Gr\u00f8nland fremstilles sv\u00f8pt i et amerikansk flagg, endrer ikke p\u00e5 noe som helst. V\u00e5rt land er ikke til salgs, og v\u00e5r fremtid avgj\u00f8res ikke av oppslag i sosiale medier. Men bildet er respektl\u00f8st, skriver han. (NTB\/NRK)<\/p>\n","protected":false},"excerpt":{"rendered":"S\u00f8ndag postet den amerikanske podkasteren og tidligere talsperson i Trumps administrasjon Katie Miller et bilde av et kart&hellip;\n","protected":false},"author":2,"featured_media":128347,"comment_status":"","ping_status":"","sticky":false,"template":"","format":"standard","meta":{"footnotes":""},"categories":[5],"tags":[20,21,24,25,15,19,22,23,17,18,13,30,28,29,14,16,26,27],"class_list":{"0":"post-128714","1":"post","2":"type-post","3":"status-publish","4":"format-standard","5":"has-post-thumbnail","7":"category-overskrifter","8":"tag-breaking-news","9":"tag-breakingnews","10":"tag-featured-news","11":"tag-featurednews","12":"tag-headlines","13":"tag-hovedoppslag","14":"tag-latest-news","15":"tag-latestnews","16":"tag-main-news","17":"tag-mainnews","18":"tag-news","19":"tag-no","20":"tag-norge","21":"tag-norway","22":"tag-nyheter","23":"tag-overskrifter","24":"tag-top-stories","25":"tag-topstories"},"share_on_mastodon":{"url":"https:\/\/pubeurope.com\/@no\/115838146618114678","error":""},"_links":{"self":[{"href":"https:\/\/www.europesays.com\/no\/wp-json\/wp\/v2\/posts\/128714","targetHints":{"allow":["GET"]}}],"collection":[{"href":"https:\/\/www.europesays.com\/no\/wp-json\/wp\/v2\/posts"}],"about":[{"href":"https:\/\/www.europesays.com\/no\/wp-json\/wp\/v2\/types\/post"}],"author":[{"embeddable":true,"href":"https:\/\/www.europesays.com\/no\/wp-json\/wp\/v2\/users\/2"}],"replies":[{"embeddable":true,"href":"https:\/\/www.europesays.com\/no\/wp-json\/wp\/v2\/comments?post=128714"}],"version-history":[{"count":0,"href":"https:\/\/www.europesays.com\/no\/wp-json\/wp\/v2\/posts\/128714\/revisions"}],"wp:featuredmedia":[{"embeddable":true,"href":"https:\/\/www.europesays.com\/no\/wp-json\/wp\/v2\/media\/128347"}],"wp:attachment":[{"href":"https:\/\/www.europesays.com\/no\/wp-json\/wp\/v2\/media?parent=128714"}],"wp:term":[{"taxonomy":"category","embeddable":true,"href":"https:\/\/www.europesays.com\/no\/wp-json\/wp\/v2\/categories?post=128714"},{"taxonomy":"post_tag","embeddable":true,"href":"https:\/\/www.europesays.com\/no\/wp-json\/wp\/v2\/tags?post=128714"}],"curies":[{"name":"wp","href":"https:\/\/api.w.org\/{rel}","templated":true}]}}