{"id":128715,"date":"2026-01-04T18:03:13","date_gmt":"2026-01-04T18:03:13","guid":{"rendered":"https:\/\/www.europesays.com\/no\/128715\/"},"modified":"2026-01-04T18:03:13","modified_gmt":"2026-01-04T18:03:13","slug":"sport-sk-brann-det-ma-vaere-det-rette-valget","status":"publish","type":"post","link":"https:\/\/www.europesays.com\/no\/128715\/","title":{"rendered":"Sport, SK Brann | \u2013 Det m\u00e5 v\u00e6re det rette valget"},"content":{"rendered":"\n<p>Dansken, som siden overgangen til Brann har v\u00e6rt en av klubbens viktigste, gjorde i fjor sin beste sesong i den r\u00f8de drakten.<\/p>\n<p>B\u00e5de i eliteserien og europeiske turneringer leverte indrel\u00f8peren varene gang p\u00e5 gang.<\/p>\n<p>Da er det naturlig at danskens navn st\u00f8tt og stadig blir dratt opp i overgangsvinduet som n\u00e5 har \u00e5pnet.<\/p>\n<p>Selv er han \u00e5pen for alt.<\/p>\n<p>\u2013 Om det kommer noe interessant m\u00e5 vi se p\u00e5 det, men jeg er Brann-spiller ut 2027, og det er der mitt fokus er.<\/p>\n<p>\u2013 S\u00e5 du er \u00e5pen for det om det skulle dukke opp noe? <\/p>\n<p>\u2013 Ja, men det skal selvf\u00f8lgelig v\u00e6re riktig. Det skal ikke v\u00e6re et skifte kun for \u00e5 v\u00e6re et skifte. Det m\u00e5 v\u00e6re det rette valget.<\/p>\n<p>\u2013 Det blir spennende<\/p>\n<p>Kornvig kom til Brann fra italienske Cittadella \u2013 et utenlandseventyr som kunne g\u00e5tt bedre for dansken. Det kan du lese mer om her:<\/p>\n<p>  <a href=\"https:\/\/www.ba.no\/5-8-3211833\" class=\"related-teaser has-image default-story-teaser article--c-eRUmMG article--c-eRUmMG-jKCPdD-design-default\" rel=\"nofollow noopener\" target=\"_blank\"><\/p>\n<p>    <img decoding=\"async\" loading=\"lazy\"  src=\"https:\/\/www.europesays.com\/no\/wp-content\/uploads\/2026\/01\/ABK_2586_1.jpg\" alt=\"\" class=\"brick-c-cFOWSL\" style=\"\"\/><\/p>\n<p>\n            Les ogs\u00e5<\/p>\n<p>              Han ville ikke v\u00e6rt foruten de vanskelige \u00e5rene Italia\n        <\/p>\n<p>  <\/a><\/p>\n<p>\u2013 Denne gangen m\u00e5 det v\u00e6re det riktige, og alle parter m\u00e5 v\u00e6re forn\u00f8yde, s\u00e5 f\u00e5r vi se hva som skjer. Det blir spennende, sier han til BA.<\/p>\n<p>At det er interesse rundt Brann-spillere er han ikke overrasket over.<\/p>\n<p>\u2013 N\u00e5r man spiller mye og gj\u00f8r det bra kommer det interesse. Det er ikke overraskende, men det er ogs\u00e5 langt fra at interesse til at det ligger et bud p\u00e5 bordet.<\/p>\n<p>\u2013 S\u00e5 dersom rett klubb kommer p\u00e5 banen er du \u00e5pen for det? <\/p>\n<p>\u2013 Ja, men jeg er ogs\u00e5 veldig forn\u00f8yd med \u00e5 v\u00e6re i Brann.<\/p>\n<p>\u2013 M\u00e5 v\u00e6re rett<\/p>\n<p>Ogs\u00e5 Eivind Helland har det v\u00e6rt interesse rundt lenge. Forrige sesong var blant annet Bayern Munchen og Manchester United p\u00e5 tribunen for \u00e5 se unggutten spille for Brann. Til tross for det, forteller han at han selv har hatt en rolig jul.<\/p>\n<p>\u2013 Det st\u00e5r veldig bra til. Jeg er frisk, fin og har f\u00e5tt trent mye i vinter, s\u00e5 jeg er klar for en ny sesong.<\/p>\n<p>   <img decoding=\"async\" width=\"1999\" height=\"1333\" fetchpriority=\"low\"  loading=\"lazy\"  src=\"https:\/\/www.europesays.com\/no\/wp-content\/uploads\/2026\/01\/DSC_8337.jpg\" alt=\"Eivind Helland er Branns st\u00f8rste salgsobjekt. Allerede i januar kan han v\u00e6re solgt. \" class=\"brick-c-cFOWSL\" style=\"--brick-image-ratio: 1999 \/ 1333;\"\/><\/p>\n<p>      Eivind Helland er Branns st\u00f8rste salgsobjekt. Allerede i januar kan han v\u00e6re solgt.<br \/>\n      Foto: ANDERS KJ\u00d8LEN\n    <\/p>\n<p>Overganger og den slags har det v\u00e6rt lite snakk om.<\/p>\n<p>\u2013 Jeg har ikke h\u00f8rt noe, egentlig. Har ikke snakket s\u00e5 mye med agentene mine heller. Jeg har bare pr\u00f8vd \u00e5 koble helt av.<\/p>\n<p>For han gjelder det samme som for Kornvig. Det m\u00e5 v\u00e6re rett f\u00f8r han velger \u00e5 ta turen et annet sted.<\/p>\n<p>\u2013 Jeg trives veldig godt i Brann, og det skal mye til for at jeg drar. S\u00e5 vi m\u00e5 bare se, og ta ting som det kommer. S\u00e5 m\u00e5 det selvf\u00f8lgelig v\u00e6re rett for Brann ogs\u00e5. At de er forn\u00f8yde er viktig for meg.<\/p>\n","protected":false},"excerpt":{"rendered":"Dansken, som siden overgangen til Brann har v\u00e6rt en av klubbens viktigste, gjorde i fjor sin beste sesong&hellip;\n","protected":false},"author":2,"featured_media":128716,"comment_status":"","ping_status":"","sticky":false,"template":"","format":"standard","meta":{"footnotes":""},"categories":[59],"tags":[36,7587,15017,30,28,29,418,83,82,1510],"class_list":{"0":"post-128715","1":"post","2":"type-post","3":"status-publish","4":"format-standard","5":"has-post-thumbnail","7":"category-sport","8":"tag-art","9":"tag-eivind-helland","10":"tag-emil-kornvig","11":"tag-no","12":"tag-norge","13":"tag-norway","14":"tag-sk-brann","15":"tag-sport","16":"tag-sports","17":"tag-story"},"share_on_mastodon":{"url":"https:\/\/pubeurope.com\/@no\/115838150400403156","error":""},"_links":{"self":[{"href":"https:\/\/www.europesays.com\/no\/wp-json\/wp\/v2\/posts\/128715","targetHints":{"allow":["GET"]}}],"collection":[{"href":"https:\/\/www.europesays.com\/no\/wp-json\/wp\/v2\/posts"}],"about":[{"href":"https:\/\/www.europesays.com\/no\/wp-json\/wp\/v2\/types\/post"}],"author":[{"embeddable":true,"href":"https:\/\/www.europesays.com\/no\/wp-json\/wp\/v2\/users\/2"}],"replies":[{"embeddable":true,"href":"https:\/\/www.europesays.com\/no\/wp-json\/wp\/v2\/comments?post=128715"}],"version-history":[{"count":0,"href":"https:\/\/www.europesays.com\/no\/wp-json\/wp\/v2\/posts\/128715\/revisions"}],"wp:featuredmedia":[{"embeddable":true,"href":"https:\/\/www.europesays.com\/no\/wp-json\/wp\/v2\/media\/128716"}],"wp:attachment":[{"href":"https:\/\/www.europesays.com\/no\/wp-json\/wp\/v2\/media?parent=128715"}],"wp:term":[{"taxonomy":"category","embeddable":true,"href":"https:\/\/www.europesays.com\/no\/wp-json\/wp\/v2\/categories?post=128715"},{"taxonomy":"post_tag","embeddable":true,"href":"https:\/\/www.europesays.com\/no\/wp-json\/wp\/v2\/tags?post=128715"}],"curies":[{"name":"wp","href":"https:\/\/api.w.org\/{rel}","templated":true}]}}