{"id":128717,"date":"2026-01-04T18:07:08","date_gmt":"2026-01-04T18:07:08","guid":{"rendered":"https:\/\/www.europesays.com\/no\/128717\/"},"modified":"2026-01-04T18:07:08","modified_gmt":"2026-01-04T18:07:08","slug":"store-deler-av-maduros-sikkerhetsteam-ble-drept-nrk-urix-utenriksnyheter-og-dokumentarer","status":"publish","type":"post","link":"https:\/\/www.europesays.com\/no\/128717\/","title":{"rendered":"\u2013 Store deler av Maduros sikkerhetsteam ble drept \u2013 NRK Urix \u2013 Utenriksnyheter og -dokumentarer"},"content":{"rendered":"<p>Det venezuelanske milit\u00e6ret anerkjenner visepresident Delcy Rodr\u00edguez som landets fungerende president, sier landets forsvarsminister.<\/p>\n<p>Natt til s\u00f8ndag norsk tid bestemte Venezuelas h\u00f8yesterett at Rodr\u00edguez blir fungerende president under Maduros frav\u00e6r.<\/p>\n<p>Domstolen erkl\u00e6rte ikke Maduro som permanent frav\u00e6rende fra embetet. Hadde den gjort det, m\u00e5tte det blitt avholdt valg i Venezuela innen 30 dager.<\/p>\n<p><strong>USAs president Donald Trump sa l\u00f8rdag at visepresident Delcy Rodr\u00edguez hadde blitt tatt i ed etter Maduros p\u00e5gripelse.<\/strong><\/p>\n<p>I et intervju med <a href=\"https:\/\/www.theatlantic.com\/national-security\/2026\/01\/trump-venezuela-maduro-delcy-rodriguez\/685497\/\" ec-id=\"https:\/\/www.theatlantic.com\/national-security\/2026\/01\/trump-venezuela-maduro-delcy-rodriguez\/685497\/\" ec-name=\"The Atlantic\" rel=\"nofollow noopener\" target=\"_blank\">The Atlantic<\/a> s\u00f8ndag kommer Trump med en klar advarsel til Rodr\u00edguez.<\/p>\n<p>\u2013 Venezuelas visepresident Delcy Rodr\u00edguez vil betale en h\u00f8yere pris enn Maduro om hun ikke gj\u00f8r det rette, sier Trump.<\/p>\n<p><img decoding=\"async\"   src=\"data:image\/gif;base64,R0lGODlhAQABAIAAAAAAAP\/\/\/yH5BAEAAAAALAAAAAABAAEAAAIBRAA7\" loading=\"eager\" alt=\"To personer st\u00e5r foran en mikrofon i et offisielt rom. Den f\u00f8rste personen holder en tale, mens den andre st\u00e5r ved siden av med armene litt ned. I bakgrunnen er det en m\u00f8rk bl\u00e5 gardin og et statlig emblem. \" title=\"Foto: Jonathan Ernst \/ Reuters \/ NTB\"\/><\/p>\n<p class=\"\">Donald Trump p\u00e5 en pressekonferanse l\u00f8rdag, der han kunngjorde at USA tar over styringen av Venezuela.<\/p>\n<p>Foto: Jonathan Ernst \/ Reuters \/ NTB<\/p>\n<p>L\u00f8rdag <a href=\"https:\/\/www.nrk.no\/urix\/donald-trump-holder-pressekonferanse-om-bombingen-av-venezuela-og-pagripelsen-av-maduro-1.17712861\" ec-id=\"pp:article:1.17712861\" ec-name=\"kunngjorde Trump at USA skal styre Venezuela\" rel=\"nofollow noopener\" target=\"_blank\">kunngjorde Trump at USA skal styre Venezuela<\/a> frem til de kan f\u00e5 til det han omtaler som \u00aben trygg, ordentlig og juridisk overgang\u00bb.<\/p>\n<p>\u2013 Vi blir aldri en koloni, responderte visepresident Rodr\u00edguez.<\/p>\n<p>Sikkerhetsvakter drept<\/p>\n<p>Forsvarsminister Vladimir Padrino L\u00f3pez bekrefter ogs\u00e5 s\u00f8ndag at flere av Nicol\u00e1s Maduros sikkerhetsvakter ble drept i USAs angrep mot Venezuela.<\/p>\n<p><strong>\u2013 Store deler av Maduros sikkerhetsteam ble drept, sier L\u00f3pez i en TV-sendt tale s\u00f8ndag, if\u00f8lge nyhetsbyr\u00e5et Reuters.<\/strong><\/p>\n<p><img decoding=\"async\"   src=\"data:image\/gif;base64,R0lGODlhAQABAIAAAAAAAP\/\/\/yH5BAEAAAAALAAAAAABAAEAAAIBRAA7\" loading=\"eager\" alt=\"\" title=\"Foto: FEDERICO PARRA \/ AFP \/ NTB\"\/><\/p>\n<p class=\"\">Venezuelas forsvarsminister Vladimir Padrino L\u00f3pez.<\/p>\n<p>Foto: FEDERICO PARRA \/ AFP \/ NTB<\/p>\n<p>L\u00f3pez oppgir ikke n\u00f8yaktig antall for drepte og s\u00e5rede.<\/p>\n<p>Venezuelanske myndigheter har frem til n\u00e5 v\u00e6rt tause om skadeomfanget i den amerikanske milit\u00e6roperasjonen, der president Nicol\u00e1s Maduro ble tatt til fange og f\u00f8rt til USA.<\/p>\n<p>L\u00f3pez ber ogs\u00e5 befolkningen i Venezuela om \u00e5 gjenoppta normale aktiviteter.<\/p>\n<p>USAs president Donald Trump sa l\u00f8rdag at ingen amerikanske soldater ble drept i aksjonen.<\/p>\n<p>Interessert i utenriks? H\u00f8r redaksjonens nyeste podkast-episode:<\/p>\n<p>Publisert<\/p>\n<p>04.01.2026, kl. 17.08<\/p>\n<p>Oppdatert<\/p>\n<p>04.01.2026, kl. 18.58<\/p>\n","protected":false},"excerpt":{"rendered":"Det venezuelanske milit\u00e6ret anerkjenner visepresident Delcy Rodr\u00edguez som landets fungerende president, sier landets forsvarsminister. Natt til s\u00f8ndag norsk&hellip;\n","protected":false},"author":2,"featured_media":128718,"comment_status":"","ping_status":"","sticky":false,"template":"","format":"standard","meta":{"footnotes":""},"categories":[12],"tags":[20,21,24,25,15,22,23,13,30,28,29,14,16,26,27,42,43,44,45],"class_list":{"0":"post-128717","1":"post","2":"type-post","3":"status-publish","4":"format-standard","5":"has-post-thumbnail","7":"category-verden","8":"tag-breaking-news","9":"tag-breakingnews","10":"tag-featured-news","11":"tag-featurednews","12":"tag-headlines","13":"tag-latest-news","14":"tag-latestnews","15":"tag-news","16":"tag-no","17":"tag-norge","18":"tag-norway","19":"tag-nyheter","20":"tag-overskrifter","21":"tag-top-stories","22":"tag-topstories","23":"tag-verden","24":"tag-world","25":"tag-world-news","26":"tag-worldnews"},"share_on_mastodon":{"url":"https:\/\/pubeurope.com\/@no\/115838166241540226","error":""},"_links":{"self":[{"href":"https:\/\/www.europesays.com\/no\/wp-json\/wp\/v2\/posts\/128717","targetHints":{"allow":["GET"]}}],"collection":[{"href":"https:\/\/www.europesays.com\/no\/wp-json\/wp\/v2\/posts"}],"about":[{"href":"https:\/\/www.europesays.com\/no\/wp-json\/wp\/v2\/types\/post"}],"author":[{"embeddable":true,"href":"https:\/\/www.europesays.com\/no\/wp-json\/wp\/v2\/users\/2"}],"replies":[{"embeddable":true,"href":"https:\/\/www.europesays.com\/no\/wp-json\/wp\/v2\/comments?post=128717"}],"version-history":[{"count":0,"href":"https:\/\/www.europesays.com\/no\/wp-json\/wp\/v2\/posts\/128717\/revisions"}],"wp:featuredmedia":[{"embeddable":true,"href":"https:\/\/www.europesays.com\/no\/wp-json\/wp\/v2\/media\/128718"}],"wp:attachment":[{"href":"https:\/\/www.europesays.com\/no\/wp-json\/wp\/v2\/media?parent=128717"}],"wp:term":[{"taxonomy":"category","embeddable":true,"href":"https:\/\/www.europesays.com\/no\/wp-json\/wp\/v2\/categories?post=128717"},{"taxonomy":"post_tag","embeddable":true,"href":"https:\/\/www.europesays.com\/no\/wp-json\/wp\/v2\/tags?post=128717"}],"curies":[{"name":"wp","href":"https:\/\/api.w.org\/{rel}","templated":true}]}}