{"id":128719,"date":"2026-01-04T18:08:08","date_gmt":"2026-01-04T18:08:08","guid":{"rendered":"https:\/\/www.europesays.com\/no\/128719\/"},"modified":"2026-01-04T18:08:08","modified_gmt":"2026-01-04T18:08:08","slug":"unge-mennesker-med-hele-livet-foran-seg","status":"publish","type":"post","link":"https:\/\/www.europesays.com\/no\/128719\/","title":{"rendered":"\u2013 Unge mennesker med hele livet foran seg"},"content":{"rendered":"\n<p class=\"_lead_o9xde_2 _lead_xtcu6_50 layout-component text-serif-m layout-normal text-serif-l layout-component layout-wide layout-padded _wide_17hqh_1 layout-padded\">Samferdselsminister Jon-Ivar Nyg\u00e5rd er bekymret for utviklingen blant unge sj\u00e5f\u00f8rer.<\/p>\n<p><img alt=\"Brannvesenet g\u00e5r i den \u00e5rlige markeringen \u00abLys til ettertanke\u00bb i Vestfold.  Foto: Javad Parsa \/ NTB\" class=\"_image_qp4xg_65 layout-component layout-wide\" data-fullscreen- data-track-element-type=\"Article image fullscreen\" data-track-name=\"ImageFullscreen\" fetchpriority=\"high\" decoding=\"sync\" loading=\"eager\" height=\"5480\" itemprop=\"image\"  src=\"https:\/\/www.europesays.com\/no\/wp-content\/uploads\/2026\/01\/c8421dae-5860-4704-a488-8fa3963d19f2.jpeg\"  style=\"object-position:0% 0%\" width=\"8220\"\/>Brannvesenet g\u00e5r i den \u00e5rlige markeringen \u00abLys til ettertanke\u00bb i Vestfold.  Foto: Javad Parsa \/ NTB<\/p>\n<ul aria-hidden=\"true\" class=\"_images_ntbth_112\">\n<li><a class=\"_link_ntbth_117\" href=\"https:\/\/www.vg.no\/forfatter\/ntb\" style=\"z-index:1\" title=\"NTB\" rel=\"nofollow noopener\" target=\"_blank\"><img alt=\"Bilde av NTB\" class=\"_image_ntbth_93\" fetchpriority=\"low\" loading=\"lazy\" decoding=\"async\" itemprop=\"image\"  src=\"https:\/\/www.europesays.com\/no\/wp-content\/uploads\/2026\/01\/1767550088_624_c33980b0-5d07-4027-84a1-813f90a7c8d6.png\"  width=\"480\"\/><\/a><\/li>\n<\/ul>\n<p> Oppdatert s\u00f8ndag 4. januar kl. 18:32     <\/p>\n<p class=\"_paragraph_o9xde_4 _paragraph_xtcu6_10 layout-component text-serif-m layout-normal text-serif-m layout-padded\">S\u00f8ndag deltok han p\u00e5 den \u00e5rlige markeringen \u00abLys til ettertanke\u00bb langs E18 ved Skjee i Vestfold.<\/p>\n<p class=\"_paragraph_o9xde_4 _paragraph_xtcu6_10 layout-component text-serif-m layout-normal text-serif-m layout-padded\">Der m\u00f8tte han p\u00e5r\u00f8rende etter personer som har mistet livet i trafikken. Representanter for veimyndigheter og utrykningspersonell var ogs\u00e5 til stede p\u00e5 markeringen.<\/p>\n<p class=\"_paragraph_o9xde_4 _paragraph_xtcu6_10 layout-component text-serif-m layout-normal text-serif-m layout-padded\">\u2013 Jeg er bekymret for den utviklingen vi ser p\u00e5 veiene v\u00e5re og i trafikken. Og jeg er spesielt bekymret for utviklingen blant de aller yngste sj\u00e5f\u00f8rene v\u00e5re, sa Nyg\u00e5rd.<\/p>\n<p><img alt=\"Samferdselsminister Jon Ivar Nyg\u00e5rd kommer til den \u00e5rlige markeringen \u00abLys til ettertanke\u00bb i Vestfold.   Foto: Javad Parsa \/ NTB\" class=\"_image_qp4xg_65 layout-component layout-normal\" data-fullscreen- data-track-element-type=\"Article image fullscreen\" data-track-name=\"ImageFullscreen\" decoding=\"async\" loading=\"lazy\" height=\"4888\" itemprop=\"image\"  src=\"https:\/\/www.europesays.com\/no\/wp-content\/uploads\/2026\/01\/b35ed089-7239-4729-8c19-6560f94f8a23.jpeg\"  style=\"object-position:0% 0%\" width=\"7332\"\/>Samferdselsminister Jon Ivar Nyg\u00e5rd kommer til den \u00e5rlige markeringen \u00abLys til ettertanke\u00bb i Vestfold.   Foto: Javad Parsa \/ NTB<\/p>\n<p class=\"_paragraph_o9xde_4 _paragraph_xtcu6_10 layout-component text-serif-m layout-normal text-serif-m layout-padded\">111 personer mistet livet i trafikken i fjor. Av disse var 23 personer under 24 \u00e5r, noe som er en \u00f8kning p\u00e5 \u00e5tte personer fra \u00e5ret f\u00f8r.<\/p>\n<p class=\"_paragraph_o9xde_4 _paragraph_xtcu6_10 layout-component text-serif-m layout-normal text-serif-m layout-padded\">\u2013 Dette er unge mennesker med hele livet foran seg, og slik kan vi ikke ha det. Vi m\u00e5 gj\u00f8re mer. Vi m\u00e5 gj\u00f8re mer for \u00e5 hindre at mennesker d\u00f8r p\u00e5 norske veier, og vi m\u00e5 gj\u00f8re mer for \u00e5 n\u00e5 de unge trafikantene.<\/p>\n<p><img alt=\"Den \u00e5rlige markeringen \u00abLys til ettertanke\u00bb i Vestfold.   Foto: Javad Parsa \/ NTB\" class=\"_image_qp4xg_65 layout-component layout-normal\" data-fullscreen- data-track-element-type=\"Article image fullscreen\" data-track-name=\"ImageFullscreen\" decoding=\"async\" loading=\"lazy\" height=\"5265\" itemprop=\"image\"  src=\"https:\/\/www.europesays.com\/no\/wp-content\/uploads\/2026\/01\/645e9923-aadc-43a9-b8b9-d866f44878d3.png\"  style=\"object-position:0% 0%\" width=\"7897\"\/>Den \u00e5rlige markeringen \u00abLys til ettertanke\u00bb i Vestfold.   Foto: Javad Parsa \/ NTB<\/p>\n<p class=\"_paragraph_o9xde_4 _paragraph_xtcu6_10 layout-component text-serif-m layout-normal text-serif-m layout-padded\">111 som mistet livet i trafikken i fjor, var en \u00f8kning fra 87 \u00e5ret f\u00f8r. Menn var kraftig overrepresentert, med 94 menn mot 17 kvinner. Ikke siden 2016 har s\u00e5 mange menn mistet livet i trafikken, if\u00f8lge Trygg Trafikk.<\/p>\n<p class=\"_paragraph_o9xde_4 _paragraph_xtcu6_10 layout-component text-serif-m layout-normal text-serif-m layout-padded\">\u2013 Menn kj\u00f8rer riktignok mer enn kvinner og har flere kilometer bak rattet per \u00e5r. Det er for tidlig \u00e5 si hva som f\u00f8rte til d\u00f8dsulykkene i 2025. Tidligere dybdeanalyser viser likevel at for h\u00f8y fart etter forholdene, uoppmerksomhet, rusp\u00e5virkning og manglende f\u00f8rerdyktighet er de vanligste medvirkende faktorene, sa Trygg Trafikk-direkt\u00f8r Jan Johansen i en pressemelding tidligere denne uka.<\/p>\n","protected":false},"excerpt":{"rendered":"Samferdselsminister Jon-Ivar Nyg\u00e5rd er bekymret for utviklingen blant unge sj\u00e5f\u00f8rer. Brannvesenet g\u00e5r i den \u00e5rlige markeringen \u00abLys til&hellip;\n","protected":false},"author":2,"featured_media":128720,"comment_status":"","ping_status":"","sticky":false,"template":"","format":"standard","meta":{"footnotes":""},"categories":[10],"tags":[20,21,24,25,15,22,23,13,30,28,29,14,16,26,27],"class_list":{"0":"post-128719","1":"post","2":"type-post","3":"status-publish","4":"format-standard","5":"has-post-thumbnail","7":"category-norge","8":"tag-breaking-news","9":"tag-breakingnews","10":"tag-featured-news","11":"tag-featurednews","12":"tag-headlines","13":"tag-latest-news","14":"tag-latestnews","15":"tag-news","16":"tag-no","17":"tag-norge","18":"tag-norway","19":"tag-nyheter","20":"tag-overskrifter","21":"tag-top-stories","22":"tag-topstories"},"share_on_mastodon":{"url":"https:\/\/pubeurope.com\/@no\/115838170283719348","error":""},"_links":{"self":[{"href":"https:\/\/www.europesays.com\/no\/wp-json\/wp\/v2\/posts\/128719","targetHints":{"allow":["GET"]}}],"collection":[{"href":"https:\/\/www.europesays.com\/no\/wp-json\/wp\/v2\/posts"}],"about":[{"href":"https:\/\/www.europesays.com\/no\/wp-json\/wp\/v2\/types\/post"}],"author":[{"embeddable":true,"href":"https:\/\/www.europesays.com\/no\/wp-json\/wp\/v2\/users\/2"}],"replies":[{"embeddable":true,"href":"https:\/\/www.europesays.com\/no\/wp-json\/wp\/v2\/comments?post=128719"}],"version-history":[{"count":0,"href":"https:\/\/www.europesays.com\/no\/wp-json\/wp\/v2\/posts\/128719\/revisions"}],"wp:featuredmedia":[{"embeddable":true,"href":"https:\/\/www.europesays.com\/no\/wp-json\/wp\/v2\/media\/128720"}],"wp:attachment":[{"href":"https:\/\/www.europesays.com\/no\/wp-json\/wp\/v2\/media?parent=128719"}],"wp:term":[{"taxonomy":"category","embeddable":true,"href":"https:\/\/www.europesays.com\/no\/wp-json\/wp\/v2\/categories?post=128719"},{"taxonomy":"post_tag","embeddable":true,"href":"https:\/\/www.europesays.com\/no\/wp-json\/wp\/v2\/tags?post=128719"}],"curies":[{"name":"wp","href":"https:\/\/api.w.org\/{rel}","templated":true}]}}