{"id":128724,"date":"2026-01-04T18:14:18","date_gmt":"2026-01-04T18:14:18","guid":{"rendered":"https:\/\/www.europesays.com\/no\/128724\/"},"modified":"2026-01-04T18:14:18","modified_gmt":"2026-01-04T18:14:18","slug":"dette-ma-du-huske-sondag","status":"publish","type":"post","link":"https:\/\/www.europesays.com\/no\/128724\/","title":{"rendered":"Dette m\u00e5 du huske s\u00f8ndag"},"content":{"rendered":"<p class=\"kicker bg-cyan color_mobile_bg-cyan hasTextPadding mobile-hasTextPadding\" style=\"\">Flyreiser og bagasje:<\/p>\n<p>  Avinor med klar advarsel til 160 000 reisende som skal hjem etter jule- og nytt\u00e5rsferien. S\u00e5 tidlig m\u00e5 du m\u00f8te opp.<\/p>\n<p>\n    V\u00c6R FORBEREDT: Det kommer til \u00e5 bli k\u00f8 ved innsjekking og sikkerhetskontroller p\u00e5 flyplasser 4. januar. Foto: Odd Roar Lange\n  <\/p>\n<p>    Kort fortalt<\/p>\n<p lang=\"nb-NO\">Avinor advarer om travle reisedager med 160 000 passasjerer etter juleferien.<\/p>\n<p lang=\"nb-NO\">Oslo lufthavn forventer 83 000 reisende, spesielt travelt p\u00e5 ettermiddagen.<\/p>\n<p lang=\"nb-NO\">Reisende minnes om pakkeregler og sikkerhetsrisiko ved litiumbatterier i innsjekket bagasje.<\/p>\n<p lang=\"nb-NO\">SAS anbefaler \u00e5 m\u00f8te opp minst to timer f\u00f8r avgang for \u00e5 unng\u00e5 forsinkelser.<\/p>\n<p class=\"italic ai-disclaimer\" data-lab-italic=\"italic\">Sammendraget er laget av ChatGPT og godkjent av DinSide.<\/p>\n<p>      Vis mer<br \/>\n      Vis mindre<\/p>\n<p>Skal du, eller noen du kjenner, ut og fly denne helga? Da skjer det sammen med rekordmange andre som skal hjem etter jule- og nytt\u00e5rsfeiringer.<\/p>\n<p>S\u00f8ndag 4. januar blir juleferiens aller travleste reisedag.\u00a0<\/p>\n<p>&#8211; Prognosene viser at n\u00e6r 160 000 passasjerer skal ut og reise via en av Avinors lufthavner denne dagen,\u00a0sier Carita Storm R\u00f8saasen, kommunikasjonsr\u00e5dgiver ved Oslo lufthavn til DinSide.<\/p>\n<p>        DET MYSTISKE HULLET: Du har kanskje lurt p\u00e5 hvorfor flyvinduet har et lite hull? Her f\u00e5r du forklaringen. Video: Embla Hjort-Larsen \/ Storyblocks. <\/p>\n<p>Av disse ventes mer enn halvparten alene gjennom Oslo lufthavn, og Avinor advarer om at det blir noen hektiske perioder &#8211; b\u00e5de for ankomster og avganger.<\/p>\n<p>        <img loading=\"lazy\" decoding=\"async\" src=\"https:\/\/www.europesays.com\/no\/wp-content\/uploads\/2026\/01\/84048263.webp.webp\" width=\"980\" height=\"559\" title=\"TRAVELT: Det er rundt 83 000 passasjerer som skal reise inn eller ut fra Oslo lufthavn kommende s\u00f8ndag. Foto: Odd Roar Lange\" alt=\"\" class=\"\" style=\"--aspect-ratio-image: 1.75; \"\/><\/p>\n<p>\n        TRAVELT: Det er rundt 83 000 passasjerer som skal reise inn eller ut fra Oslo lufthavn kommende s\u00f8ndag. Foto: Odd Roar Lange\n    <\/p>\n<p>&#8211; P\u00e5 s\u00f8ndag venter vi cirka 83 000 reisende gjennom Oslo lufthavn. Med tanke p\u00e5 tidspunkt ser ettermiddagen ut til \u00e5 bli den travleste perioden, b\u00e5de for ankomst og avgang. Dette er vanlig for s\u00f8ndager ellers ogs\u00e5, sier Carita Storm R\u00f8saasen.<\/p>\n<p>Minner om pakkereglene\u00a0\t<\/p>\n<p>Avinor benytter anledningen til \u00e5 minne reisende om vanlige feil som skaper un\u00f8dige forsinkelser i sikkerhetskontrollen &#8211; s\u00e6rlig etter juleferien, n\u00e5r mange har med seg gaver hjem.<\/p>\n<p>&#8211; V\u00e6ske som overskrider 100 milliliter skal i innsjekket bagasje, og pakkes godt dersom det kan knuse eller lekke. Viktige ting som medisiner, n\u00f8kler, pass og gjenstander med stor affeksjonsverdi b\u00f8r tas med i h\u00e5ndbagasjen, sier R\u00f8saasen.<\/p>\n<p>    <a itemprop=\"url\" href=\"https:\/\/dinside.dagbladet.no\/reise\/advarer-slutter-a-fungere\/83998913\" rel=\"nofollow noopener\" target=\"_blank\"><\/p>\n<p>        <img loading=\"lazy\" decoding=\"async\" src=\"https:\/\/www.europesays.com\/no\/wp-content\/uploads\/2026\/01\/1767550452_713_83998978.webp.webp\" width=\"980\" height=\"441\" title=\"Iskald tabbe\" alt=\"\" class=\"lazyload\" style=\"--aspect-ratio-image: 2.22; \"\/><\/p>\n<p>        Iskald tabbe<\/p>\n<p>    <\/a><\/p>\n<p>Ikke glem dette\t<\/p>\n<p>Hun understreker ogs\u00e5 et punkt som ofte glemmes:<\/p>\n<p>&#8211; Vi f\u00e5r aldri nevnt mange nok ganger at litiumbatterier m\u00e5 i h\u00e5ndbagasjen. Disse kan utgj\u00f8re en sikkerhetsrisiko dersom de ligger i innsjekket bagasje.<\/p>\n<p>Fra 1. desember 2025 ble det innf\u00f8rt nye regler for bruk av powerbank ogs\u00e5 om bord p\u00e5 SAS\u2019 flygninger. Norwegian har hatt dette forbudet i lengre tid.<\/p>\n<p>        <img loading=\"lazy\" decoding=\"async\" src=\"https:\/\/www.europesays.com\/no\/wp-content\/uploads\/2026\/01\/84048262.webp.webp\" width=\"980\" height=\"559\" title=\"IKKE HER: Powerbanken skal ikke legges i kofferten. Foto: Odd Roar Lange\" alt=\"\" class=\"\" style=\"--aspect-ratio-image: 1.75; \"\/><\/p>\n<p>\n        IKKE HER: Powerbanken skal ikke legges i kofferten. Foto: Odd Roar Lange\n    <\/p>\n<p>Powerbanker kan verken brukes til \u00e5 lade andre enheter eller lades opp under flyturen.\u00a0<\/p>\n<p>De skal heller ikke plasseres i hattehyllen, men oppbevares under setet foran deg eller i setelommen, slik at kabinpersonalet og passasjeren selv til enhver tid har oppsikt over enheten. SAS har mulighet til \u00e5 lade fra uttak i flysetet p\u00e5 en rekke fly. Norwegians fly har ikke denne muligheten.<\/p>\n<p>Beregn god tid\t<\/p>\n<p>Med mange reisende p\u00e5 farten samtidig, ber Avinor folk ta h\u00f8yde for k\u00f8 \u2013 ogs\u00e5 f\u00f8r de kommer frem til flyplassen.<\/p>\n<p>    <a itemprop=\"url\" href=\"https:\/\/dinside.dagbladet.no\/reise\/luksussjokk-betaler-mer-for-mindre\/84018459\" rel=\"nofollow noopener\" target=\"_blank\"><\/p>\n<p>        <img loading=\"lazy\" decoding=\"async\" src=\"https:\/\/www.europesays.com\/no\/wp-content\/uploads\/2026\/01\/1767550455_944_84018574.webp.webp\" width=\"980\" height=\"441\" title=\"Koster 5300 kroner ekstra\" alt=\"\" class=\"lazyload\" style=\"--aspect-ratio-image: 2.22; \"\/><\/p>\n<p>        Koster 5300 kroner ekstra<\/p>\n<p>    <\/a><\/p>\n<p>&#8211; Man er ikke alene n\u00e5r man skal ut og reise med fly p\u00e5 s\u00f8ndag. Vi oppfordrer alle til \u00e5 beregne tilstrekkelig med tid, ogs\u00e5 p\u00e5 vei til flyplassen, og forberede seg p\u00e5 b\u00e5de innsjekk og sikkerhetskontroll. Starter man reisen med lave skuldre, blir det gjerne en mer behagelig opplevelse &#8211; b\u00e5de for en selv og for medpassasjerer, sier R\u00f8saasen.<\/p>\n<p>SAS: &#8211; M\u00f8t opp tidligere\u00a0\t<\/p>\n<p>Ogs\u00e5 flyselskapene ber reisende legge inn ekstra tidsmarginer. Pressesjef \u00d8ystein Schmidt i SAS er tydelig i sine anbefalinger.<\/p>\n<p>&#8211; Fra v\u00e5r side anbefaler vi at reisende beregner litt ekstra tid. H\u00f8ytiden er en av \u00e5rets mest trafikkerte perioder, og b\u00e5de innsjekk, sikkerhetskontroll og bagasjeh\u00e5ndtering kan ta lenger tid enn normalt. Vinterforhold kan ogs\u00e5 kreve avising og redusert kapasitet p\u00e5 bakken, sier Schmidt.<\/p>\n<p>        <img loading=\"lazy\" decoding=\"async\" src=\"https:\/\/www.europesays.com\/no\/wp-content\/uploads\/2026\/01\/84048265.webp.webp\" width=\"980\" height=\"559\" title=\"SJEKK INN TIDLIG: Pass p\u00e5 at du m\u00f8ter opp i god tid f\u00f8r flyavgangen. Det kan ogs\u00e5 ta lengre tid enn vanlig til flyplassen. Foto: Odd Roar Lange\" alt=\"\" class=\"\" style=\"--aspect-ratio-image: 1.75; \"\/><\/p>\n<p>\n        SJEKK INN TIDLIG: Pass p\u00e5 at du m\u00f8ter opp i god tid f\u00f8r flyavgangen. Det kan ogs\u00e5 ta lengre tid enn vanlig til flyplassen. Foto: Odd Roar Lange\n    <\/p>\n<p>Som hovedregel r\u00e5der SAS passasjerene til \u00e5 v\u00e6re ute i god tid.<\/p>\n<p>&#8211; Vi anbefaler at man er p\u00e5 flyplassen minst to timer f\u00f8r avgang &#8211; og gjerne litt tidligere n\u00e5r trafikken er som h\u00f8yest. Reiser du til eller fra et reisem\u00e5l utenfor Europa, b\u00f8r du m\u00f8te opp tre timer f\u00f8r avgang, sier pressesjefen.<\/p>\n<p>Reiseforsikringen dekker ikke\t<\/p>\n<p> N\u00e5r det kommer til reiseforsikringen, er det viktig \u00e5 huske forskjellen mellom forsinket reisegods p\u00e5 vei til jobb eller ferie og p\u00e5 vei hjem igjen. <\/p>\n<p>Noen legger bil- og husn\u00f8kler p\u00e5 det de tror er et trygt sted i kofferten, for \u00e5 slippe \u00e5 ha dem l\u00f8st i h\u00e5ndbagasjen under reisen. Det kan vise seg \u00e5 v\u00e6re en sv\u00e6rt d\u00e5rlig id\u00e9.\u00a0<\/p>\n<p>    <a itemprop=\"url\" href=\"https:\/\/dinside.dagbladet.no\/reise\/slutt-pa-dette\/84027255\" rel=\"nofollow noopener\" target=\"_blank\"><\/p>\n<p>        <img loading=\"lazy\" decoding=\"async\" src=\"https:\/\/www.europesays.com\/no\/wp-content\/uploads\/2026\/01\/84027309.webp.webp\" width=\"980\" height=\"441\" title=\"Slutt p\u00e5 dette\" alt=\"\" class=\"lazyload\" style=\"--aspect-ratio-image: 2.22; \"\/><\/p>\n<p>        Slutt p\u00e5 dette<\/p>\n<p>    <\/a><\/p>\n<p>Blir innsjekket bagasje forsinket eller borte p\u00e5 hjemreisen, har du plutselig skapt et betydelig problem for deg selv.\u00a0<\/p>\n<p>Kostnadene g\u00e5r i v\u00e6ret\t<\/p>\n<p class=\"\">Bilen kan bli st\u00e5ende igjen i parkeringshus med p\u00e5l\u00f8pende kostnader, du m\u00e5 komme deg hjem med buss eller drosje, og i verste fall bestille l\u00e5sesmed for \u00e5 komme deg inn i egen bolig.\u00a0<\/p>\n<p>Deretter venter utgifter til nye n\u00f8kler og eventuelt skifte av l\u00e5ser. Dette er en kostbar tabbe, og det er lite hjelp \u00e5 hente fra reiseforsikringen. Forsikringen dekker som hovedregel selve verdien av n\u00f8klene dersom de ikke kommer til rette igjen. Men ikke f\u00f8lgekostnader som l\u00e5sesmed, ekstra transport eller andre praktiske problemer som oppst\u00e5r fordi n\u00f8klene er borte.<\/p>\n<p>        <img loading=\"lazy\" decoding=\"async\" src=\"https:\/\/www.europesays.com\/no\/wp-content\/uploads\/2026\/01\/84048255.webp.webp\" width=\"549\" height=\"248\" title=\"Har du et tips om reiser akkurat n\u00e5?\" alt=\"\" class=\"\" style=\"--aspect-ratio-image: 2.21; \"\/><\/p>\n<p>        Har du et tips om reiser akkurat n\u00e5?<\/p>\n<p class=\"subtitle\">Hei, jeg heter Odd Roar Lange og er reiseekspert og -journalist for DinSide og Dagbladet. Har du et tips eller sp\u00f8rsm\u00e5l om reiser og ferie? Send det gjerne til meg. Tips og sp\u00f8rsm\u00e5l som kan brukes til en reportasje vil bli prioritert.<\/p>\n","protected":false},"excerpt":{"rendered":"Flyreiser og bagasje: Avinor med klar advarsel til 160 000 reisende som skal hjem etter jule- og nytt\u00e5rsferien.&hellip;\n","protected":false},"author":2,"featured_media":128725,"comment_status":"","ping_status":"","sticky":false,"template":"","format":"standard","meta":{"footnotes":""},"categories":[12],"tags":[2408,20,21,24,25,1991,5632,15,11197,22,23,13,30,28,29,14,15018,2371,16,1992,4226,26,27,42,43,44,45],"class_list":{"0":"post-128724","1":"post","2":"type-post","3":"status-publish","4":"format-standard","5":"has-post-thumbnail","7":"category-verden","8":"tag-avinor","9":"tag-breaking-news","10":"tag-breakingnews","11":"tag-featured-news","12":"tag-featurednews","13":"tag-ferie","14":"tag-flyreiser","15":"tag-headlines","16":"tag-juleferie","17":"tag-latest-news","18":"tag-latestnews","19":"tag-news","20":"tag-no","21":"tag-norge","22":"tag-norway","23":"tag-nyheter","24":"tag-nyttarsferie","25":"tag-oslo-lufthavn","26":"tag-overskrifter","27":"tag-reise","28":"tag-thetravelinspector","29":"tag-top-stories","30":"tag-topstories","31":"tag-verden","32":"tag-world","33":"tag-world-news","34":"tag-worldnews"},"share_on_mastodon":{"url":"https:\/\/pubeurope.com\/@no\/115838193862447735","error":""},"_links":{"self":[{"href":"https:\/\/www.europesays.com\/no\/wp-json\/wp\/v2\/posts\/128724","targetHints":{"allow":["GET"]}}],"collection":[{"href":"https:\/\/www.europesays.com\/no\/wp-json\/wp\/v2\/posts"}],"about":[{"href":"https:\/\/www.europesays.com\/no\/wp-json\/wp\/v2\/types\/post"}],"author":[{"embeddable":true,"href":"https:\/\/www.europesays.com\/no\/wp-json\/wp\/v2\/users\/2"}],"replies":[{"embeddable":true,"href":"https:\/\/www.europesays.com\/no\/wp-json\/wp\/v2\/comments?post=128724"}],"version-history":[{"count":0,"href":"https:\/\/www.europesays.com\/no\/wp-json\/wp\/v2\/posts\/128724\/revisions"}],"wp:featuredmedia":[{"embeddable":true,"href":"https:\/\/www.europesays.com\/no\/wp-json\/wp\/v2\/media\/128725"}],"wp:attachment":[{"href":"https:\/\/www.europesays.com\/no\/wp-json\/wp\/v2\/media?parent=128724"}],"wp:term":[{"taxonomy":"category","embeddable":true,"href":"https:\/\/www.europesays.com\/no\/wp-json\/wp\/v2\/categories?post=128724"},{"taxonomy":"post_tag","embeddable":true,"href":"https:\/\/www.europesays.com\/no\/wp-json\/wp\/v2\/tags?post=128724"}],"curies":[{"name":"wp","href":"https:\/\/api.w.org\/{rel}","templated":true}]}}