{"id":128726,"date":"2026-01-04T18:15:13","date_gmt":"2026-01-04T18:15:13","guid":{"rendered":"https:\/\/www.europesays.com\/no\/128726\/"},"modified":"2026-01-04T18:15:13","modified_gmt":"2026-01-04T18:15:13","slug":"en-person-skadet-i-moteulykke","status":"publish","type":"post","link":"https:\/\/www.europesays.com\/no\/128726\/","title":{"rendered":"\u00c9n person skadet i m\u00f8teulykke"},"content":{"rendered":"\n<p class=\"_lead_o9xde_2 _lead_xtcu6_50 layout-component text-serif-m layout-normal text-serif-l layout-component layout-wide layout-padded _wide_17hqh_1 layout-padded\">Riksvei 3 er stengt i \u00e9n kj\u00f8reretning etter en front mot front-ulykke mellom en lastebil og en personbil. <\/p>\n<ul aria-hidden=\"true\" class=\"_images_ntbth_112\">\n<li><a class=\"_link_ntbth_117\" href=\"https:\/\/www.vg.no\/forfatter\/marianne-vikaas\" style=\"z-index:1\" title=\"Marianne Vik\u00e5s\" rel=\"nofollow noopener\" target=\"_blank\"><img alt=\"Bilde av Marianne Vik\u00e5s\" class=\"_image_ntbth_93\" fetchpriority=\"low\" loading=\"lazy\" decoding=\"async\" itemprop=\"image\"  src=\"https:\/\/www.europesays.com\/no\/wp-content\/uploads\/2026\/01\/d2438f37-7bc3-4fbe-9541-5b99b45f89bc.png\"  width=\"480\"\/><\/a><\/li>\n<\/ul>\n<p> Oppdatert s\u00f8ndag 4. januar kl. 19:08     <\/p>\n<p class=\"_paragraph_o9xde_4 _paragraph_xtcu6_10 layout-component text-serif-m layout-normal text-serif-m layout-padded\">\u2013 Det har v\u00e6rt \u00e9n person i hvert kj\u00f8ret\u00f8y. Personen som kj\u00f8rte personbilen er skadet. Vedkommende er v\u00e5ken per n\u00e5, men skadeomfanget er uavklart, sier operasjonsleder Per Solberg i <a href=\"https:\/\/www.vg.no\/tag\/innlandet?utm_source=vg-article&amp;utm_medium=auto-tagger&amp;utm_campaign=BxR95g\" class=\"_link_o9xde_39\" rel=\"nofollow noopener\" target=\"_blank\">Innlandet<\/a> politidistrikt. <\/p>\n<p class=\"_paragraph_o9xde_4 _paragraph_xtcu6_10 layout-component text-serif-m layout-normal text-serif-m layout-padded\">If\u00f8lge politiet er det meldt om glatt vei p\u00e5 stedet. Veien var stengt i begge retninger, men i 19-tiden melder politiet at det ene kj\u00f8refeltet n\u00e5 er \u00e5pent. Trafikken dirigreres forbi i p\u00e5vente av bilberging.<\/p>\n<p>    <img decoding=\"async\" alt=\"Tips oss illustrasjon\" src=\"https:\/\/www.europesays.com\/no\/wp-content\/uploads\/2025\/10\/pssst-small.webp.webp\"\/>    <\/p>\n<p class=\"title-serif-s\">Har du tips?<\/p>\n<p class=\"text-sans-m\">Send oss informasjon, bilder eller video.<\/p>\n<p>  <a href=\"https:\/\/www.vg.no\/tips-oss\" rel=\"nofollow noopener\" target=\"_blank\"> Tips oss <\/a>      <\/p>\n","protected":false},"excerpt":{"rendered":"Riksvei 3 er stengt i \u00e9n kj\u00f8reretning etter en front mot front-ulykke mellom en lastebil og en personbil.&hellip;\n","protected":false},"author":2,"featured_media":128727,"comment_status":"","ping_status":"","sticky":false,"template":"","format":"standard","meta":{"footnotes":""},"categories":[10],"tags":[31,20,21,24,25,15,813,22,23,13,30,28,29,14,16,26,27,552],"class_list":{"0":"post-128726","1":"post","2":"type-post","3":"status-publish","4":"format-standard","5":"has-post-thumbnail","7":"category-norge","8":"tag-breaking","9":"tag-breaking-news","10":"tag-breakingnews","11":"tag-featured-news","12":"tag-featurednews","13":"tag-headlines","14":"tag-innlandet","15":"tag-latest-news","16":"tag-latestnews","17":"tag-news","18":"tag-no","19":"tag-norge","20":"tag-norway","21":"tag-nyheter","22":"tag-overskrifter","23":"tag-top-stories","24":"tag-topstories","25":"tag-vei"},"share_on_mastodon":{"url":"https:\/\/pubeurope.com\/@no\/115838197735455186","error":""},"_links":{"self":[{"href":"https:\/\/www.europesays.com\/no\/wp-json\/wp\/v2\/posts\/128726","targetHints":{"allow":["GET"]}}],"collection":[{"href":"https:\/\/www.europesays.com\/no\/wp-json\/wp\/v2\/posts"}],"about":[{"href":"https:\/\/www.europesays.com\/no\/wp-json\/wp\/v2\/types\/post"}],"author":[{"embeddable":true,"href":"https:\/\/www.europesays.com\/no\/wp-json\/wp\/v2\/users\/2"}],"replies":[{"embeddable":true,"href":"https:\/\/www.europesays.com\/no\/wp-json\/wp\/v2\/comments?post=128726"}],"version-history":[{"count":0,"href":"https:\/\/www.europesays.com\/no\/wp-json\/wp\/v2\/posts\/128726\/revisions"}],"wp:featuredmedia":[{"embeddable":true,"href":"https:\/\/www.europesays.com\/no\/wp-json\/wp\/v2\/media\/128727"}],"wp:attachment":[{"href":"https:\/\/www.europesays.com\/no\/wp-json\/wp\/v2\/media?parent=128726"}],"wp:term":[{"taxonomy":"category","embeddable":true,"href":"https:\/\/www.europesays.com\/no\/wp-json\/wp\/v2\/categories?post=128726"},{"taxonomy":"post_tag","embeddable":true,"href":"https:\/\/www.europesays.com\/no\/wp-json\/wp\/v2\/tags?post=128726"}],"curies":[{"name":"wp","href":"https:\/\/api.w.org\/{rel}","templated":true}]}}