{"id":128755,"date":"2026-01-04T19:03:09","date_gmt":"2026-01-04T19:03:09","guid":{"rendered":"https:\/\/www.europesays.com\/no\/128755\/"},"modified":"2026-01-04T19:03:09","modified_gmt":"2026-01-04T19:03:09","slug":"usa-angrep-venezuela-hva-betyr-det-for-gronland","status":"publish","type":"post","link":"https:\/\/www.europesays.com\/no\/128755\/","title":{"rendered":"USA angrep Venezuela \u2013 hva betyr det for Gr\u00f8nland?"},"content":{"rendered":"\n<ul class=\"_list_o9xde_3 _list_64s2r_85 _unordered_o9xde_106 text-sans-m\">\n<li class=\"_item_o9xde_30\">Trumps angrep mot Venezuela skaper spekulasjoner om USA-annektering av Gr\u00f8nland.<\/li>\n<li class=\"_item_o9xde_30\">Et innlegg p\u00e5 X fra tidligere Trump-medarbeider som viser Gr\u00f8nland med amerikansk flagg f\u00e5r enorm oppmerksomhet.<\/li>\n<li class=\"_item_o9xde_30\">Eksperter avviser at trusselen \u00f8ker og p\u00e5peker forskjellen mellom USAs relasjoner til Gr\u00f8nland\/Danmark og USAs relasjoner til Venezuela.<\/li>\n<li class=\"_item_o9xde_30\">En ekspert sier Europa m\u00e5 st\u00e5 samlet rundt Danmark og Gr\u00f8nland.<\/li>\n<\/ul>\n<p>Vis mer <\/p>\n<p class=\"_paragraph_o9xde_4 _paragraph_xtcu6_10 layout-component text-serif-m layout-normal text-serif-m layout-padded\">\u2013 Selv om Trump har sagt mye om Gr\u00f8nland, og n\u00e5 har angrepet Venezuela, s\u00e5 er det to ulike \u00abcaser\u00bb, sier Gunhild Hoogensen Gj\u00f8rv, professor i sikkerhetsstudier og geopolitikk ved UiT, til VG. <\/p>\n<p class=\"_paragraph_o9xde_4 _paragraph_xtcu6_10 layout-component text-serif-m layout-normal text-serif-m layout-padded\"><strong class=\"_strong_o9xde_25\">I etterkant av <a href=\"https:\/\/www.vg.no\/nyheter\/i\/m0Rj9p\/usas-angrep-paa-venezuela-dette-vet-vi\" data-track-element-type=\"Link\" data-track-id=\"link:m0Rj9p\" class=\"_link_o9xde_39\" rel=\"nofollow noopener\" target=\"_blank\">USAs angrep mot Venezuela<\/a>, har det kommet flere utspill om Trumps tidligere uttalelser der han krever \u00e5  \u00abta over\u00bb Gr\u00f8nland. <\/strong><\/p>\n<p class=\"_paragraph_o9xde_4 _paragraph_xtcu6_10 layout-component text-serif-m layout-normal text-serif-m layout-padded\">Den amerikanske presidenten har ved flere anledninger, <a href=\"https:\/\/www.vg.no\/nyheter\/i\/BxRM59\/trump-gjentar-krav-om-aa-ta-over-groenland\" data-track-element-type=\"Link\" data-track-id=\"link:BxRM59\" class=\"_link_o9xde_39\" rel=\"nofollow noopener\" target=\"_blank\">senest 23. desember i fjor<\/a>, uttrykt interesse for at USA skal kj\u00f8pe eller p\u00e5 annen m\u00e5te f\u00e5 kontroll over Gr\u00f8nland, noe som har skapt sterke reaksjoner b\u00e5de p\u00e5 Gr\u00f8nland, i Danmark og internasjonalt.<\/p>\n<p class=\"_paragraph_o9xde_4 _paragraph_xtcu6_10 layout-component text-serif-m layout-normal text-serif-m layout-padded\">S\u00f8ndag gjentok han budskapet: \u00abVi trenger absolutt Gr\u00f8nland\u00bb, sier han i et intervju med <a href=\"https:\/\/www.theatlantic.com\/national-security\/2026\/01\/trump-venezuela-maduro-delcy-rodriguez\/685497\/?utm_campaign=the-atlantic&amp;utm_content=edit-promo&amp;utm_medium=social&amp;utm_source=facebook&amp;fbclid=IwY2xjawPHgrxleHRuA2FlbQIxMQBicmlkETBGWXBjM3Zha0lKVFlCcWtNc3J0YwZhcHBfaWQQMjIyMDM5MTc4ODIwMDg5MgABHqgnAn6DC3isUS9AQX7wsGZPu1zhhHptKRb0YjPkT5822aqCdrC9Vp0dED1U_aem__LA-2P16fitNAN2iBq_UHw\" class=\"_link_o9xde_39\" rel=\"nofollow noopener\" target=\"_blank\">The Atlantic. <\/a><\/p>\n<p><img decoding=\"async\" alt=\"Bilde av Gunhild Hoogensen Gj\u00f8rv\" class=\"_image_ygndg_42\" height=\"50\" itemprop=\"image\" loading=\"lazy\"  src=\"https:\/\/www.europesays.com\/no\/wp-content\/uploads\/2026\/01\/42117f3e-568b-4a53-8530-22c5f0c6e5ad.jpeg\"  width=\"40\"\/><strong class=\"_name_ygndg_51 title-serif-xs\">Gunhild Hoogensen Gj\u00f8rv<\/strong><\/p>\n<p class=\"_paragraph_o9xde_4 text-sans-m _description_ygndg_56\">Professor i sikkerhetsstudier og geopolitikk ved Universitetet i Troms\u00f8 (UiT)<\/p>\n<p class=\"_paragraph_o9xde_4 _paragraph_xtcu6_10 layout-component text-serif-m layout-normal text-serif-m layout-padded\">\u2013 Trump har hatt mer \u00e5penbar aggresjon mot Venezuela, med \u00f8kende milit\u00e6r tilstedev\u00e6relse frem til g\u00e5rsdagens angrep. Det samme skjer ikke p\u00e5 Gr\u00f8nland, sier Hoogensen Gj\u00f8rv.<\/p>\n<p>Gr\u00f8nland-innlegg p\u00e5 X g\u00e5r viralt<\/p>\n<p class=\"_paragraph_o9xde_4 _paragraph_xtcu6_10 layout-component text-serif-m layout-normal text-serif-m layout-padded\">L\u00f8rdag fikk et <a href=\"https:\/\/www.vg.no\/nyheter\/i\/K83mEy\/tidligere-trump-medarbeider-postet-bilde-av-groenland-med-amerikansk-flagg\" data-track-element-type=\"Link\" data-track-id=\"link:K83mEy\" class=\"_link_o9xde_39\" rel=\"nofollow noopener\" target=\"_blank\">bilde av Gr\u00f8nland farget med det amerikanske flagget<\/a> mye oppmerksomhet p\u00e5 X.<\/p>\n<p class=\"_paragraph_o9xde_4 _paragraph_xtcu6_10 layout-component text-serif-m layout-normal text-serif-m layout-padded\">I beskrivelsen st\u00e5r det skrevet \u00absoon\u00bb, som oversatt til norsk betyr \u00absnart\u00bb.<\/p>\n<p><img decoding=\"async\" alt=\"Bilde av Katie Miller\" class=\"_image_ygndg_42\" height=\"27\" itemprop=\"image\" loading=\"lazy\"  src=\"https:\/\/www.europesays.com\/no\/wp-content\/uploads\/2026\/01\/8ef045eb-99eb-451c-8167-c6cc97dc077f.jpeg\"  width=\"40\"\/><strong class=\"_name_ygndg_51 title-serif-xs\">Katie Miller<\/strong><\/p>\n<p class=\"_paragraph_o9xde_4 text-sans-m _description_ygndg_56\">Podkaster og tidligere talsperson i Trumps administrasjon<\/p>\n<p class=\"_paragraph_o9xde_4 _paragraph_xtcu6_10 layout-component text-serif-m layout-normal text-serif-m layout-padded\">Avsenderen er den amerikanske podkasteren Katie Miller, som tidligere har v\u00e6rt talsperson i Donald Trumps administrasjon, og som er gift med Trumps visestabssjef Stephen Miller.<\/p>\n<p class=\"_paragraph_o9xde_4 _paragraph_xtcu6_10 layout-component text-serif-m layout-normal text-serif-m layout-padded\">Hennes Gr\u00f8nland-innlegg hadde s\u00f8ndag ettermiddag over 15 millioner visninger og over 11.000 kommentarer, fremg\u00e5r det p\u00e5 <a href=\"https:\/\/x.com\/KatieMiller\/status\/2007541679293944266\" class=\"_link_o9xde_39\" rel=\"nofollow\">X.<\/a><\/p>\n<p class=\"_paragraph_o9xde_4 _paragraph_xtcu6_10 layout-component text-serif-m layout-normal text-serif-m layout-padded\">Danmarks ambassad\u00f8r i USA, Jesper M\u00f8ller S\u00f8rensen, kommenterte Millers innlegg l\u00f8rdag:<\/p>\n<p class=\"_paragraph_o9xde_4 _paragraph_xtcu6_10 layout-component text-serif-m layout-normal text-serif-m layout-padded\">\u2013 Bare en vennlig p\u00e5minnelse om forholdet mellom USA og Kongeriket Danmark: Vi er n\u00e6re allierte og b\u00f8r fortsette \u00e5 jobbe sammen som det. USAs sikkerhet er ogs\u00e5 Gr\u00f8nlands og Danmarks sikkerhet, skrev han p\u00e5 <a href=\"https:\/\/x.com\/DKambUSA\/status\/2007607563601273179\" class=\"_link_o9xde_39\" rel=\"nofollow\">X<\/a>.<\/p>\n<p class=\"_root_1xq52_1\" lang=\"en\" dir=\"auto\">Just a friendly reminder about the US and the Kingdom of Denmark: We are close allies and should continue to work together as such. US security is also Greenland\u2019s and Denmark\u2019s security. Greenland is already part of NATO. The Kingdom of Denmark and the United States work<\/p>\n<p class=\"_paragraph_o9xde_4 _paragraph_xtcu6_10 layout-component text-serif-m layout-normal text-serif-m layout-padded\">S\u00f8ndag ettermiddag skriver Gr\u00f8nlands leder Jens-Frederik Nielsen at det ikke er grunn til hverken \u00abpanikk eller utrygghet\u00bb, men han er tydelig p\u00e5 hva han syns om bildet: <\/p>\n<p class=\"_paragraph_o9xde_4 _paragraph_xtcu6_10 layout-component text-serif-m layout-normal text-serif-m layout-padded\"><strong class=\"_strong_o9xde_25\">\u2013 V\u00e5rt land er ikke til salgs, og v\u00e5r fremtid avgj\u00f8res ikke av oppslag i sosiale medier. Men bildet er respektl\u00f8st, skriver han.<\/strong><\/p>\n<p>\u2013 Lite som vil hindre Trump<\/p>\n<p class=\"_paragraph_o9xde_4 _paragraph_xtcu6_10 layout-component text-serif-m layout-normal text-serif-m layout-padded\">Forsvarsredakt\u00f8r i det britiske tidsskriftet The Economist, Shashank Joshi, skriver p\u00e5 <a href=\"https:\/\/x.com\/shashj\/status\/2007508334556131378\" class=\"_link_o9xde_39\" rel=\"nofollow\">X<\/a> at han mener at det er \u00ablite som vil hindre Trump i \u00e5 erkl\u00e6re at amerikanske styrker og baser p\u00e5 Gr\u00f8nland skal annekteres annekteres \u00c5 annektere betyr \u00e5 ta kontroll over og innlemme et omr\u00e5de i sitt eget territorium, vanligvis med makt og uten samtykke fra landet som har r\u00e5derett. som suverent amerikansk territorium\u00bb.<\/p>\n<p class=\"_paragraph_o9xde_4 _paragraph_xtcu6_10 layout-component text-serif-m layout-normal text-serif-m layout-padded\">Ogs\u00e5 den sikkerhetspolitiske korrespondenten i danske <a href=\"https:\/\/www.berlingske.dk\/internationalt\/trump-saetter-militaermagt-bag-ordene-siger-korrespondent-kan-faa-konsekvenser-fra-moskva-til-nuuk\" class=\"_link_o9xde_39\" rel=\"nofollow noopener\" target=\"_blank\">Berlingske Tidende<\/a>, Simon Kruse, skriver at Trumps siste handlinger kan f\u00e5 konsekvenser fra Moskva til Nuuk. <\/p>\n<p><img alt=\"Venezuelas tidligere president Nicol\u00e1s Maduro og USAs president Donald Trump har i lang tid hatt en anspent forhold.   Foto: [ADEM ALTAN, ANDREW CABALLERO-REYNOLDS] \/ AFP \/ NTB\" class=\"_image_qp4xg_65 layout-component layout-normal\" data-fullscreen- data-track-element-type=\"Article image fullscreen\" data-track-name=\"ImageFullscreen\" decoding=\"async\" loading=\"lazy\" height=\"2400\" itemprop=\"image\"  src=\"https:\/\/www.europesays.com\/no\/wp-content\/uploads\/2026\/01\/d3b17eae-8b57-46e4-bfda-fdb9b6d1a72c.jpeg\"  style=\"object-position:0% 0%\" width=\"3200\"\/>Venezuelas tidligere president Nicol\u00e1s Maduro og USAs president Donald Trump har i lang tid hatt en anspent forhold.   Foto: [ADEM ALTAN, ANDREW CABALLERO-REYNOLDS] \/ AFP \/ NTB<\/p>\n<p class=\"_paragraph_o9xde_4 _paragraph_xtcu6_10 layout-component text-serif-m layout-normal text-serif-m layout-padded\">Han p\u00e5peker at presidentens interesse i Gr\u00f8nland ikke kan sammenlignes med <a href=\"https:\/\/www.vg.no\/nyheter\/i\/vrmLpj\/trump-klassifiserer-venezuelas-regime-som-utenlandsk-terrororganisasjon\" data-track-element-type=\"Link\" data-track-id=\"link:vrmLpj\" class=\"_link_o9xde_39\" rel=\"nofollow noopener\" target=\"_blank\">det \u00e5relange fiendskapet til Venezuelas Maduro<\/a>, men at milit\u00e6roperasjonen viser at den amerikanske presidenten er villig til \u00e5 sette milit\u00e6rmakt bak ordene om amerikansk dominans p\u00e5 den vestlige halvkule. <\/p>\n<p>\u2013 Kan ikke sove i timen<\/p>\n<p class=\"_paragraph_o9xde_4 _paragraph_xtcu6_10 layout-component text-serif-m layout-normal text-serif-m layout-padded\">USAs forhold til Gr\u00f8nland er vesentlig annerledes enn forholdet til Venezuela, p\u00e5peker professor Hoogensen Gj\u00f8rv.<\/p>\n<p class=\"_paragraph_o9xde_4 _paragraph_xtcu6_10 layout-component text-serif-m layout-normal text-serif-m layout-padded\">\u2013 Vi vet at Trump ikke er en stor fan av NATO og det er mye usikkerhet rundt det, men til syvende og sist er USA en del av de allierte, og oppf\u00f8rer seg stort sett deretter. Det har mye \u00e5 si for om utspillene rundt Gr\u00f8nland er reelle. <\/p>\n<p><img alt=\"Protester mot Trumps Gr\u00f8nland-utspill utenfor den amerikanske ambassaden i K\u00f8benhavn i mars.   Foto: NILS MEILVANG \/ AFP \/ NTB\" class=\"_image_qp4xg_65 layout-component layout-normal\" data-fullscreen- data-track-element-type=\"Article image fullscreen\" data-track-name=\"ImageFullscreen\" decoding=\"async\" loading=\"lazy\" height=\"4000\" itemprop=\"image\"  src=\"https:\/\/www.europesays.com\/no\/wp-content\/uploads\/2026\/01\/20b5ba4c-502b-4be0-bac5-7b175bc2c36d.png\"  style=\"object-position:0% 0%\" width=\"6000\"\/>Protester mot Trumps Gr\u00f8nland-utspill utenfor den amerikanske ambassaden i K\u00f8benhavn i mars.   Foto: NILS MEILVANG \/ AFP \/ NTB<\/p>\n<p class=\"_paragraph_o9xde_4 _paragraph_xtcu6_10 layout-component text-serif-m layout-normal text-serif-m layout-padded\"><strong class=\"_strong_o9xde_25\">Samtidig betyr det ikke at vi kan \u00absove i timen,\u00bb sier hun videre. <\/strong><\/p>\n<p class=\"_paragraph_o9xde_4 _paragraph_xtcu6_10 layout-component text-serif-m layout-normal text-serif-m layout-padded\">\u2013 Angrepet i Venezuela er nok et tegn p\u00e5 at vi virkelig m\u00e5 stramme opp en samlet sikkerhetstiln\u00e6rming i Europa. Ikke for \u00e5 utelukke USA, for USA er fremdeles en viktig del av NATO, og det tar de p\u00e5 alvor. Men for \u00e5 vise sterkere europeisk tilstedev\u00e6relse, samarbeid og suverenitet. Vi m\u00e5 st\u00e5 rundt Danmark og Gr\u00f8nland og legge vekt p\u00e5 at vi er del av samme allianse.<\/p>\n<p>   Ikke bekymret<\/p>\n<p class=\"_paragraph_o9xde_4 _paragraph_xtcu6_10 layout-component text-serif-m layout-normal text-serif-m layout-padded\">Ogs\u00e5 lektor Peter Viggo Jakobsen ved det danske Forsvarsakademiet peker p\u00e5 at Gr\u00f8nland og Venezuela er to ulike saker for USA. <\/p>\n<p class=\"_paragraph_o9xde_4 _paragraph_xtcu6_10 layout-component text-serif-m layout-normal text-serif-m layout-padded\">\u2013 Det er stor forskjell p\u00e5 \u00e5 g\u00e5 inn og fjerne en regjering i et land som Venezuela, som ikke har noen venner i verden, og \u00e5 gj\u00f8re dette mot et Nato-land, en n\u00e6r alliert, sier han, og p\u00e5peker at det vil utl\u00f8se massiv kritikk fra b\u00e5de Nato, EU og innad i USA. <\/p>\n<p class=\"_paragraph_o9xde_4 _paragraph_xtcu6_10 layout-component text-serif-m layout-normal text-serif-m layout-padded\"><strong class=\"_strong_o9xde_25\">Derfor er ikke Jakobsen, som har ekspertise innenfor blant annet forsvars- og sikkerhetspolitikk, mer bekymret for en eventuell trussel mot Gr\u00f8nland etter USAs angrep mot Venezuela. <\/strong><\/p>\n<p><img decoding=\"async\" alt=\"Bilde av Petter Viggo Jakobsen\" class=\"_image_ygndg_42\" height=\"60\" itemprop=\"image\" loading=\"lazy\"  src=\"https:\/\/www.europesays.com\/no\/wp-content\/uploads\/2026\/01\/ec0154e8-dddf-4015-8172-5b885122bd65.jpeg\"  width=\"40\"\/><strong class=\"_name_ygndg_51 title-serif-xs\">Petter Viggo Jakobsen<\/strong><\/p>\n<p class=\"_paragraph_o9xde_4 text-sans-m _description_ygndg_56\">Lektor ved det danske Forsvarsakademiet<\/p>\n<p class=\"_paragraph_o9xde_4 _paragraph_xtcu6_10 layout-component text-serif-m layout-normal text-serif-m layout-padded\">\u2013 Danmark er, i alle fall p\u00e5 papiret, en venn av USA og har v\u00e6rt det siden andre verdenskrig, sier han, og legger til at han ikke tror USA vil risikere \u00e5 sette hele sitt alliansesystem i spill. <\/p>\n<p class=\"_paragraph_o9xde_4 _paragraph_xtcu6_10 layout-component text-serif-m layout-normal text-serif-m layout-padded\"><strong class=\"_strong_o9xde_25\">Jakobsen mener at USAs angrep i Venezuela snarere vil gj\u00f8re det vanskeligere for Trump. <\/strong><\/p>\n<p class=\"_paragraph_o9xde_4 _paragraph_xtcu6_10 layout-component text-serif-m layout-normal text-serif-m layout-padded\">\u2013 Det som har skjedd i Venezuela vil bare gj\u00f8re gr\u00f8nlenderne enda reddere for USA. Det er ingen sjanse for at den gr\u00f8nlandske regjeringen eller flertallet av gr\u00f8nlandske politikere vil n\u00e6rme seg USA p\u00e5 noen m\u00e5te, sier han.<\/p>\n<p><img alt=\"USAs visepresident JD Vance bes\u00f8kte Gr\u00f8nland i mars.  Foto: Jim Watson \/ AP \/ NTB\" class=\"_image_qp4xg_65 layout-component layout-normal\" data-fullscreen- data-track-element-type=\"Article image fullscreen\" data-track-name=\"ImageFullscreen\" decoding=\"async\" loading=\"lazy\" height=\"4847\" itemprop=\"image\"  src=\"https:\/\/www.europesays.com\/no\/wp-content\/uploads\/2026\/01\/6e500e2b-55dd-4a0d-b407-4b452c3eadff.jpeg\"  style=\"object-position:0% 0%\" width=\"7270\"\/>USAs visepresident JD Vance bes\u00f8kte Gr\u00f8nland i mars.  Foto: Jim Watson \/ AP \/ NTB\u2013 M\u00e5 tas p\u00e5 alvor<\/p>\n<p class=\"_paragraph_o9xde_4 _paragraph_xtcu6_10 layout-component text-serif-m layout-normal text-serif-m layout-padded\">Professor Gunhild Hoogensen Gj\u00f8rv kaller Gr\u00f8nland-bildet p\u00e5 X problematisk og \u00abhelt hinsides\u00bb.<\/p>\n<p class=\"_paragraph_o9xde_4 _paragraph_xtcu6_10 layout-component text-serif-m layout-normal text-serif-m layout-padded\">\u2013 Vi kan ikke si at dette representerer en konkret plan fra Trump-administrasjonens side. Samtidig vet vi ikke hvor betydningsfullt det er at Miller er kone til Trumps visestabsjef, for USA preges n\u00e5 av at det er bestevenner og familie som blir ansatt i ulike poster, heller enn deres akademiske bakgrunn eller politiske erfaring. <\/p>\n<p class=\"_paragraph_o9xde_4 _paragraph_xtcu6_10 layout-component text-serif-m layout-normal text-serif-m layout-padded\">Det m\u00e5 tas p\u00e5 alvor, sl\u00e5r Hoogensen Gj\u00f8rv fast.<\/p>\n<p class=\"_paragraph_o9xde_4 _paragraph_xtcu6_10 layout-component text-serif-m layout-normal text-serif-m layout-padded\">\u2013 For Trump og hans administrasjon er uforutsigbare, og det er veldig bekymringsfylt.<\/p>\n<p class=\"_paragraph_o9xde_4 _paragraph_xtcu6_10 layout-component text-serif-m layout-normal text-serif-m layout-padded\">Statsminister Jonas Gahr St\u00f8re har tidligere g\u00e5tt ut mot Trumps Gr\u00f8nland-utspill.<\/p>\n<p class=\"_paragraph_o9xde_4 _paragraph_xtcu6_10 layout-component text-serif-m layout-normal text-serif-m layout-padded\">\u2013 Det er ikke greit \u00e5 antyde bruk av milit\u00e6r makt mot en alliert. Det er ikke greit \u00e5 antyde at en vil ta  til seg land under andre sin suverenitet, har han sagt til <a href=\"https:\/\/www.nrk.no\/norge\/jonas-gahr-store-kommenterer-donald-trumps-utspel-pa-gronland-1.17198429?utm_source=sdrn%3Avg%3Aarticle%3AXjpA8x\" class=\"_link_o9xde_39\" rel=\"nofollow noopener\" target=\"_blank\">NRK<\/a>. <\/p>\n<p><img decoding=\"async\" alt=\"Bilde av Jonas Gahr St\u00f8re\" class=\"_image_ygndg_42\" height=\"27\" itemprop=\"image\" loading=\"lazy\"  src=\"https:\/\/www.europesays.com\/no\/wp-content\/uploads\/2026\/01\/a950c089-d427-490b-ab0e-3f5933476a07.jpeg\"  width=\"40\"\/><strong class=\"_name_ygndg_51 title-serif-xs\">Jonas Gahr St\u00f8re<\/strong><\/p>\n<p class=\"_paragraph_o9xde_4 text-sans-m _description_ygndg_56\">Statsminister<\/p>\n<p class=\"_paragraph_o9xde_4 _paragraph_xtcu6_10 layout-component text-serif-m layout-normal text-serif-m layout-padded\">\u2013 Danmarks ambassad\u00f8r i USA har kommentert Gr\u00f8nland-bildet p\u00e5 X. B\u00f8r Norge ogs\u00e5 reagere her?<\/p>\n<p class=\"_paragraph_o9xde_4 _paragraph_xtcu6_10 layout-component text-serif-m layout-normal text-serif-m layout-padded\">\u2013 Vi har blitt vant til en annen form for diplomati med Trump, der han ofte g\u00e5r raskere ut p\u00e5 sosiale medier enn han g\u00e5r i dialog gjennom ordin\u00e6re, diplomatiske kanaler. Det er ikke alltid passende, og det er ikke slik man b\u00f8r forhandle, eller ytre seg om interesser. Men slik er verden vi lever i n\u00e5, sier professor Hoogensen Gj\u00f8rv, og legger til:<\/p>\n<p class=\"_paragraph_o9xde_4 _paragraph_xtcu6_10 layout-component text-serif-m layout-normal text-serif-m layout-padded\">\u2013 Dette bildet er ikke passende, men jeg tror Norges diplomatiske team vet bedre enn \u00e5 kommentere det n\u00e5, i tillegg til at man nok legger seg p\u00e5 en balanse for \u00e5 ikke forn\u00e6rme Trump, for han er en l\u00f8s kanon. Det er forst\u00e5elig.<\/p>\n<p class=\"_paragraph_o9xde_4 _paragraph_xtcu6_10 layout-component text-serif-m layout-normal text-serif-m layout-padded\"><strong class=\"_strong_o9xde_25\">VG har i ettertid kontaktet Peter Viggo Jakobsen ved det danske Forsvarsakademiet om Gr\u00f8nland-innlegget p\u00e5 X. Han sier det ikke endrer hans synspunkter.<\/strong><\/p>\n<p>   \u2013 Viktig \u00e5 st\u00e5 opp for folkeretten<\/p>\n<p class=\"_paragraph_o9xde_4 _paragraph_xtcu6_10 layout-component text-serif-m layout-normal text-serif-m layout-padded\">B\u00e5de Danmarks statsminister<a href=\"https:\/\/x.com\/Statsmin\/status\/2007519231479632063\" class=\"_link_o9xde_39\" rel=\"nofollow\"> Mette Frederiksen<\/a> og Danmarks utenriksminister Lars L\u00f8kke Rasmussen kommenterte USAs angrep p\u00e5 l\u00f8rdag, og viste til at de f\u00f8lger situasjonen n\u00f8ye.<\/p>\n<p class=\"_paragraph_o9xde_4 _paragraph_xtcu6_10 layout-component text-serif-m layout-normal text-serif-m layout-padded\">\u2013 Dramatisk utvikling i Venezuela, som vi f\u00f8lger tett. Vi m\u00e5 komme tilbake p\u00e5 sporet mot deeskalering og dialog. Internasjonal lov m\u00e5 respekteres, skrev L\u00f8kke Rasmussen p\u00e5 <a href=\"https:\/\/x.com\/DanishMFA\/status\/2007441342889082971\" class=\"_link_o9xde_39\" rel=\"nofollow\">X<\/a>.<\/p>\n<p><img decoding=\"async\" alt=\"Bilde av Lars L\u00f8kke Rasmussen\" class=\"_image_ygndg_42\" height=\"27\" itemprop=\"image\" loading=\"lazy\"  src=\"https:\/\/www.europesays.com\/no\/wp-content\/uploads\/2026\/01\/b8e19662-855b-4716-952e-8d4239b35912.jpeg\"  width=\"40\"\/><strong class=\"_name_ygndg_51 title-serif-xs\">Lars L\u00f8kke Rasmussen<\/strong><\/p>\n<p class=\"_paragraph_o9xde_4 text-sans-m _description_ygndg_56\">Danmarks utenriksminister<\/p>\n<p class=\"_paragraph_o9xde_4 _paragraph_xtcu6_10 layout-component text-serif-m layout-normal text-serif-m layout-padded\">\u2013 B\u00f8r Norge reagere sterkere p\u00e5 USAs angrep mot Venezuela?<\/p>\n<p class=\"_paragraph_o9xde_4 _paragraph_xtcu6_10 layout-component text-serif-m layout-normal text-serif-m layout-padded\">\u2013 Regjeringen har g\u00e5tt ut og sagt <a href=\"https:\/\/www.regjeringen.no\/no\/aktuelt\/uttalelse-fra-utenriksminister-espen-barth-eide-om-situasjonen-i-venezuela\/id3144777\/\" class=\"_link_o9xde_39\" rel=\"nofollow noopener\" target=\"_blank\">dette er folkerettsbrudd<\/a>, om enn noe forsiktig. Det er viktig at Norge og andre europeiske land st\u00e5r opp for folkeretten og verdiene vi sier vi representerer, og <a href=\"https:\/\/www.vg.no\/tag\/angrepet-mot-venezuela?utm_source=vg-article&amp;utm_medium=auto-tagger&amp;utm_campaign=aJwQdd\" class=\"_link_o9xde_39\" rel=\"nofollow noopener\" target=\"_blank\">angrepet mot Venezuela<\/a> m\u00e5 tas opp i FN, sier Hoogensen Gj\u00f8rv.<\/p>\n","protected":false},"excerpt":{"rendered":"Trumps angrep mot Venezuela skaper spekulasjoner om USA-annektering av Gr\u00f8nland. Et innlegg p\u00e5 X fra tidligere Trump-medarbeider som&hellip;\n","protected":false},"author":2,"featured_media":128756,"comment_status":"","ping_status":"","sticky":false,"template":"","format":"standard","meta":{"footnotes":""},"categories":[12],"tags":[14960,20,21,55,24,25,2112,15,22,23,13,30,28,29,14,16,26,27,95,42,43,44,45,4882],"class_list":{"0":"post-128755","1":"post","2":"type-post","3":"status-publish","4":"format-standard","5":"has-post-thumbnail","7":"category-verden","8":"tag-angrepet-mot-venezuela","9":"tag-breaking-news","10":"tag-breakingnews","11":"tag-donald-trump","12":"tag-featured-news","13":"tag-featurednews","14":"tag-gronland","15":"tag-headlines","16":"tag-latest-news","17":"tag-latestnews","18":"tag-news","19":"tag-no","20":"tag-norge","21":"tag-norway","22":"tag-nyheter","23":"tag-overskrifter","24":"tag-top-stories","25":"tag-topstories","26":"tag-venezuela","27":"tag-verden","28":"tag-world","29":"tag-world-news","30":"tag-worldnews","31":"tag-x"},"share_on_mastodon":{"url":"https:\/\/pubeurope.com\/@no\/115838386474966146","error":""},"_links":{"self":[{"href":"https:\/\/www.europesays.com\/no\/wp-json\/wp\/v2\/posts\/128755","targetHints":{"allow":["GET"]}}],"collection":[{"href":"https:\/\/www.europesays.com\/no\/wp-json\/wp\/v2\/posts"}],"about":[{"href":"https:\/\/www.europesays.com\/no\/wp-json\/wp\/v2\/types\/post"}],"author":[{"embeddable":true,"href":"https:\/\/www.europesays.com\/no\/wp-json\/wp\/v2\/users\/2"}],"replies":[{"embeddable":true,"href":"https:\/\/www.europesays.com\/no\/wp-json\/wp\/v2\/comments?post=128755"}],"version-history":[{"count":0,"href":"https:\/\/www.europesays.com\/no\/wp-json\/wp\/v2\/posts\/128755\/revisions"}],"wp:featuredmedia":[{"embeddable":true,"href":"https:\/\/www.europesays.com\/no\/wp-json\/wp\/v2\/media\/128756"}],"wp:attachment":[{"href":"https:\/\/www.europesays.com\/no\/wp-json\/wp\/v2\/media?parent=128755"}],"wp:term":[{"taxonomy":"category","embeddable":true,"href":"https:\/\/www.europesays.com\/no\/wp-json\/wp\/v2\/categories?post=128755"},{"taxonomy":"post_tag","embeddable":true,"href":"https:\/\/www.europesays.com\/no\/wp-json\/wp\/v2\/tags?post=128755"}],"curies":[{"name":"wp","href":"https:\/\/api.w.org\/{rel}","templated":true}]}}