{"id":128785,"date":"2026-01-04T19:50:09","date_gmt":"2026-01-04T19:50:09","guid":{"rendered":"https:\/\/www.europesays.com\/no\/128785\/"},"modified":"2026-01-04T19:50:09","modified_gmt":"2026-01-04T19:50:09","slug":"erling-braut-haaland-mislyktes-mot-chelsea","status":"publish","type":"post","link":"https:\/\/www.europesays.com\/no\/128785\/","title":{"rendered":"Erling Braut Haaland mislyktes mot Chelsea"},"content":{"rendered":"\n<p class=\"_lead_o9xde_2 _lead_xtcu6_50 layout-component text-serif-m layout-normal text-serif-l layout-component layout-wide layout-padded _wide_17hqh_1 layout-padded\">Alt l\u00e5 til rette for City-seier, men i sluttminuttene spolerte Enzo Fern\u00e1ndez moroa p\u00e5 Etihad.<\/p>\n<p> <img class=\"_image_qp4xg_65 layout-component layout-wide\" data-fullscreen- data-track-element-type=\"Article image fullscreen\" data-track-name=\"ImageFullscreen\" fetchpriority=\"high\" decoding=\"sync\" loading=\"eager\" height=\"102\" itemprop=\"image\"  src=\"https:\/\/www.europesays.com\/no\/wp-content\/uploads\/2026\/01\/eb67c630fe878ce27e115f1c26a2b9af.jpg\"  style=\"object-position:50% 50%;aspect-ratio:1.75;height:auto;object-fit:cover;width:100%\" width=\"102\"\/>  <\/p>\n<ul aria-hidden=\"true\" class=\"_images_ntbth_112\">\n<li><a class=\"_link_ntbth_117\" href=\"https:\/\/www.vg.no\/forfatter\/mads-thygesen\" style=\"z-index:1\" title=\"Mads Thygesen\" rel=\"nofollow noopener\" target=\"_blank\"><img alt=\"Bilde av Mads Thygesen\" class=\"_image_ntbth_93\" fetchpriority=\"low\" loading=\"lazy\" decoding=\"async\" itemprop=\"image\"  src=\"https:\/\/www.europesays.com\/no\/wp-content\/uploads\/2026\/01\/1767556209_543_d82576b6-c31c-43fc-a223-28ce8745295c.jpeg\"  width=\"480\"\/><\/a><\/li>\n<\/ul>\n<p> Oppdatert s\u00f8ndag 4. januar kl. 20:49    <\/p>\n<ul class=\"_list_o9xde_3 _list_64s2r_85 _unordered_o9xde_106 text-sans-m\">\n<li class=\"_item_o9xde_30\">Enzo Fernandez utlignet for Chelsea i sluttminuttene mot Manchester City, kampen endte 1\u20131.<\/li>\n<li class=\"_item_o9xde_30\">City s\u00e5 lenge ut til \u00e5 vinne, men mistet viktige poeng i titteljakten.<\/li>\n<li class=\"_item_o9xde_30\">Erling Braut Haaland hadde flere sjanser, men gikk m\u00e5ll\u00f8s av banen for tredje kamp p\u00e5 rad.<\/li>\n<li class=\"_item_o9xde_30\">Manchester City hyllet nylig avd\u00f8de \u00c5ge Hareide f\u00f8r kampstart.<\/li>\n<\/ul>\n<p>Vis mer <\/p>\n<p class=\"_paragraph_o9xde_4 _paragraph_xtcu6_10 layout-component text-serif-m layout-normal text-serif-m layout-padded\">\u2013 Det kan v\u00e6re seg s\u00e5nn at n\u00e5r vi kommer til mai, s\u00e5 er det denne scoringen som er med p\u00e5 \u00e5 avgj\u00f8re kampen om <a href=\"https:\/\/www.vg.no\/tag\/premier-league?utm_source=vg-article&amp;utm_medium=auto-tagger&amp;utm_campaign=43qw2E\" class=\"_link_o9xde_39\" rel=\"nofollow noopener\" target=\"_blank\">Premier League<\/a>-trofeet, sier Viaplays ekspertkommentator Lars Tj\u00e6rn\u00e5s.<\/p>\n<p class=\"_paragraph_o9xde_4 _paragraph_xtcu6_10 layout-component text-serif-m layout-normal text-serif-m layout-padded\">Gjennom 94 minutter s\u00e5 det ut til at Manchester City skulle beholde alle de tre poengene p\u00e5 Etihad Stadium &#8211; for Chelsea s\u00e5 d\u00f8de og begravde ut.<\/p>\n<p class=\"_paragraph_o9xde_4 _paragraph_xtcu6_10 layout-component text-serif-m layout-normal text-serif-m layout-padded\">Men ut av ingenting finner Malen Gusto argentinske Enzo Fern\u00e1ndez p\u00e5 bakerst stolpe og vipps sto det 1\u20131.<\/p>\n<p class=\"_paragraph_o9xde_4 _paragraph_xtcu6_10 layout-component text-serif-m layout-normal text-serif-m layout-padded\">\u2013 Det er et stort m\u00e5l for Chelsea og et stort m\u00e5l for Arsenal, sier Gary Neville hos Sky Sports.<\/p>\n<p><img alt=\"\u2013 Pep er forbanna, sier Gary Neville etter Citys poengtap hjemme mot Chelsea.  Foto: Phil Noble \/ Reuters \/ NTB\" class=\"_image_qp4xg_65 layout-component layout-normal\" data-fullscreen- data-track-element-type=\"Article image fullscreen\" data-track-name=\"ImageFullscreen\" decoding=\"async\" loading=\"lazy\" height=\"1630\" itemprop=\"image\"  src=\"https:\/\/www.europesays.com\/no\/wp-content\/uploads\/2026\/01\/c79e968a-2349-45f1-8759-37014207a87e.jpeg\"  style=\"object-position:0% 0%\" width=\"2300\"\/>\u2013 Pep er forbanna, sier Gary Neville etter Citys poengtap hjemme mot Chelsea.  Foto: Phil Noble \/ Reuters \/ NTB<\/p>\n<p class=\"_paragraph_o9xde_4 _paragraph_xtcu6_10 layout-component text-serif-m layout-normal text-serif-m layout-padded\">Etter Arsenals seier mot Bournemouth l\u00f8rdag l\u00e5 presset p\u00e5 Manchester City, som kommer halsende etter ligalederen p\u00e5 tabellen.<\/p>\n<p class=\"_paragraph_o9xde_4 _paragraph_xtcu6_10 layout-component text-serif-m layout-normal text-serif-m layout-padded\">Med tapet av tre poeng langt inne i overtiden f\u00e5r Citys h\u00e5p om \u00e5 henge med i tittelstriden et slag for baugen.<\/p>\n<p class=\"_paragraph_o9xde_4 _paragraph_xtcu6_10 layout-component text-serif-m layout-normal text-serif-m layout-padded\">\u2013 De er vanligvis mer n\u00e5del\u00f8se. Hva har endret seg, hva er forskjellen? De har bare seg selv \u00e5 takke, sier tidligere Micah Richards i Sky Sports studioet etter kampen.<\/p>\n<p class=\"_paragraph_o9xde_4 _paragraph_xtcu6_10 layout-component text-serif-m layout-normal text-serif-m layout-padded\">En seier s\u00f8ndag ville f\u00f8rt Manchester City helt opp i ryggen p\u00e5 Arsenal. Seks poeng skiller de to lagene, som mest sannsynlig, skal kjempe om ligatittelen.<\/p>\n<p class=\"_paragraph_o9xde_4 _paragraph_xtcu6_10 layout-component text-serif-m layout-normal text-serif-m layout-padded\">I pausen kom Viaplay-ekspert Jan \u00c5ge Fj\u00f8rtoft med sin sp\u00e5dom om hvordan kappl\u00f8pet om seriemesterskapet kommer til \u00e5 se ut.<\/p>\n<p class=\"_paragraph_o9xde_4 _paragraph_xtcu6_10 layout-component text-serif-m layout-normal text-serif-m layout-padded\">\u2013 Leder Arsenal med syv poeng eller mer vinner de, hvis ikke vinner Manchester City, sier han.<\/p>\n<p class=\"_paragraph_o9xde_4 _paragraph_xtcu6_10 layout-component text-serif-m layout-normal text-serif-m layout-padded\">Det har g\u00e5tt tre dager siden Enzo Maresca m\u00e5tte takke for seg i Chelsea. S\u00f8ndag var det Callum McFarlane, som er flyttet opp fra U21-laget, som hadde hovedansvaret.<\/p>\n<p class=\"_paragraph_o9xde_4 _paragraph_xtcu6_10 layout-component text-serif-m layout-normal text-serif-m layout-padded\">\u2013 Det har v\u00e6rt vanskelig for oss for han er en bra trener, men s\u00e5nn er fotball og vi m\u00e5 bare, sier Enzo Fernandez om Maresca etter kampen.<\/p>\n<p class=\"_paragraph_o9xde_4 _paragraph_xtcu6_10 layout-component text-serif-m layout-normal text-serif-m layout-padded\">Briten kunne neppe f\u00e5tt en vanskeligere test i sin f\u00f8rste kamp enn borte mot Manchester City. <\/p>\n<p class=\"_paragraph_o9xde_4 _paragraph_xtcu6_10 layout-component text-serif-m layout-normal text-serif-m layout-padded\">Det tok over 70 minutter f\u00f8r han fikk se laget sitt f\u00e5 et skudd p\u00e5 m\u00e5l. Fram til da hadde Chelsea kun to skudd \u2013 begge over tverrliggeren til Gianluigi Donnarumma.<\/p>\n<p class=\"_paragraph_o9xde_4 _paragraph_xtcu6_10 layout-component text-serif-m layout-normal text-serif-m layout-padded\">En av dem burde Pedro Neto satt den ene i m\u00e5l. Portugiseren fikk ballen alene p\u00e5 elleve meter, men sendte kulen, som nevnt, over m\u00e5l.<\/p>\n<p class=\"_paragraph_o9xde_4 _paragraph_xtcu6_10 layout-component text-serif-m layout-normal text-serif-m layout-padded\">\u2013 Det er som et straffespark og regne, kommenterte en himmelfallen Lars Tj\u00e6rn\u00e5s etter kjempesjansen.<\/p>\n<p><img alt=\"Foto: Dave Thompson \/ AP \/ NTB\" class=\"_image_qp4xg_65 layout-component layout-normal\" data-fullscreen- data-track-element-type=\"Article image fullscreen\" data-track-name=\"ImageFullscreen\" decoding=\"async\" loading=\"lazy\" height=\"4000\" itemprop=\"image\"  src=\"https:\/\/www.europesays.com\/no\/wp-content\/uploads\/2026\/01\/5fea4a1a-3947-46a6-b7bf-3f17495efebd.jpeg\"  style=\"object-position:0% 0%\" width=\"6000\"\/>Foto: Dave Thompson \/ AP \/ NTB<\/p>\n<p class=\"_paragraph_o9xde_4 _paragraph_xtcu6_10 layout-component text-serif-m layout-normal text-serif-m layout-padded\">Tijjani Reijnders s\u00e5 lenge ut til \u00e5 bli tungen p\u00e5 vektsk\u00e5len med scoring rett f\u00f8r pause. Erling Braut Haaland sto hele kampen, men fant aldri nettmaskene.<\/p>\n<p class=\"_paragraph_o9xde_4 _paragraph_xtcu6_10 layout-component text-serif-m layout-normal text-serif-m layout-padded\">Dermed m\u00e5 den norske storscoreren vente med \u00e5 krysse av for nok en stor milep\u00e6l i karrieren.<\/p>\n<p class=\"_paragraph_o9xde_4 _paragraph_xtcu6_10 layout-component text-serif-m layout-normal text-serif-m layout-padded\">For med scoring mot Chelsea s\u00f8ndag kveld kunne Erling Braut Haaland sl\u00e5 seg p\u00e5 brystet og vise til 150 m\u00e5l i den lysebl\u00e5 Manchester City-drakten.<\/p>\n<p class=\"_paragraph_o9xde_4 _paragraph_xtcu6_10 layout-component text-serif-m layout-normal text-serif-m layout-padded\">I f\u00f8rste omgang var j\u00e6rbuen utrolig n\u00e6r ved \u00e5 score b\u00e5de en og to ganger, men metallet og et Chelsea-bein sto i veien for nordmannen \u2013 som har g\u00e5tt tre kamper uten scoring.<\/p>\n<p class=\"_paragraph_o9xde_4 _paragraph_xtcu6_10 layout-component text-serif-m layout-normal text-serif-m layout-padded\">\u2013 Det g\u00e5r ikke han \u00e5 gj\u00f8re det stort bedre enn det han gj\u00f8r der. Det handler kun om flaks uflaks, kommenterte Lars Tj\u00e6rn\u00e5s.<\/p>\n<p class=\"_paragraph_o9xde_4 _paragraph_xtcu6_10 layout-component text-serif-m layout-normal text-serif-m layout-padded\">Superspissen har ikke g\u00e5tt tre m\u00e5ll\u00f8se kamper i Premier League siden november 2024.<\/p>\n<p class=\"_paragraph_o9xde_4 _paragraph_xtcu6_10 layout-component text-serif-m layout-normal text-serif-m layout-padded\">Men inn til hvilen ledet hjemmelaget 1\u20130 etter scoring av Tijjani Reijnders. Inn i Chelseas 16-meter rykket nederlenderen seg fri og satte ballen opp i nettaket. <\/p>\n<p class=\"_paragraph_o9xde_4 _paragraph_xtcu6_10 layout-component text-serif-m layout-normal text-serif-m layout-padded\">\u2013 Han skal ikke klare \u00e5 score derfra. Men skuddet overrasker keeperen, sier Sky Sports-ekspert Gary Neville om scoringen.<\/p>\n<p class=\"_paragraph_o9xde_4 _paragraph_xtcu6_10 layout-component text-serif-m layout-normal text-serif-m layout-padded\">F\u00f8r kampstart i Manchester ble nylig avd\u00f8de \u00c5ge Hareide hyllet. Det norske trener-ikonet var blant flere avd\u00f8de City-profiler som ble minnet f\u00f8r avspark mot Chelsea.<\/p>\n<p class=\"_paragraph_o9xde_4 _paragraph_xtcu6_10 layout-component text-serif-m layout-normal text-serif-m layout-padded\">Hareide spilte for Manchester City fra 1981 til 1983. Klubben var blant flere som delte sine kondolanser etter at han d\u00f8de 18. desember.<\/p>\n","protected":false},"excerpt":{"rendered":"Alt l\u00e5 til rette for City-seier, men i sluttminuttene spolerte Enzo Fern\u00e1ndez moroa p\u00e5 Etihad. Oppdatert s\u00f8ndag 4.&hellip;\n","protected":false},"author":2,"featured_media":128786,"comment_status":"","ping_status":"","sticky":false,"template":"","format":"standard","meta":{"footnotes":""},"categories":[5],"tags":[20,21,1693,810,24,25,92,15,19,22,23,17,18,671,13,30,28,29,14,16,161,26,27],"class_list":{"0":"post-128785","1":"post","2":"type-post","3":"status-publish","4":"format-standard","5":"has-post-thumbnail","7":"category-overskrifter","8":"tag-breaking-news","9":"tag-breakingnews","10":"tag-chelsea-fc","11":"tag-erling-braut-haaland","12":"tag-featured-news","13":"tag-featurednews","14":"tag-fotball","15":"tag-headlines","16":"tag-hovedoppslag","17":"tag-latest-news","18":"tag-latestnews","19":"tag-main-news","20":"tag-mainnews","21":"tag-manchester-city","22":"tag-news","23":"tag-no","24":"tag-norge","25":"tag-norway","26":"tag-nyheter","27":"tag-overskrifter","28":"tag-premier-league","29":"tag-top-stories","30":"tag-topstories"},"share_on_mastodon":{"url":"https:\/\/pubeurope.com\/@no\/115838571228841593","error":""},"_links":{"self":[{"href":"https:\/\/www.europesays.com\/no\/wp-json\/wp\/v2\/posts\/128785","targetHints":{"allow":["GET"]}}],"collection":[{"href":"https:\/\/www.europesays.com\/no\/wp-json\/wp\/v2\/posts"}],"about":[{"href":"https:\/\/www.europesays.com\/no\/wp-json\/wp\/v2\/types\/post"}],"author":[{"embeddable":true,"href":"https:\/\/www.europesays.com\/no\/wp-json\/wp\/v2\/users\/2"}],"replies":[{"embeddable":true,"href":"https:\/\/www.europesays.com\/no\/wp-json\/wp\/v2\/comments?post=128785"}],"version-history":[{"count":0,"href":"https:\/\/www.europesays.com\/no\/wp-json\/wp\/v2\/posts\/128785\/revisions"}],"wp:featuredmedia":[{"embeddable":true,"href":"https:\/\/www.europesays.com\/no\/wp-json\/wp\/v2\/media\/128786"}],"wp:attachment":[{"href":"https:\/\/www.europesays.com\/no\/wp-json\/wp\/v2\/media?parent=128785"}],"wp:term":[{"taxonomy":"category","embeddable":true,"href":"https:\/\/www.europesays.com\/no\/wp-json\/wp\/v2\/categories?post=128785"},{"taxonomy":"post_tag","embeddable":true,"href":"https:\/\/www.europesays.com\/no\/wp-json\/wp\/v2\/tags?post=128785"}],"curies":[{"name":"wp","href":"https:\/\/api.w.org\/{rel}","templated":true}]}}