{"id":128806,"date":"2026-01-04T20:24:07","date_gmt":"2026-01-04T20:24:07","guid":{"rendered":"https:\/\/www.europesays.com\/no\/128806\/"},"modified":"2026-01-04T20:24:07","modified_gmt":"2026-01-04T20:24:07","slug":"hendelser-skien-trafikkulykke-i-skien","status":"publish","type":"post","link":"https:\/\/www.europesays.com\/no\/128806\/","title":{"rendered":"Hendelser, Skien | Trafikkulykke i Skien"},"content":{"rendered":"\n<p><b>Siste:<\/b> Politiet er p\u00e5 stedet. Det er ikke skader som p\u00e5virker jernbanebroa. Bilen har kollidert i en mur og det er mindre skader p\u00e5 den. Bilberger er varslet og p\u00e5 vei. Politiet har avsluttet p\u00e5 stedet, og det blir ingen videre oppf\u00f8lgingstiltak fra politiet i saken.<\/p>\n<p>Klokken 20.31, s\u00f8ndag kveld, melder politiet at de har mottatt melding om en trafikkulykke p\u00e5 Valeb\u00f8vegen i Skien. Det er en bil og en person involvert i ulykken. <\/p>\n<p>Operasjonsleder Vegar Dale M\u00f8ane hos S\u00f8r-\u00d8st politidistrikt opplyser at bilen har kollidert med et brokar til en jernbanebro p\u00e5 stedet. f\u00f8reren framst\u00e5r som uskadd etter hendelsen. <\/p>\n<p>Veien blokkert og stengt p\u00e5 stedet.<\/p>\n<p>Artikkelen oppdateres.<\/p>\n","protected":false},"excerpt":{"rendered":"Siste: Politiet er p\u00e5 stedet. Det er ikke skader som p\u00e5virker jernbanebroa. Bilen har kollidert i en mur&hellip;\n","protected":false},"author":2,"featured_media":1273,"comment_status":"","ping_status":"","sticky":false,"template":"","format":"standard","meta":{"footnotes":""},"categories":[10],"tags":[36,20,21,24,25,15,168,22,23,13,30,28,29,14,16,393,1510,26,27,666],"class_list":{"0":"post-128806","1":"post","2":"type-post","3":"status-publish","4":"format-standard","5":"has-post-thumbnail","7":"category-norge","8":"tag-art","9":"tag-breaking-news","10":"tag-breakingnews","11":"tag-featured-news","12":"tag-featurednews","13":"tag-headlines","14":"tag-hendelser","15":"tag-latest-news","16":"tag-latestnews","17":"tag-news","18":"tag-no","19":"tag-norge","20":"tag-norway","21":"tag-nyheter","22":"tag-overskrifter","23":"tag-skien","24":"tag-story","25":"tag-top-stories","26":"tag-topstories","27":"tag-trafikkulykke"},"share_on_mastodon":{"url":"https:\/\/pubeurope.com\/@no\/115838704824710077","error":""},"_links":{"self":[{"href":"https:\/\/www.europesays.com\/no\/wp-json\/wp\/v2\/posts\/128806","targetHints":{"allow":["GET"]}}],"collection":[{"href":"https:\/\/www.europesays.com\/no\/wp-json\/wp\/v2\/posts"}],"about":[{"href":"https:\/\/www.europesays.com\/no\/wp-json\/wp\/v2\/types\/post"}],"author":[{"embeddable":true,"href":"https:\/\/www.europesays.com\/no\/wp-json\/wp\/v2\/users\/2"}],"replies":[{"embeddable":true,"href":"https:\/\/www.europesays.com\/no\/wp-json\/wp\/v2\/comments?post=128806"}],"version-history":[{"count":0,"href":"https:\/\/www.europesays.com\/no\/wp-json\/wp\/v2\/posts\/128806\/revisions"}],"wp:featuredmedia":[{"embeddable":true,"href":"https:\/\/www.europesays.com\/no\/wp-json\/wp\/v2\/media\/1273"}],"wp:attachment":[{"href":"https:\/\/www.europesays.com\/no\/wp-json\/wp\/v2\/media?parent=128806"}],"wp:term":[{"taxonomy":"category","embeddable":true,"href":"https:\/\/www.europesays.com\/no\/wp-json\/wp\/v2\/categories?post=128806"},{"taxonomy":"post_tag","embeddable":true,"href":"https:\/\/www.europesays.com\/no\/wp-json\/wp\/v2\/tags?post=128806"}],"curies":[{"name":"wp","href":"https:\/\/api.w.org\/{rel}","templated":true}]}}