{"id":128814,"date":"2026-01-04T20:41:07","date_gmt":"2026-01-04T20:41:07","guid":{"rendered":"https:\/\/www.europesays.com\/no\/128814\/"},"modified":"2026-01-04T20:41:07","modified_gmt":"2026-01-04T20:41:07","slug":"kabelbrudd-mistenkt-skip-slepte-anker-i-flere-titalls-kilometer","status":"publish","type":"post","link":"https:\/\/www.europesays.com\/no\/128814\/","title":{"rendered":"Kabelbrudd-mistenkt skip slepte anker i flere titalls kilometer"},"content":{"rendered":"\n<p class=\"_lead_o9xde_2 _lead_xtcu6_50 layout-component text-serif-m layout-normal text-serif-l layout-component layout-wide layout-padded _wide_17hqh_1 layout-padded\">Skipet som mistenkes for \u00e5 ha for\u00e5rsaket kabelbruddet mellom Finland og Estland, slepte ankeret flere titalls kilometer, sier finsk politi. <\/p>\n<p><img alt=\"Her ligger det beslaglagte fart\u00f8yet Fitburg i havn i Kirkkonummi i Finland, 31. desember Foto: Roni Rekomaa \/ Reuters \/ NTB\" class=\"_image_qp4xg_65 layout-component layout-wide\" data-fullscreen- data-track-element-type=\"Article image fullscreen\" data-track-name=\"ImageFullscreen\" fetchpriority=\"high\" decoding=\"sync\" loading=\"eager\" height=\"4096\" itemprop=\"image\"  src=\"https:\/\/www.europesays.com\/no\/wp-content\/uploads\/2026\/01\/c5b9271e-6e8f-4268-b99c-a0847ffc8810.png\"  style=\"object-position:0% 0%\" width=\"6144\"\/>Her ligger det beslaglagte fart\u00f8yet Fitburg i havn i Kirkkonummi i Finland, 31. desember Foto: Roni Rekomaa \/ Reuters \/ NTB<\/p>\n<ul aria-hidden=\"true\" class=\"_images_ntbth_112\">\n<li><a class=\"_link_ntbth_117\" href=\"https:\/\/www.vg.no\/forfatter\/eline-hauger\" style=\"z-index:2\" title=\"Eline Hauger\" rel=\"nofollow noopener\" target=\"_blank\"><img alt=\"Bilde av Eline Hauger\" class=\"_image_ntbth_93\" fetchpriority=\"low\" loading=\"lazy\" decoding=\"async\" itemprop=\"image\"  src=\"https:\/\/www.europesays.com\/no\/wp-content\/uploads\/2026\/01\/1767559267_946_3dd290e1-4a44-4b56-a5ad-64fb323cd6ac.png\"  width=\"480\"\/><\/a><\/li>\n<li><a class=\"_link_ntbth_117\" href=\"https:\/\/www.vg.no\/forfatter\/ntb\" style=\"z-index:1\" title=\"NTB\" rel=\"nofollow noopener\" target=\"_blank\"><img alt=\"Bilde av NTB\" class=\"_image_ntbth_93\" fetchpriority=\"low\" loading=\"lazy\" decoding=\"async\" itemprop=\"image\"  src=\"https:\/\/www.europesays.com\/no\/wp-content\/uploads\/2026\/01\/1767559267_670_c33980b0-5d07-4027-84a1-813f90a7c8d6.png\"  width=\"480\"\/><\/a><\/li>\n<\/ul>\n<p> Oppdatert s\u00f8ndag 4. januar kl. 21:35    <\/p>\n<ul class=\"_list_o9xde_3 _list_64s2r_85 _unordered_o9xde_106 text-sans-m\">\n<li class=\"_item_o9xde_30\">Finsk politi mistenker at et lasteskip fra Russland har for\u00e5rsaket kabelbruddet mellom Finland og Estland ved \u00e5 slepe ankeret flere titalls kilometer.<\/li>\n<li class=\"_item_o9xde_30\">Et besetningsmedlem fra skipet ble p\u00e5grepet s\u00f8ndag, og to andre er ogs\u00e5 arrestert.<\/li>\n<li class=\"_item_o9xde_30\">Latvia melder om enda en skadet fiberkabel i \u00d8stersj\u00f8en, uten at \u00e5rsaken er kjent. <\/li>\n<li class=\"_item_o9xde_30\">Nato har \u00f8kt sitt n\u00e6rv\u00e6r i regionen grunnet hyppige brudd p\u00e5 kritisk infrastruktur.<\/li>\n<\/ul>\n<p>Vis mer <\/p>\n<p class=\"_paragraph_o9xde_4 _paragraph_xtcu6_10 layout-component text-serif-m layout-normal text-serif-m layout-padded\"> I unders\u00f8kelser av havbunnen er det funnet et flere kilometer langt slepespor langs ruten til det mistenkte skipet, melder <a href=\"https:\/\/yle.fi\/a\/7-10090826\" class=\"_link_o9xde_39\" rel=\"nofollow noopener\" target=\"_blank\">Yle<\/a>. <\/p>\n<p class=\"_paragraph_o9xde_4 _paragraph_xtcu6_10 layout-component text-serif-m layout-normal text-serif-m layout-padded\">Et av skipets besetningsmedlemmer ble p\u00e5grepet s\u00f8ndag. Besetningen best\u00e5r av totalt 14 personer, som kommer fra Russland, Georgia, Kasakhstan og Aserbajdsjan. Fra f\u00f8r er to av dem p\u00e5grepet.<\/p>\n<p class=\"_paragraph_o9xde_4 _paragraph_xtcu6_10 layout-component text-serif-m layout-normal text-serif-m layout-padded\">Det 132 meter lange lasteskipet Fitburg var p\u00e5 vei fra St. Petersburg i Russland til Haifa i Israel da det ble stoppet av grensevakten og tatt til havn i <a href=\"https:\/\/www.vg.no\/tag\/finland?utm_source=vg-article&amp;utm_medium=auto-tagger&amp;utm_campaign=BxRPW9\" class=\"_link_o9xde_39\" rel=\"nofollow noopener\" target=\"_blank\">Finland<\/a>.<\/p>\n<p class=\"_paragraph_o9xde_4 _paragraph_xtcu6_10 layout-component text-serif-m layout-normal text-serif-m layout-padded\">Politiet etterforsker kabelbruddet blant annet som grovt h\u00e6rverk. <\/p>\n<p>\u2013 Politisk provokasjon<\/p>\n<p class=\"_paragraph_o9xde_4 _paragraph_xtcu6_10 layout-component text-serif-m layout-normal text-serif-m layout-padded\">Det var p\u00e5 nytt\u00e5rsaften at det mistenkte skipet skal ha slepet et anker langt havbunnen. <\/p>\n<p class=\"_paragraph_o9xde_4 _paragraph_xtcu6_10 layout-component text-serif-m layout-normal text-serif-m layout-padded\">Forsvarsanalytiker Per Erik Solli uttalte da til VG at skader p\u00e5 undersj\u00f8kabler kan v\u00e6re \u00e5penlyse demonstrasjoner av makt.<\/p>\n<p class=\"_paragraph_o9xde_4 _paragraph_xtcu6_10 layout-component text-serif-m layout-normal text-serif-m layout-padded\">\u2013 Det f\u00f8rste jeg tenkte, var at dette ligner en politisk provokasjon, rett og slett.<\/p>\n<p class=\"_paragraph_o9xde_4 _paragraph_xtcu6_10 layout-component text-serif-m layout-normal text-serif-m layout-padded\">Han forteller videre at motivet kan v\u00e6re \u00e5 skape frykt og usikkerhet. <\/p>\n<p class=\"_paragraph_o9xde_4 _paragraph_xtcu6_10 layout-component text-serif-m layout-normal text-serif-m layout-padded\">P\u00e5 havbunnen ligger b\u00e5de kommunikasjonskabler, gassledninger og str\u00f8mkabler.<\/p>\n<p>Enda en fiberkabel skadet<\/p>\n<p class=\"_paragraph_o9xde_4 _paragraph_xtcu6_10 layout-component text-serif-m layout-normal text-serif-m layout-padded\">S\u00f8ndag kveld opplyste Latvias statsminister Evika Silina p\u00e5 <a href=\"https:\/\/x.com\/EvikaSilina\/status\/2007868806568313341\" class=\"_link_o9xde_39\" rel=\"nofollow\">X<\/a> at en fiberkabel tilh\u00f8rende et privat selskap i \u00d8stersj\u00f8en skal ha blitt skadet. <\/p>\n<p class=\"_paragraph_o9xde_4 _paragraph_xtcu6_10 layout-component text-serif-m layout-normal text-serif-m layout-padded\">\u2013 Jeg er i kontakt med krisesenteret og de ansvarlige tjenestene, opplyser hun videre.<\/p>\n<p class=\"_paragraph_o9xde_4 _paragraph_xtcu6_10 layout-component text-serif-m layout-normal text-serif-m layout-padded\">Politiet skal ha iverksatt en inspeksjon og jobber fortsatt med \u00e5 avklare hva som har skjedd.<\/p>\n<p class=\"_paragraph_o9xde_4 _paragraph_xtcu6_10 layout-component text-serif-m layout-normal text-serif-m layout-padded\">Kabelen g\u00e5r mellom Litauen og Latvia, og det er ikke umiddelbart klart hva som har for\u00e5rsaket skadene, opplyser Litauens nasjonale kriseberedskapssenter i en separat melding.<\/p>\n<p class=\"_paragraph_o9xde_4 _paragraph_xtcu6_10 layout-component text-serif-m layout-normal text-serif-m layout-padded\">Latvisk politi opplyser at de s\u00f8ndag bordet et fart\u00f8y som ligger i havnen i Liepaja. Hverken mannskap eller fart\u00f8y er tatt i arrest, if\u00f8lge politiet.<\/p>\n<p>H\u00f8y beredskap<\/p>\n<p class=\"_paragraph_o9xde_4 _paragraph_xtcu6_10 layout-component text-serif-m layout-normal text-serif-m layout-padded\">Landene rundt \u00d8stersj\u00f8en er i h\u00f8y beredskap etter en rekke brudd p\u00e5 str\u00f8m-, kommunikasjons- og kraftledninger de siste \u00e5rene. <\/p>\n<p class=\"_paragraph_o9xde_4 _paragraph_xtcu6_10 layout-component text-serif-m layout-normal text-serif-m layout-padded\">Nato har styrket sitt n\u00e6rv\u00e6r i regionen med fregatter, fly og sj\u00f8droner, og flere har anklaget Russland for \u00e5 drive hybrid krigf\u00f8ring.<\/p>\n<p class=\"_paragraph_o9xde_4 _paragraph_xtcu6_10 layout-component text-serif-m layout-normal text-serif-m layout-padded\">FN-organisasjonen International Telecommunications Union (ITU) konkluderte imidlertid i fjor med at 80 prosent av alle registrerte kabelbrudd skyldes tr\u00e5ling og ankring.<\/p>\n<p class=\"_paragraph_o9xde_4 _paragraph_xtcu6_10 layout-component text-serif-m layout-normal text-serif-m layout-padded\"><a href=\"https:\/\/www.washingtonpost.com\/world\/2025\/01\/19\/russia-baltic-undersea-cables-accidents-sabotage\/\" class=\"_link_o9xde_39\" rel=\"nofollow noopener\" target=\"_blank\">Washington Post<\/a>\u00a0siterte \u00abledende tjenestemenn\u00bb i europeisk og amerikansk sikkerhetstjenester p\u00e5 at de mange kabelbruddene sannsynligvis skyldes maritime uhell fremfor russisk sabotasje.<\/p>\n","protected":false},"excerpt":{"rendered":"Skipet som mistenkes for \u00e5 ha for\u00e5rsaket kabelbruddet mellom Finland og Estland, slepte ankeret flere titalls kilometer, sier&hellip;\n","protected":false},"author":2,"featured_media":128815,"comment_status":"","ping_status":"","sticky":false,"template":"","format":"standard","meta":{"footnotes":""},"categories":[5],"tags":[20,21,24,25,1255,15,19,22,23,17,18,13,30,28,29,14,16,1256,26,27],"class_list":{"0":"post-128814","1":"post","2":"type-post","3":"status-publish","4":"format-standard","5":"has-post-thumbnail","7":"category-overskrifter","8":"tag-breaking-news","9":"tag-breakingnews","10":"tag-featured-news","11":"tag-featurednews","12":"tag-finland","13":"tag-headlines","14":"tag-hovedoppslag","15":"tag-latest-news","16":"tag-latestnews","17":"tag-main-news","18":"tag-mainnews","19":"tag-news","20":"tag-no","21":"tag-norge","22":"tag-norway","23":"tag-nyheter","24":"tag-overskrifter","25":"tag-ostersjoen","26":"tag-top-stories","27":"tag-topstories"},"share_on_mastodon":{"url":"https:\/\/pubeurope.com\/@no\/115838771710092580","error":""},"_links":{"self":[{"href":"https:\/\/www.europesays.com\/no\/wp-json\/wp\/v2\/posts\/128814","targetHints":{"allow":["GET"]}}],"collection":[{"href":"https:\/\/www.europesays.com\/no\/wp-json\/wp\/v2\/posts"}],"about":[{"href":"https:\/\/www.europesays.com\/no\/wp-json\/wp\/v2\/types\/post"}],"author":[{"embeddable":true,"href":"https:\/\/www.europesays.com\/no\/wp-json\/wp\/v2\/users\/2"}],"replies":[{"embeddable":true,"href":"https:\/\/www.europesays.com\/no\/wp-json\/wp\/v2\/comments?post=128814"}],"version-history":[{"count":0,"href":"https:\/\/www.europesays.com\/no\/wp-json\/wp\/v2\/posts\/128814\/revisions"}],"wp:featuredmedia":[{"embeddable":true,"href":"https:\/\/www.europesays.com\/no\/wp-json\/wp\/v2\/media\/128815"}],"wp:attachment":[{"href":"https:\/\/www.europesays.com\/no\/wp-json\/wp\/v2\/media?parent=128814"}],"wp:term":[{"taxonomy":"category","embeddable":true,"href":"https:\/\/www.europesays.com\/no\/wp-json\/wp\/v2\/categories?post=128814"},{"taxonomy":"post_tag","embeddable":true,"href":"https:\/\/www.europesays.com\/no\/wp-json\/wp\/v2\/tags?post=128814"}],"curies":[{"name":"wp","href":"https:\/\/api.w.org\/{rel}","templated":true}]}}