{"id":128816,"date":"2026-01-04T20:50:09","date_gmt":"2026-01-04T20:50:09","guid":{"rendered":"https:\/\/www.europesays.com\/no\/128816\/"},"modified":"2026-01-04T20:50:09","modified_gmt":"2026-01-04T20:50:09","slug":"hoyanger-brann-bratt-kom-meldinga-brann-i-bygning-da-gjekk-pulsen-opp-firda","status":"publish","type":"post","link":"https:\/\/www.europesays.com\/no\/128816\/","title":{"rendered":"H\u00f8yanger, Brann | Br\u00e5tt kom meldinga \u00abBrann i bygning\u00bb: \u2013 D\u00e5 gjekk pulsen opp &#8211; Firda"},"content":{"rendered":"<ol>\n<li><a href=\"https:\/\/news.google.com\/rss\/articles\/CBMilAFBVV95cUxOUHd2QnlIWDhYNGpmMTMxTnJMZE43Qk5kQWU3ckYzZlo2ZWtLRG9XdzRTcjZkQURLejk4ckJPMFpYaTlXZUdiWkVkWE5pOFNQT09fRVkwdTBBQU1GdzRScmgwaDdXOG5rMVl0R25DbzNkRWhYQWM4aUhYSWc5SkVKWjFNX2lnUENvb0RyVEY1OXVEb2U2?oc=5\" target=\"_blank\" rel=\"nofollow noopener\">H\u00f8yanger, Brann | Br\u00e5tt kom meldinga \u00abBrann i bygning\u00bb: \u2013 D\u00e5 gjekk pulsen opp<\/a>&nbsp;&nbsp;Firda<\/li>\n<li><a href=\"https:\/\/news.google.com\/rss\/articles\/CBMiigFBVV95cUxQbTlUYmhpdWFuR3pvenY2dDB6NUJETmNJZXV0R3h3LUdIUThab1ZRQnZBSVk5dmlPX2lnMEt6Y251SmNTYm1ndVZvZ1d4c18yT2V3MWcwVHk2NkYySW1wd2N2Wm8yRGVoX2pQNWM5b0tRV1ZzOU9nQmxZaFVWSnoyMkhPZDdqZ2VBcUE?oc=5\" target=\"_blank\" rel=\"nofollow noopener\">Bygg i H\u00f8yanger overtent \u2013 nabohus evakuert<\/a>&nbsp;&nbsp;NRK<\/li>\n<li><a href=\"https:\/\/news.google.com\/rss\/articles\/CBMigwFBVV95cUxQUGNGbGNlYk0wSjRKRTZCb0F2UUdwdzBSR21MYXlPUVRoT3Q4c1BaZllhbkRtNWo1d1JEZnNSdWRDdml4bmtKd1IzZjJYdG5jTUdIU3IwUEdVa3REMWhfZFR5NEY4WWZlQzJaWFViMEJDSzk4YmJULWVKWUVCRjByaXlZRQ?oc=5\" target=\"_blank\" rel=\"nofollow noopener\">Str\u00f8mbrudd p\u00e5 Land\u00e5s, Sletten og \u00c5rstad<\/a>&nbsp;&nbsp;Bergens Tidende<\/li>\n<li><a href=\"https:\/\/news.google.com\/rss\/articles\/CBMipAFBVV95cUxPalF4R2d0cnF2NXdSS0RYeVlCMWJrWVRkT1hVUFk1TWhtRjlsNWtxQ01vTHFLVVo1UWJscVc1MDdFUTJLYndORzNSbklfejJFSjZucGpROVFyVXo3alZRcUl3WTlQVkdPNHZ2ZmFvMGNPWGVkSGpVQnV3UW02TFJfcDhuRTFRUHJnUnNVdGVrbjc3dFBRRnF1aWdIWC1aejMteUdXbg?oc=5\" target=\"_blank\" rel=\"nofollow noopener\">H\u00f8yanger, Brann | Naboar oppdaga intens r\u00f8yklukt i eigen bustad. Evakuerte seg sj\u00f8lve<\/a>&nbsp;&nbsp;Firda<\/li>\n<li><a href=\"https:\/\/news.google.com\/rss\/articles\/CBMidEFVX3lxTE9ONjFRbWpfbXE4WWVyNzB3cHFJVk1tbDFLdmpycThYeVFLd29MNnlOSUN2R0ZsWEZVMkRuLUpWRmRBZ2d5MEtBSi0teDZ3Z3FFUExaMWZSNW56dzB1blVKNEdKVnpKWnE4TTl5LWlYVVgyV0Jv?oc=5\" target=\"_blank\" rel=\"nofollow noopener\">H\u00f8yanger, Brann | Hus totalskadd etter brann<\/a>&nbsp;&nbsp;Sogn Avis<\/li>\n<\/ol>\n","protected":false},"excerpt":{"rendered":"H\u00f8yanger, Brann | Br\u00e5tt kom meldinga \u00abBrann i bygning\u00bb: \u2013 D\u00e5 gjekk pulsen opp&nbsp;&nbsp;Firda Bygg i H\u00f8yanger overtent&hellip;\n","protected":false},"author":2,"featured_media":128817,"comment_status":"","ping_status":"","sticky":false,"template":"","format":"standard","meta":{"footnotes":""},"categories":[10],"tags":[20,21,24,25,15,22,23,13,30,28,29,14,16,26,27],"class_list":{"0":"post-128816","1":"post","2":"type-post","3":"status-publish","4":"format-standard","5":"has-post-thumbnail","7":"category-norge","8":"tag-breaking-news","9":"tag-breakingnews","10":"tag-featured-news","11":"tag-featurednews","12":"tag-headlines","13":"tag-latest-news","14":"tag-latestnews","15":"tag-news","16":"tag-no","17":"tag-norge","18":"tag-norway","19":"tag-nyheter","20":"tag-overskrifter","21":"tag-top-stories","22":"tag-topstories"},"share_on_mastodon":{"url":"https:\/\/pubeurope.com\/@no\/115838807203377980","error":""},"_links":{"self":[{"href":"https:\/\/www.europesays.com\/no\/wp-json\/wp\/v2\/posts\/128816","targetHints":{"allow":["GET"]}}],"collection":[{"href":"https:\/\/www.europesays.com\/no\/wp-json\/wp\/v2\/posts"}],"about":[{"href":"https:\/\/www.europesays.com\/no\/wp-json\/wp\/v2\/types\/post"}],"author":[{"embeddable":true,"href":"https:\/\/www.europesays.com\/no\/wp-json\/wp\/v2\/users\/2"}],"replies":[{"embeddable":true,"href":"https:\/\/www.europesays.com\/no\/wp-json\/wp\/v2\/comments?post=128816"}],"version-history":[{"count":0,"href":"https:\/\/www.europesays.com\/no\/wp-json\/wp\/v2\/posts\/128816\/revisions"}],"wp:featuredmedia":[{"embeddable":true,"href":"https:\/\/www.europesays.com\/no\/wp-json\/wp\/v2\/media\/128817"}],"wp:attachment":[{"href":"https:\/\/www.europesays.com\/no\/wp-json\/wp\/v2\/media?parent=128816"}],"wp:term":[{"taxonomy":"category","embeddable":true,"href":"https:\/\/www.europesays.com\/no\/wp-json\/wp\/v2\/categories?post=128816"},{"taxonomy":"post_tag","embeddable":true,"href":"https:\/\/www.europesays.com\/no\/wp-json\/wp\/v2\/tags?post=128816"}],"curies":[{"name":"wp","href":"https:\/\/api.w.org\/{rel}","templated":true}]}}