{"id":128818,"date":"2026-01-04T20:51:30","date_gmt":"2026-01-04T20:51:30","guid":{"rendered":"https:\/\/www.europesays.com\/no\/128818\/"},"modified":"2026-01-04T20:51:30","modified_gmt":"2026-01-04T20:51:30","slug":"jeg-ble-lei-meg-adressa-no","status":"publish","type":"post","link":"https:\/\/www.europesays.com\/no\/128818\/","title":{"rendered":"&#8211; Jeg ble lei meg &#8211; adressa.no"},"content":{"rendered":"<ol>\n<li><a href=\"https:\/\/news.google.com\/rss\/articles\/CBMimAFBVV95cUxQUE1wSHNOUmpGYWZJX25DWUJLWVQwS0xVZWdOU2Nha2tjRnF4YmhxUE8tcHVFOFZhVG5JdlhoclBpNUVKM3BkTkZoVkR3UC1wUW9KS2JNeXA3Smc2akNGQWJxUlljRmNabU8zc3RObi02NXZxY0c4X0dpM096VVhLMkNjYUlFWEprdTdNd3Zzc09zdkhzdWFWSg?oc=5\" target=\"_blank\" rel=\"nofollow noopener\">&#8211; Jeg ble lei meg<\/a>&nbsp;&nbsp;adressa.no<\/li>\n<li><a href=\"https:\/\/news.google.com\/rss\/articles\/CBMiqAFBVV95cUxQRDlLb1ZUTDY2QTk0X0xMSXcwRlkyby10VVprWTJvZ1pNRklDaEtldmZtaG9SN3hHZ1J2SXMybUJkS3N1SmpyY3BXajEyV2RjU0RDNnVibWVBSmVHM2VhSFdnYXNVYktWZmo3OHBOUzNLYjhLU0xtdVozVTJMY2Z3dnFtZktRdnpoRVY3SWo4eGJ6TnNVUVRfQ1lfNFd0dVp5NDN0UV9nRGw?oc=5\" target=\"_blank\" rel=\"nofollow noopener\">Emil Iversen forklarer f\u00f8lelsesutbruddet: \u2013 Har g\u00e5tt med t\u00e5rer i \u00f8ynene<\/a>&nbsp;&nbsp;VG<\/li>\n<li><a href=\"https:\/\/news.google.com\/rss\/articles\/CBMid0FVX3lxTE9ENXozenUyQkVLcTFoUGw2VlFqRW9jRjdxMnY3c1plSE52Qi1DNG96WWNCLXdSRnkyZEVCazl5eGlLdllCbmRKRWdjUExmejFiLWNUMDJmVFdvbWVxdXpCemQ1YnFWYzc5OUd2OW02MGNWYWFkX1FR?oc=5\" target=\"_blank\" rel=\"nofollow noopener\">Sov d\u00e5rlig: &#8211; Tenker veldig mye<\/a>&nbsp;&nbsp;Dagbladet<\/li>\n<li><a href=\"https:\/\/news.google.com\/rss\/articles\/CBMiakFVX3lxTE0zamJnT21XTEJZV0hNejk0T0xVNWIwNzN3UXpaa1g3V2RPd01raWx1QmUxR1JTNUY4OXc2QmVINmU1TW1TbVNmRGR3RzQtbFQ2T042OFhzcGhTMlBVcnJodlNral84aFJsY2c?oc=5\" target=\"_blank\" rel=\"nofollow noopener\">Tour de Ski: Oppvaskm\u00f8te i kulissene: Mattis Stenshagen og Emil Iversen reagerer p\u00e5 OL-beskjed<\/a>&nbsp;&nbsp;TV2.no<\/li>\n<li><a href=\"https:\/\/news.google.com\/rss\/articles\/CBMilAFBVV95cUxQRC1CZnFJd0tvUlZINkFuRlcwVUFEUkZPVUNMdjNzMHJUWWwwbzJIWGdLMFV3cnlzcURiRERseUFpVXpUYWpJaDNrNjRfNWxOU3h3THRyYjZvRktOR0ZrNTVKVkVXMW96dXdaNVpxU2ZuRUx6OTNrdE4zdWxCc29JMHk2UzNvNXQ2OEstZzRfN3pTOFJu?oc=5\" target=\"_blank\" rel=\"nofollow noopener\">Historien hans er til \u00e5 f\u00e5 vondt av<\/a>&nbsp;&nbsp;Aftenposten<\/li>\n<\/ol>\n","protected":false},"excerpt":{"rendered":"&#8211; Jeg ble lei meg&nbsp;&nbsp;adressa.no Emil Iversen forklarer f\u00f8lelsesutbruddet: \u2013 Har g\u00e5tt med t\u00e5rer i \u00f8ynene&nbsp;&nbsp;VG Sov d\u00e5rlig:&hellip;\n","protected":false},"author":2,"featured_media":128819,"comment_status":"","ping_status":"","sticky":false,"template":"","format":"standard","meta":{"footnotes":""},"categories":[5],"tags":[20,21,3647,24,25,15,19,398,22,23,17,18,13,30,28,29,14,526,16,26,27],"class_list":{"0":"post-128818","1":"post","2":"type-post","3":"status-publish","4":"format-standard","5":"has-post-thumbnail","7":"category-overskrifter","8":"tag-breaking-news","9":"tag-breakingnews","10":"tag-emil-iversen","11":"tag-featured-news","12":"tag-featurednews","13":"tag-headlines","14":"tag-hovedoppslag","15":"tag-langrenn","16":"tag-latest-news","17":"tag-latestnews","18":"tag-main-news","19":"tag-mainnews","20":"tag-news","21":"tag-no","22":"tag-norge","23":"tag-norway","24":"tag-nyheter","25":"tag-ol","26":"tag-overskrifter","27":"tag-top-stories","28":"tag-topstories"},"share_on_mastodon":{"url":"https:\/\/pubeurope.com\/@no\/115838811002031511","error":""},"_links":{"self":[{"href":"https:\/\/www.europesays.com\/no\/wp-json\/wp\/v2\/posts\/128818","targetHints":{"allow":["GET"]}}],"collection":[{"href":"https:\/\/www.europesays.com\/no\/wp-json\/wp\/v2\/posts"}],"about":[{"href":"https:\/\/www.europesays.com\/no\/wp-json\/wp\/v2\/types\/post"}],"author":[{"embeddable":true,"href":"https:\/\/www.europesays.com\/no\/wp-json\/wp\/v2\/users\/2"}],"replies":[{"embeddable":true,"href":"https:\/\/www.europesays.com\/no\/wp-json\/wp\/v2\/comments?post=128818"}],"version-history":[{"count":0,"href":"https:\/\/www.europesays.com\/no\/wp-json\/wp\/v2\/posts\/128818\/revisions"}],"wp:featuredmedia":[{"embeddable":true,"href":"https:\/\/www.europesays.com\/no\/wp-json\/wp\/v2\/media\/128819"}],"wp:attachment":[{"href":"https:\/\/www.europesays.com\/no\/wp-json\/wp\/v2\/media?parent=128818"}],"wp:term":[{"taxonomy":"category","embeddable":true,"href":"https:\/\/www.europesays.com\/no\/wp-json\/wp\/v2\/categories?post=128818"},{"taxonomy":"post_tag","embeddable":true,"href":"https:\/\/www.europesays.com\/no\/wp-json\/wp\/v2\/tags?post=128818"}],"curies":[{"name":"wp","href":"https:\/\/api.w.org\/{rel}","templated":true}]}}