{"id":128820,"date":"2026-01-04T20:56:10","date_gmt":"2026-01-04T20:56:10","guid":{"rendered":"https:\/\/www.europesays.com\/no\/128820\/"},"modified":"2026-01-04T20:56:10","modified_gmt":"2026-01-04T20:56:10","slug":"utplassert-langs-hele-grensen","status":"publish","type":"post","link":"https:\/\/www.europesays.com\/no\/128820\/","title":{"rendered":"\u2013 Utplassert langs hele grensen"},"content":{"rendered":"\n<ul class=\"_list_o9xde_3 _list_64s2r_85 _unordered_o9xde_106 text-sans-m\">\n<li class=\"_item_o9xde_30\">Colombia mobiliserer h\u00e6ren ved grensen etter USAs angrep p\u00e5 Venezuela.<\/li>\n<li class=\"_item_o9xde_30\">I grensebyen C\u00facuta er situasjonen rolig, men bev\u00e6pnede soldater og stridsvogner er utplassert.<\/li>\n<li class=\"_item_o9xde_30\">Mange venezuelanere forventes \u00e5 krysse grensen for \u00e5 s\u00f8ke trygghet.<\/li>\n<li class=\"_item_o9xde_30\">Colombias president Petro ford\u00f8mmer angrepet og ber om et hasteinnkalt m\u00f8te i Sikkerhetsr\u00e5det.<\/li>\n<\/ul>\n<p>Vis mer <\/p>\n<p class=\"_paragraph_o9xde_4 _paragraph_xtcu6_10 layout-component text-serif-m layout-normal text-serif-m layout-padded\">VG er p\u00e5 plass i den colombianske grensebyen C\u00facuta.<\/p>\n<p class=\"_paragraph_o9xde_4 _paragraph_xtcu6_10 layout-component text-serif-m layout-normal text-serif-m layout-padded\">S\u00f8ndag ettermiddag var grensestasjonen preget av bev\u00e6pnede soldater og stridsvogner, men situasjonen er rolig. <\/p>\n<p class=\"_paragraph_o9xde_4 _paragraph_xtcu6_10 layout-component text-serif-m layout-normal text-serif-m layout-padded\">\u2013 Vi er tropper fra den nasjonale h\u00e6ren som er utplassert langs hele grensen, sier oberstl\u00f8ytnant Jonathan Arcos til VG. <\/p>\n<p class=\"_paragraph_o9xde_4 _paragraph_xtcu6_10 layout-component text-serif-m layout-normal text-serif-m layout-padded\">Han sier at h\u00e6ren har et spesielt fokus p\u00e5 departementetdepartementetColombia er delt inn i 32 departementer (departamentos) samt et hovedstadsomr\u00e5de (Distrito Capital). Norte de Santander, der C\u00facuta ligger. <\/p>\n<p><img alt=\"Oberstl\u00f8ytnant Jonathan Arcos (i forgrunnen) er utsendt til den venezuelanske grensen i Colombia.  Foto: Cristhian Sverreson D\u00edaz\" class=\"_image_qp4xg_65 layout-component layout-normal\" data-fullscreen- data-track-element-type=\"Article image fullscreen\" data-track-name=\"ImageFullscreen\" decoding=\"async\" loading=\"lazy\" height=\"1668\" itemprop=\"image\"  src=\"https:\/\/www.europesays.com\/no\/wp-content\/uploads\/2026\/01\/63f458ca-aeaa-4bd6-9799-7e9d700f0120.png\"  style=\"object-position:0% 0%\" width=\"2500\"\/>Oberstl\u00f8ytnant Jonathan Arcos (i forgrunnen) er utsendt til den venezuelanske grensen i Colombia.  Foto: Cristhian Sverreson D\u00edaz<\/p>\n<p class=\"_paragraph_o9xde_4 _paragraph_xtcu6_10 layout-component text-serif-m layout-normal text-serif-m layout-padded\">Denne grenseovergangen er nemlig den mest brukte mellom Venezuela og Colombia. <\/p>\n<p class=\"_paragraph_o9xde_4 _paragraph_xtcu6_10 layout-component text-serif-m layout-normal text-serif-m layout-padded\">\u2013 Troppene er utplassert for \u00e5 garantere forsvaret av suvereniteten og forsvaret av det colombianske folket, sier Arcos. <\/p>\n<p class=\"_paragraph_o9xde_4 _paragraph_xtcu6_10 layout-component text-serif-m layout-normal text-serif-m layout-padded\">Grensen er ikke stengt og milit\u00e6ret er ikke satt inn for \u00e5 holde folk ute, men for \u00e5 bist\u00e5 hvis situasjonen skal bli kaotisk.<\/p>\n<p class=\"_paragraph_o9xde_4 _paragraph_xtcu6_10 layout-component text-serif-m layout-normal text-serif-m layout-padded\">Colombia er det landet i verden hvor det bor flest venezuelanere utenfor Venezuela. Dermed er det ventet at det kan bli mange grensekrysninger fra Venezuela de neste dagene og ukene. <\/p>\n<p>\u2013 Et sjokk<\/p>\n<p class=\"_paragraph_o9xde_4 _paragraph_xtcu6_10 layout-component text-serif-m layout-normal text-serif-m layout-padded\">P\u00e5 grensen m\u00f8ter VG 56 \u00e5r gamle Jesus Bargas fra Venezuela. <\/p>\n<p class=\"_paragraph_o9xde_4 _paragraph_xtcu6_10 layout-component text-serif-m layout-normal text-serif-m layout-padded\">\u2013 Det var et sjokk. Vi hadde ikke sett for oss at det ville skje p\u00e5 denne m\u00e5ten. <\/p>\n<p><img alt=\"VGs Martha Sverreson D\u00edaz m\u00f8tte Jesus Bargas fra Venezuela.  Foto: Cristhian Sverreson D\u00edaz\" class=\"_image_qp4xg_65 layout-component layout-normal\" data-fullscreen- data-track-element-type=\"Article image fullscreen\" data-track-name=\"ImageFullscreen\" decoding=\"async\" loading=\"lazy\" height=\"1668\" itemprop=\"image\"  src=\"https:\/\/www.europesays.com\/no\/wp-content\/uploads\/2026\/01\/463613ff-9deb-4f74-a534-5adbccd6fae5.png\"  style=\"object-position:0% 0%\" width=\"2500\"\/>VGs Martha Sverreson D\u00edaz m\u00f8tte Jesus Bargas fra Venezuela.  Foto: Cristhian Sverreson D\u00edaz<\/p>\n<p class=\"_paragraph_o9xde_4 _paragraph_xtcu6_10 layout-component text-serif-m layout-normal text-serif-m layout-padded\">Han har familie i Colombia, og drar n\u00e5 til dem mens situasjonen er uavklart. <\/p>\n<p class=\"_paragraph_o9xde_4 _paragraph_xtcu6_10 layout-component text-serif-m layout-normal text-serif-m layout-padded\">Astrid (32) krysser ogs\u00e5 grensen s\u00f8ndag ettermiddag. Hun er opprinnelig fra en by i Venezuela \u2013 rett over grensen, men bor i Colombia. <\/p>\n<p class=\"_paragraph_o9xde_4 _paragraph_xtcu6_10 layout-component text-serif-m layout-normal text-serif-m layout-padded\">P\u00e5 sp\u00f8rsm\u00e5l om hva hun mener om det som skjer i landet sitt, svarer hun:<\/p>\n<p class=\"_paragraph_o9xde_4 _paragraph_xtcu6_10 layout-component text-serif-m layout-normal text-serif-m layout-padded\">\u2013 Jeg har ikke en veldig informert mening, fordi alt skjedde s\u00e5 fort, sier hun og legger til:<\/p>\n<p class=\"_paragraph_o9xde_4 _paragraph_xtcu6_10 layout-component text-serif-m layout-normal text-serif-m layout-padded\">\u2013 Egentlig venter vi alle bare p\u00e5 hva som skal skje de neste dagene. Jeg tror det alle \u00f8nsker er en fredelig l\u00f8sning p\u00e5 denne situasjonen.<\/p>\n<p><img alt=\"Astrid (32) og hennes far Alexander (60).  Foto: Cristhian Sverreson D\u00edaz\" class=\"_image_qp4xg_65 layout-component layout-normal\" data-fullscreen- data-track-element-type=\"Article image fullscreen\" data-track-name=\"ImageFullscreen\" decoding=\"async\" loading=\"lazy\" height=\"1668\" itemprop=\"image\"  src=\"https:\/\/www.europesays.com\/no\/wp-content\/uploads\/2026\/01\/600734fb-d9ef-4ef1-9be0-980b89c5c89c.png\"  style=\"object-position:0% 0%\" width=\"2500\"\/>Astrid (32) og hennes far Alexander (60).  Foto: Cristhian Sverreson D\u00edaz<\/p>\n<p class=\"_paragraph_o9xde_4 _paragraph_xtcu6_10 layout-component text-serif-m layout-normal text-serif-m layout-padded\">\u2013 Er det mange som vurderer \u00e5 krysse grensen p\u00e5 grunn av denne situasjonen?<\/p>\n<p class=\"_paragraph_o9xde_4 _paragraph_xtcu6_10 layout-component text-serif-m layout-normal text-serif-m layout-padded\">\u2013 Jeg har ikke snakket s\u00e5 mye med vennene mine om det, for vi er veldig i sjokk fortsatt. Jeg bor selv for \u00f8yeblikket i Colombia, s\u00e5 n\u00e5 drar jeg bare tilbake dit.<\/p>\n<p class=\"_paragraph_o9xde_4 _paragraph_xtcu6_10 layout-component text-serif-m layout-normal text-serif-m layout-padded\">Ogs\u00e5 Astrids far Alexander (60) er p\u00e5 grensen.<\/p>\n<p class=\"_paragraph_o9xde_4 _paragraph_xtcu6_10 layout-component text-serif-m layout-normal text-serif-m layout-padded\">\u2013 Det har jo v\u00e6rt en usikkerhet lenge, i hele desember. Men folk ble p\u00e5 en m\u00e5te vant til det, og tenkte at det ikke kom til \u00e5 skje noe. Og n\u00e5r dette skjer, og de kommer og henter Maduro s\u00e5 sitter vi igjen litt s\u00e5nn, \u00aboi, og hva skjer n\u00e5\u00bb, sier han og fortsetter.<\/p>\n<p class=\"_paragraph_o9xde_4 _paragraph_xtcu6_10 layout-component text-serif-m layout-normal text-serif-m layout-padded\">\u2013 Det er mange ting som fortsatt ikke er avklart. Hvem styrer \u2013 det er noe som bekymrer.<\/p>\n<p>Dette har skjedd<\/p>\n<ul class=\"_list_o9xde_3 _list_xtcu6_9 _list_16v91_9 _unordered_o9xde_106 layout-component text-serif-m layout-normal text-sans-m layout-padded\">\n<li class=\"_item_o9xde_30\">Natt til l\u00f8rdag lokal tid gikk USA til angrep p\u00e5 Venezuela. Det ble meldt om eksplosjoner flere steder i landet. <\/li>\n<li class=\"_item_o9xde_30\">Venezuelas president Nicol\u00e1s Maduro og hans kone ble fanget av amerikanske spesialsoldater, og fraktet ut av landet. <\/li>\n<li class=\"_item_o9xde_30\">Sent l\u00f8rdag kveld norsk tid landet de i New York hvor de skal stilles for retten, trolig mandag. <\/li>\n<li class=\"_item_o9xde_30\">Donald Trump har uttalt at det n\u00e5 er USA som skal styre i Venezuela. Samtidig er Venezuelas visepresident Delcy Rodr\u00edguez utnevnt som landets fungerende president.<\/li>\n<\/ul>\n<p>Vis mer<\/p>\n<p class=\"_paragraph_o9xde_4 _paragraph_xtcu6_10 layout-component text-serif-m layout-normal text-serif-m layout-padded\">Han sier at mange ogs\u00e5 er nerv\u00f8se for et nytt angrep.<\/p>\n<p class=\"_paragraph_o9xde_4 _paragraph_xtcu6_10 layout-component text-serif-m layout-normal text-serif-m layout-padded\">\u2013 Samtidig s\u00e5 vi at angrepet var ganske presist. Alle vet at de m\u00e5 ha f\u00e5tt hjelp.<\/p>\n<p>Advarer Colombia og Cuba<\/p>\n<p class=\"_paragraph_o9xde_4 _paragraph_xtcu6_10 layout-component text-serif-m layout-normal text-serif-m layout-padded\">Etter <a href=\"https:\/\/www.vg.no\/tag\/angrepet-mot-venezuela?utm_source=vg-article&amp;utm_medium=auto-tagger&amp;utm_campaign=8pmM0A\" class=\"_link_o9xde_39\" rel=\"nofollow noopener\" target=\"_blank\">angrepet mot Venezuela<\/a> l\u00f8rdag sendte Trump en advarsel mot b\u00e5de Colombia og Cuba. <\/p>\n<p class=\"_paragraph_o9xde_4 _paragraph_xtcu6_10 layout-component text-serif-m layout-normal text-serif-m layout-padded\">\u2013 Han har kokainfabrikker. Han har fabrikker hvor han produserer kokain, sa Trump om Colombias president Gustavo Petro. <\/p>\n<p class=\"_paragraph_o9xde_4 _paragraph_xtcu6_10 layout-component text-serif-m layout-normal text-serif-m layout-padded\">Han ba ogs\u00e5 den colombianske presidenten om \u00e5 \u00abpasse p\u00e5 seg selv\u00bb. <\/p>\n<p class=\"_paragraph_o9xde_4 _paragraph_xtcu6_10 layout-component text-serif-m layout-normal text-serif-m layout-padded\">Colombias president Petro ford\u00f8mte angrepet som en aggresjon mot hele S\u00f8r-Amerika, og kunngjorde mobilisering av tropper langs landets grense til Venezuela for \u00e5 stanse en mulig str\u00f8m av flyktninger.<\/p>\n<p class=\"_paragraph_o9xde_4 _paragraph_xtcu6_10 layout-component text-serif-m layout-normal text-serif-m layout-padded\">Petro har ogs\u00e5 krevd en hasteinnkalling til m\u00f8te i Sikkerhetsr\u00e5det, som\u00a0Colombia\u00a0for tiden er medlem av.<\/p>\n<p class=\"_paragraph_o9xde_4 _paragraph_xtcu6_10 layout-component text-serif-m layout-normal text-serif-m layout-padded\">Ogs\u00e5 Cuba er nevnt b\u00e5de av Donald Trump og utenriksminister Marco Rubio.<\/p>\n<p class=\"_paragraph_o9xde_4 _paragraph_xtcu6_10 layout-component text-serif-m layout-normal text-serif-m layout-padded\">\u2013 Hvis jeg bodde i Havanna og var i regjeringen, ville jeg v\u00e6rt bekymret, i hvert fall litt, sa Rubio p\u00e5 en pressekonferanse l\u00f8rdag.<\/p>\n<p><img decoding=\"async\" alt=\"Bilde av Marco Rubio\" class=\"_image_ygndg_42\" height=\"27\" itemprop=\"image\" loading=\"lazy\"  src=\"https:\/\/www.europesays.com\/no\/wp-content\/uploads\/2026\/01\/2f55c580-ed98-4779-9cce-4a55a9f8eade.jpeg\"  width=\"40\"\/><strong class=\"_name_ygndg_51 title-serif-xs\">Marco Rubio<\/strong><\/p>\n<p class=\"_paragraph_o9xde_4 text-sans-m _description_ygndg_56\">USAs utenriksminister<\/p>\n<p class=\"_paragraph_o9xde_4 _paragraph_xtcu6_10 layout-component text-serif-m layout-normal text-serif-m layout-padded\">S\u00f8ndag fikk han sp\u00f8rsm\u00e5l fra NBC News om det neste m\u00e5let til Trump-administrasjonen er den cubanske regjeringen.<\/p>\n<p class=\"_paragraph_o9xde_4 _paragraph_xtcu6_10 layout-component text-serif-m layout-normal text-serif-m layout-padded\">\u2013 Den cubanske regjeringen er i store problemer, sier Rubio.<\/p>\n<p class=\"_paragraph_o9xde_4 _paragraph_xtcu6_10 layout-component text-serif-m layout-normal text-serif-m layout-padded\">If\u00f8lge New York Times ble minst 40 personer, b\u00e5de milit\u00e6rt personell og sivile, <a href=\"https:\/\/www.vg.no\/nyheter\/i\/2pGxzG\/maduro-har-landet-i-new-york\" data-track-element-type=\"Link\" data-track-id=\"link:2pGxzG\" class=\"_link_o9xde_39\" rel=\"nofollow noopener\" target=\"_blank\">drept i USAs angrep mot Venezuela<\/a>. <\/p>\n<p class=\"_paragraph_o9xde_4 _paragraph_xtcu6_10 layout-component text-serif-m layout-normal text-serif-m layout-padded\">De siste timene har det kommet flere bilder som viser skader etter angrepet, blant annet fra byen Catia La Mar:<\/p>\n<p>Kollegaene Reggie Carrera og Jesus Linares tar ned et maleri av frigj\u00f8ringshelten Sim\u00f3n Bol\u00edvar i Catia La Mar. Sistnevnte sier hjemmet ble truffet under USAs angrep. Foto: Matias Delacroix \/ AP \/ NTB<\/p>\n","protected":false},"excerpt":{"rendered":"Colombia mobiliserer h\u00e6ren ved grensen etter USAs angrep p\u00e5 Venezuela. I grensebyen C\u00facuta er situasjonen rolig, men bev\u00e6pnede&hellip;\n","protected":false},"author":2,"featured_media":128821,"comment_status":"","ping_status":"","sticky":false,"template":"","format":"standard","meta":{"footnotes":""},"categories":[12],"tags":[14960,20,21,2823,24,25,15,22,23,13,30,28,29,14,16,26,27,95,42,43,44,45],"class_list":{"0":"post-128820","1":"post","2":"type-post","3":"status-publish","4":"format-standard","5":"has-post-thumbnail","7":"category-verden","8":"tag-angrepet-mot-venezuela","9":"tag-breaking-news","10":"tag-breakingnews","11":"tag-colombia","12":"tag-featured-news","13":"tag-featurednews","14":"tag-headlines","15":"tag-latest-news","16":"tag-latestnews","17":"tag-news","18":"tag-no","19":"tag-norge","20":"tag-norway","21":"tag-nyheter","22":"tag-overskrifter","23":"tag-top-stories","24":"tag-topstories","25":"tag-venezuela","26":"tag-verden","27":"tag-world","28":"tag-world-news","29":"tag-worldnews"},"share_on_mastodon":{"url":"https:\/\/pubeurope.com\/@no\/115838830733267214","error":""},"_links":{"self":[{"href":"https:\/\/www.europesays.com\/no\/wp-json\/wp\/v2\/posts\/128820","targetHints":{"allow":["GET"]}}],"collection":[{"href":"https:\/\/www.europesays.com\/no\/wp-json\/wp\/v2\/posts"}],"about":[{"href":"https:\/\/www.europesays.com\/no\/wp-json\/wp\/v2\/types\/post"}],"author":[{"embeddable":true,"href":"https:\/\/www.europesays.com\/no\/wp-json\/wp\/v2\/users\/2"}],"replies":[{"embeddable":true,"href":"https:\/\/www.europesays.com\/no\/wp-json\/wp\/v2\/comments?post=128820"}],"version-history":[{"count":0,"href":"https:\/\/www.europesays.com\/no\/wp-json\/wp\/v2\/posts\/128820\/revisions"}],"wp:featuredmedia":[{"embeddable":true,"href":"https:\/\/www.europesays.com\/no\/wp-json\/wp\/v2\/media\/128821"}],"wp:attachment":[{"href":"https:\/\/www.europesays.com\/no\/wp-json\/wp\/v2\/media?parent=128820"}],"wp:term":[{"taxonomy":"category","embeddable":true,"href":"https:\/\/www.europesays.com\/no\/wp-json\/wp\/v2\/categories?post=128820"},{"taxonomy":"post_tag","embeddable":true,"href":"https:\/\/www.europesays.com\/no\/wp-json\/wp\/v2\/tags?post=128820"}],"curies":[{"name":"wp","href":"https:\/\/api.w.org\/{rel}","templated":true}]}}