{"id":128822,"date":"2026-01-04T20:57:07","date_gmt":"2026-01-04T20:57:07","guid":{"rendered":"https:\/\/www.europesays.com\/no\/128822\/"},"modified":"2026-01-04T20:57:07","modified_gmt":"2026-01-04T20:57:07","slug":"oslo-skal-publisere-fravaerstall-for-alle-grunnskolene-for-a-skape-debatt-nrk-norge-oversikt-over-nyheter-fra-ulike-deler-av-landet","status":"publish","type":"post","link":"https:\/\/www.europesays.com\/no\/128822\/","title":{"rendered":"Oslo skal publisere frav\u00e6rstall for alle grunnskolene \u2013 for \u00e5 skape debatt \u2013 NRK Norge \u2013 Oversikt over nyheter fra ulike deler av landet"},"content":{"rendered":"<p>Telefonen ringer p\u00e5 rektors kontor. En elev er meldt syk.<\/p>\n<p>P\u00e5 Rusel\u00f8kka skole skjer det stadig oftere.<\/p>\n<p><strong>\u2013 Vi ser at det er et \u00f8kende problem, sier rektor Merete Hansen.<\/strong><\/p>\n<p>Det vil byr\u00e5det n\u00e5 gj\u00f8re noe med.<\/p>\n<p>\u2013 Vi m\u00e5 ha mer debatt. Vi m\u00e5 snakke mer om de utfordringene som frav\u00e6r skaper, sier H\u00f8yres skolebyr\u00e5d.<\/p>\n<p>F\u00e5r informasjonen altfor sent<\/p>\n<p>Rusel\u00f8kka skole ligger et steinkast fra Slottet den ene retningen og Aker Brygge den andre.<\/p>\n<p>Det er hit skolebyr\u00e5d Julie Remen Midtgarden har kommet for \u00e5 dele nyheten.<\/p>\n<p><strong>Til v\u00e5ren skal nemlig frav\u00e6rstallene for alle Oslos grunnskoler offentliggj\u00f8res, helt ned til f\u00f8rste klasse.<\/strong><\/p>\n<p>\u2013 I dag er det s\u00e5nn at offentligheten f\u00f8rst f\u00e5r vite noe om frav\u00e6ret i grunnskolen n\u00e5r elevene g\u00e5r ut av 10. klasse, og det er altfor sent, sier Midtgarden.<\/p>\n<p><img decoding=\"async\"   src=\"data:image\/gif;base64,R0lGODlhAQABAIAAAAAAAP\/\/\/yH5BAEAAAAALAAAAAABAAEAAAIBRAA7\" loading=\"eager\" alt=\"En person med kort brunt h\u00e5r st\u00e5r foran en rekkverk i et innend\u00f8rs milj\u00f8. Personen har p\u00e5 seg en gr\u00f8nn genser og ser mot kameraet. I bakgrunnen er det synlige vinduer som slipper inn naturlig lys. Omgivelsene gir et moderne og urbant preg. (Bildebeskrivelsen er laget av en KI-tjeneste)\" title=\"Foto: William Jobling \/ NRK\"\/><\/p>\n<p class=\"\">IKKE GAPESTOKK: Julie Remen Midtgarden vil l\u00f8fte en nasjonal debatt om skolefrav\u00e6r med \u00e5 publisere frav\u00e6rstall fra Oslo-skolen. <\/p>\n<p>Foto: William Jobling \/ NRK<\/p>\n<p>\u00d8nsker debatt<\/p>\n<p>Byr\u00e5dets interne tall viser at frav\u00e6ret nesten dobles fra syvende til tiende klasse.<\/p>\n<p><strong>Ved \u00e5 publisere tallene helt ned til f\u00f8rste klasse h\u00e5per byr\u00e5det p\u00e5 en oppstrammer og debatt, sier Midtgarden.<\/strong><\/p>\n<p>\u2013 Hvis vi skal gj\u00f8re noe med det store frav\u00e6ret i Oslo-skolen og norsk skole, s\u00e5 m\u00e5 vi ha kunnskap helt fra f\u00f8rste klasse.<\/p>\n<p>For at tallene skal kunne publiseres, m\u00e5 frav\u00e6ret registreres mer systematisk. Skoleetaten i Oslo har f\u00e5tt beskjed om \u00e5 s\u00f8rge for det.<\/p>\n<p>Frykter gapestokk<\/p>\n<p>Rektor ved Rusel\u00f8kka, Merete Hansen, vil gjerne ha gode tall p\u00e5 frav\u00e6r.<\/p>\n<p>Spesielt for de aller laveste trinnene. Det er nemlig her kulturen etableres, mener Hansen.<\/p>\n<p>\u2013 Vi m\u00e5 gj\u00f8re det f\u00f8r det utvikler seg til \u00e5 bli et vegringsproblem senere. Hver skoledag teller.\n<\/p>\n<p><img decoding=\"async\"   src=\"data:image\/gif;base64,R0lGODlhAQABAIAAAAAAAP\/\/\/yH5BAEAAAAALAAAAAABAAEAAAIBRAA7\" loading=\"eager\" alt=\"En person st\u00e5r i en bygate if\u00f8rt en tykk, gr\u00e5 vinterk\u00e5pe. Bakgrunnen viser et moderne bygg med store vinduer og en klokke. Det er v\u00e5tt p\u00e5 bakken, muligens fra regn, og det er lite folk i omr\u00e5det. Omgivelsene gir inntrykk av en urban setting. (Bildebeskrivelsen er laget av en KI-tjeneste)\" title=\"Foto: William Jobling \/ NRK\"\/><\/p>\n<p class=\"\">FRYKTER GAPESTOKK: Rektor Merete Hansen frykter noen skoler i praksis f\u00e5r et d\u00e5rlig rykte hvis frav\u00e6rstall ned til f\u00f8rste klasse publiseres for hver enkelt skole. <\/p>\n<p>Foto: William Jobling \/ NRK<\/p>\n<p>Samtidig er hun skeptisk til \u00e5 publisere dem.<\/p>\n<p>\u2013 Er det en oppstrammer eller gapestokk?<\/p>\n<p><strong>\u2013 Det er det jeg er redd for n\u00e5r det blir publisering. Det kan lett bli identifiserbart. Elever blir syndebukker, sier Hansen.<\/strong><\/p>\n<p>Byr\u00e5det har bedt Utdanningsetaten i Oslo ta hensyn til elevenes personvern n\u00e5r de vurderer om frav\u00e6rstallene skal publiseres for enkeltskoler og klassetrinn.<\/p>\n<p>Peker p\u00e5 l\u00e6rerne<\/p>\n<p>Kristian Bryd\u00f8y og Juni Michelle Juuhl-Langseth er elevrepresentanter p\u00e5 Rusel\u00f8kka skole.<\/p>\n<p>Begge sier at de ser skulk.<\/p>\n<p><strong>\u2013 Men da er det som oftest fra at de er p\u00e5 skolen og s\u00e5 g\u00e5r fra timen. Ikke fra hele dagen, if\u00f8lge Juuhl-Langseth.<\/strong><\/p>\n<p><img decoding=\"async\"   src=\"data:image\/gif;base64,R0lGODlhAQABAIAAAAAAAP\/\/\/yH5BAEAAAAALAAAAAABAAEAAAIBRAA7\" loading=\"eager\" alt=\"En ung kvinne st\u00e5r midt i et rom, if\u00f8rt en tykk, lys gr\u00e5 genser. Hun har briller plassert p\u00e5 hodet og ser mot kameraet. Bak henne kan man se flere personer som er engasjert i en samtale. Omgivelsene omfatter moderne interi\u00f8r med store vinduer og noen m\u00f8bler i bakgrunnen. (Bildebeskrivelsen er laget av en KI-tjeneste)\" title=\"Foto: William Jobling \/ NRK\"\/><\/p>\n<p class=\"\">SER SKULK: Juni Michelle Juuhl-Langseth ser elever som dropper timer. <\/p>\n<p>Foto: William Jobling \/ NRK<\/p>\n<p>Bryd\u00f8y tror det kan v\u00e6re lurt \u00e5 publisere frav\u00e6rstallene.<\/p>\n<p>\u2013 Det kan kanskje bli litt strammet inn f\u00f8r videreg\u00e5ende kan jo v\u00e6re ganske lurt, sier Bryd\u00f8y.<\/p>\n<p>Samtidig er begge tydelige p\u00e5 at frav\u00e6r ikke b\u00f8r m\u00f8tes med strengere sanksjoner.<\/p>\n<p>\u2013 Det er l\u00e6rernes jobb f\u00f8rst \u00e5 f\u00e5 et bra b\u00e5nd med elever, og s\u00e5 f\u00f8lge dem opp videre. Jeg tenker at l\u00e6ring kan g\u00e5 bra for alle s\u00e5 lenge l\u00e6rerne gj\u00f8r det riktig, sier Juuhl-Langseth.<\/p>\n<p><img decoding=\"async\"   src=\"data:image\/gif;base64,R0lGODlhAQABAIAAAAAAAP\/\/\/yH5BAEAAAAALAAAAAABAAEAAAIBRAA7\" loading=\"eager\" alt=\"En ung person med armene korslagt st\u00e5r i et rom med litte stoler og et bord. I bakgrunnen vises flere ark med tekst og bilder p\u00e5 vegger, samt en dekorativ stjerne. Personen b\u00e6rer en m\u00f8rk genser over en hvit skjorte. Omgivelsene ser ut til \u00e5 v\u00e6re en moderne innend\u00f8rs plass. (Bildebeskrivelsen er laget av en KI-tjeneste)\" title=\"Foto: William Jobling \/ NRK\"\/><\/p>\n<p class=\"\">GJERNE TALL: Kristian Bryd\u00f8y er positiv til tall som viser hvilke skoler som har h\u00f8yest og lavest frav\u00e6r. <\/p>\n<p>Foto: William Jobling \/ NRK<\/p>\n<p>\u2013 Er holdningen at skolen er noe man g\u00e5r p\u00e5 n\u00e5r man har lyst?<\/p>\n<p>Bryd\u00f8y trekker litt p\u00e5 det.<\/p>\n<p><strong>\u2013 I noen enkelte tilfeller er det s\u00e5pass seri\u00f8st. Det finnes noen som har 50 prosent frav\u00e6r, og da er det ofte s\u00e5nn at de syns at skolen er noe tull.<\/strong><\/p>\n<p>Ingen kommentar<\/p>\n<p>Nasjonale skolemyndigheter publiserer ikke frav\u00e6rstall for grunnskolen. Unntaket er tiende klasse.<\/p>\n<p>NRK har spurt kunnskapsminister Kari Nessa Nordtun om hva hun mener om at Oslo n\u00e5 vil publisere frav\u00e6rstall for hver enkelt skole.<\/p>\n<p>Kunnskapsdepartementet opplyser at statsr\u00e5den ikke \u00f8nsker \u00e5 kommentere saken.<\/p>\n<p>Skolebyr\u00e5den avviser at departementet kan stoppe tiltaket.<\/p>\n<p>\u2013 Nei, dette kan Oslo gj\u00f8re p\u00e5 egen kj\u00f8l. Og her \u00f8nsker vi ogs\u00e5 \u00e5 g\u00e5 i front og vise hvordan det kan gj\u00f8res.<\/p>\n<p>Publisert<\/p>\n<p>04.01.2026, kl. 21.23<\/p>\n","protected":false},"excerpt":{"rendered":"Telefonen ringer p\u00e5 rektors kontor. En elev er meldt syk. P\u00e5 Rusel\u00f8kka skole skjer det stadig oftere. \u2013&hellip;\n","protected":false},"author":2,"featured_media":128823,"comment_status":"","ping_status":"","sticky":false,"template":"","format":"standard","meta":{"footnotes":""},"categories":[10],"tags":[20,21,24,25,15,22,23,13,30,28,29,14,16,26,27],"class_list":{"0":"post-128822","1":"post","2":"type-post","3":"status-publish","4":"format-standard","5":"has-post-thumbnail","7":"category-norge","8":"tag-breaking-news","9":"tag-breakingnews","10":"tag-featured-news","11":"tag-featurednews","12":"tag-headlines","13":"tag-latest-news","14":"tag-latestnews","15":"tag-news","16":"tag-no","17":"tag-norge","18":"tag-norway","19":"tag-nyheter","20":"tag-overskrifter","21":"tag-top-stories","22":"tag-topstories"},"share_on_mastodon":{"url":"https:\/\/pubeurope.com\/@no\/115838834592196273","error":""},"_links":{"self":[{"href":"https:\/\/www.europesays.com\/no\/wp-json\/wp\/v2\/posts\/128822","targetHints":{"allow":["GET"]}}],"collection":[{"href":"https:\/\/www.europesays.com\/no\/wp-json\/wp\/v2\/posts"}],"about":[{"href":"https:\/\/www.europesays.com\/no\/wp-json\/wp\/v2\/types\/post"}],"author":[{"embeddable":true,"href":"https:\/\/www.europesays.com\/no\/wp-json\/wp\/v2\/users\/2"}],"replies":[{"embeddable":true,"href":"https:\/\/www.europesays.com\/no\/wp-json\/wp\/v2\/comments?post=128822"}],"version-history":[{"count":0,"href":"https:\/\/www.europesays.com\/no\/wp-json\/wp\/v2\/posts\/128822\/revisions"}],"wp:featuredmedia":[{"embeddable":true,"href":"https:\/\/www.europesays.com\/no\/wp-json\/wp\/v2\/media\/128823"}],"wp:attachment":[{"href":"https:\/\/www.europesays.com\/no\/wp-json\/wp\/v2\/media?parent=128822"}],"wp:term":[{"taxonomy":"category","embeddable":true,"href":"https:\/\/www.europesays.com\/no\/wp-json\/wp\/v2\/categories?post=128822"},{"taxonomy":"post_tag","embeddable":true,"href":"https:\/\/www.europesays.com\/no\/wp-json\/wp\/v2\/tags?post=128822"}],"curies":[{"name":"wp","href":"https:\/\/api.w.org\/{rel}","templated":true}]}}