{"id":128828,"date":"2026-01-04T21:04:17","date_gmt":"2026-01-04T21:04:17","guid":{"rendered":"https:\/\/www.europesays.com\/no\/128828\/"},"modified":"2026-01-04T21:04:17","modified_gmt":"2026-01-04T21:04:17","slug":"trening-nyttarsforsetter-flere-gar-for-hardt-ut-i-januar-slik-unngar-du-a-bli-skadet-pa-trening-romerikes-blad","status":"publish","type":"post","link":"https:\/\/www.europesays.com\/no\/128828\/","title":{"rendered":"Trening, Nytt\u00e5rsforsetter | Flere g\u00e5r for hardt ut i januar. Slik unng\u00e5r du \u00e5 bli skadet p\u00e5 trening &#8211; Romerikes Blad"},"content":{"rendered":"<ol>\n<li><a href=\"https:\/\/news.google.com\/rss\/articles\/CBMipgFBVV95cUxOa2h4bHVaaGhKTVJZTFYxSFA2YzdvNHpYYkVtN096enZNYzhNaDJ0b0FVTm5jV0l3X0p2bngzdnBWV1Q5R1o1SERmOHM5blE5bVR4d0FjdFh3eFNSLTJiVEljWDY2NGt2MDBqTkF6bnFpdlp0ajJhbUFIUWdWVkpBU3lnQ3JmYWVMOFBVWHpMZVk0UENZOWRDLXFUTWFGMGlKX250eEpn?oc=5\" target=\"_blank\" rel=\"nofollow noopener\">Trening, Nytt\u00e5rsforsetter | Flere g\u00e5r for hardt ut i januar. Slik unng\u00e5r du \u00e5 bli skadet p\u00e5 trening<\/a>&nbsp;&nbsp;Romerikes Blad<\/li>\n<li><a href=\"https:\/\/news.google.com\/rss\/articles\/CBMi3wFBVV95cUxPOFg4TzBZaVUtb3J2dWU5aFRPR01YMDNlRGdjVlhOSGNOejVuMS1mbzIzUXo4ZkFEY3ZCVDVDeXR2MUY1TkZoTkpPUFRKeExEMFB6LVRFTnkzMGZiQzRGTVlzVzFMNTA3SGI2R1pMUG5SQXJQQzlRbkhWbFJTVjBLZXlKbzl4Q1FLTjhNWmQxZEVWcnNvTXFGdllReWUzYUJvOTZhVTFRSzd4Y01tZ3lhVXJjbkk0R29HeFpBczJuNDdjMENyaUx4REYtRTYxWjYzMzF5WGUySXB5eHE0RV9B?oc=5\" target=\"_blank\" rel=\"nofollow noopener\">PT-Sebastian har et klart r\u00e5d til alle med spreke nytt\u00e5rsforsetter: \u2013 Det viktigste er \u00e5 finne treningsgleden<\/a>&nbsp;&nbsp;Moss Avis<\/li>\n<li><a href=\"https:\/\/news.google.com\/rss\/articles\/CBMijAFBVV95cUxNY2hyT3lnN1lxRXF6bUtscUxRU2lnMWRQR3JkbWN0dlg5OGYyd1dXUFF4dUhpNU8zcjI2ejdlUEFFU2dIVEk0M1lrSGpWWkVNWFhJTlJsTHN4VGQydlpMVi1POFRLWFo2eUlxMlVCZTBWdjhJbHRvWm1IVHR2c1hIYXFPOXNNbFNlRjNsbA?oc=5\" target=\"_blank\" rel=\"nofollow noopener\">Treningssenter, Kongsvinger | Skal du starte \u00e5 trene? Ikke g\u00e5 i denne fella<\/a>&nbsp;&nbsp;Gl\u00e5mdalen<\/li>\n<li><a href=\"https:\/\/news.google.com\/rss\/articles\/CBMigwFBVV95cUxQVExoRFJqQ1JwRThJb2JoZTk1MzBMN3pxYzRET2pzQ2lMVzY5YnRkajNYRmNSM01xRTk2SlVUNDlKMmtXNVN1SXBVVWQ5NnpZTU4zZUZCTzZPZnZmd19FYWYzRkZBWmJ6MjNyeTk0MmEwV2w5b1ZrRzZqV2V2MV82VjlkOA?oc=5\" target=\"_blank\" rel=\"nofollow noopener\">48 prosent har trening som nytt\u00e5rsforsett \u2013 men Eirik og Hallvard trener \u00e5ret rundt<\/a>&nbsp;&nbsp;Lofotposten<\/li>\n<li><a href=\"https:\/\/news.google.com\/rss\/articles\/CBMipgFBVV95cUxOU0ZCdWZtTFMweTlqSDQ2WWJxTDdzb09DX0ZQcUw0S2RhWGJ0Q0toRXZWYlpzXzFYZDR0cDlPcmtmc0hpa3E3M0dzRGZTNENldF9wWWJyangwYjFCeVFSRTktbFJvOGgySDh0bE5iY2k5UUxQajNQLXZfcXNCRlhpSFRQQkRjQmNKeTJEMU9wc2JUa3JaVE9HeDJmWFBpM2hqN1RyQ3pn?oc=5\" target=\"_blank\" rel=\"nofollow noopener\">Ris\u00f8r, Trening | Nytt \u00e5r, nye vaner \u2013 treningssentrene i Ris\u00f8r merker jevn p\u00e5gang<\/a>&nbsp;&nbsp;Aust-Agder Blad<\/li>\n<\/ol>\n","protected":false},"excerpt":{"rendered":"Trening, Nytt\u00e5rsforsetter | Flere g\u00e5r for hardt ut i januar. Slik unng\u00e5r du \u00e5 bli skadet p\u00e5 trening&nbsp;&nbsp;Romerikes&hellip;\n","protected":false},"author":2,"featured_media":128829,"comment_status":"","ping_status":"","sticky":false,"template":"","format":"standard","meta":{"footnotes":""},"categories":[10],"tags":[20,21,24,25,15,22,23,13,30,28,29,14,16,26,27],"class_list":{"0":"post-128828","1":"post","2":"type-post","3":"status-publish","4":"format-standard","5":"has-post-thumbnail","7":"category-norge","8":"tag-breaking-news","9":"tag-breakingnews","10":"tag-featured-news","11":"tag-featurednews","12":"tag-headlines","13":"tag-latest-news","14":"tag-latestnews","15":"tag-news","16":"tag-no","17":"tag-norge","18":"tag-norway","19":"tag-nyheter","20":"tag-overskrifter","21":"tag-top-stories","22":"tag-topstories"},"share_on_mastodon":{"url":"https:\/\/pubeurope.com\/@no\/115838862113468596","error":""},"_links":{"self":[{"href":"https:\/\/www.europesays.com\/no\/wp-json\/wp\/v2\/posts\/128828","targetHints":{"allow":["GET"]}}],"collection":[{"href":"https:\/\/www.europesays.com\/no\/wp-json\/wp\/v2\/posts"}],"about":[{"href":"https:\/\/www.europesays.com\/no\/wp-json\/wp\/v2\/types\/post"}],"author":[{"embeddable":true,"href":"https:\/\/www.europesays.com\/no\/wp-json\/wp\/v2\/users\/2"}],"replies":[{"embeddable":true,"href":"https:\/\/www.europesays.com\/no\/wp-json\/wp\/v2\/comments?post=128828"}],"version-history":[{"count":0,"href":"https:\/\/www.europesays.com\/no\/wp-json\/wp\/v2\/posts\/128828\/revisions"}],"wp:featuredmedia":[{"embeddable":true,"href":"https:\/\/www.europesays.com\/no\/wp-json\/wp\/v2\/media\/128829"}],"wp:attachment":[{"href":"https:\/\/www.europesays.com\/no\/wp-json\/wp\/v2\/media?parent=128828"}],"wp:term":[{"taxonomy":"category","embeddable":true,"href":"https:\/\/www.europesays.com\/no\/wp-json\/wp\/v2\/categories?post=128828"},{"taxonomy":"post_tag","embeddable":true,"href":"https:\/\/www.europesays.com\/no\/wp-json\/wp\/v2\/tags?post=128828"}],"curies":[{"name":"wp","href":"https:\/\/api.w.org\/{rel}","templated":true}]}}