{"id":128832,"date":"2026-01-04T21:13:42","date_gmt":"2026-01-04T21:13:42","guid":{"rendered":"https:\/\/www.europesays.com\/no\/128832\/"},"modified":"2026-01-04T21:13:42","modified_gmt":"2026-01-04T21:13:42","slug":"vaeret-kulde-mer-sno-i-vente-kan-bli-en-halvmeter-drammens-tidende","status":"publish","type":"post","link":"https:\/\/www.europesays.com\/no\/128832\/","title":{"rendered":"V\u00e6ret, Kulde | Mer sn\u00f8 i vente: \u2013 Kan bli en halvmeter &#8211; Drammens Tidende"},"content":{"rendered":"<ol>\n<li><a href=\"https:\/\/news.google.com\/rss\/articles\/CBMieEFVX3lxTE5IMTg1TE9PQkJUTW45M0V6V0diMV9sU2dyeDBlYVI5QnV1dE04UFE4bWVoazZJQTZ2YlEtbWE5aHMzaDhRTEptaFdCaVgwR2RyeGxUWGNPeHh2blZUSkhHM1JmTFlKRm9Td3dzRjdCNkVJOGdjaWFqSw?oc=5\" target=\"_blank\" rel=\"nofollow noopener\">V\u00e6ret, Kulde | Mer sn\u00f8 i vente: \u2013 Kan bli en halvmeter<\/a>&nbsp;&nbsp;Drammens Tidende<\/li>\n<li><a href=\"https:\/\/news.google.com\/rss\/articles\/CBMihAFBVV95cUxPVWNITjFfRTRfRzh6a0htaFE5YzIzZGRSeU15QTRMVkM2bWlZdm8xVnVOOWltMWRmdXlFSW5qREtHSG9MQ05FMU5HR3JUWWpFeVQxaVdoaHNOWmMyZ3k3MlJYWGxHMnM1T1BqaGN3c0Q2NGJsWEQ3MnlIb2kyX3QtWUdybXE?oc=5\" target=\"_blank\" rel=\"nofollow noopener\">V\u00e6r | Kulden fortsetter: \u2013 Kan komme kraftigere sn\u00f8v\u00e6r<\/a>&nbsp;&nbsp;T\u00f8nsbergs Blad<\/li>\n<li><a href=\"https:\/\/news.google.com\/rss\/articles\/CBMilgFBVV95cUxORDh5MGpGYVFkUElpd29sU20yUy1UdzVrWV9hbWQza3BUaENBQkd1MExqTnlfWE1jc0hnZllHZHg1aW1yczNaZHBWaS03R3VZT3FBSXliSlVHVmRlR3pNOHlRNVQzQmQ4WVFIUnZkWU4tSHhqdjRuS1ZBSzVBZVJya1Nab2UxTS1DcXlORGtjMWdKWENUdHc?oc=5\" target=\"_blank\" rel=\"nofollow noopener\">Er du lei av sn\u00f8? Bare vent til du leser denne v\u00e6rmeldingen<\/a>&nbsp;&nbsp;Drammens Tidende<\/li>\n<li><a href=\"https:\/\/news.google.com\/rss\/articles\/CBMimgFBVV95cUxQWTBNREpZTV9najJYMUJVdG9iOWk3dnQwUEdtNWtoZHN5Zk1nVWN0WE1nVklkcFdORTFDZGh4bkpjcFhIRGJUYmZscHBueDJEcUF2VldnUllheVljU1V3Slo5Yy0zMTVQOURrSWpuTGdZeU52LW01ODZNMzR5V1Q2OTBfYXpsckdEUkJYY2hrZkN0SDJJWVBvcTFR?oc=5\" target=\"_blank\" rel=\"nofollow noopener\">N\u00e5 kommer vinteren: S\u00e5 mye sn\u00f8 kan vi vente oss<\/a>&nbsp;&nbsp;Tvedestrandsposten<\/li>\n<li><a href=\"https:\/\/news.google.com\/rss\/articles\/CBMibEFVX3lxTE1BNkVOTnVCRFhwNDVkMmFYVU5WTHh6TGZIUjNtS0NvYUZaeVNVclU5RF9WR3BYMkpiZ3l3T1RNY3pUYWNWN0JjNXMxZXU4d0pUUXVWS2VHbjY5TV9sVjRPNm5tLUJ1SDhzdU5xdg?oc=5\" target=\"_blank\" rel=\"nofollow noopener\">Varsler 25 centimeter sn\u00f8<\/a>&nbsp;&nbsp;DRM24.no<\/li>\n<\/ol>\n","protected":false},"excerpt":{"rendered":"V\u00e6ret, Kulde | Mer sn\u00f8 i vente: \u2013 Kan bli en halvmeter&nbsp;&nbsp;Drammens Tidende V\u00e6r | Kulden fortsetter: \u2013&hellip;\n","protected":false},"author":2,"featured_media":128833,"comment_status":"","ping_status":"","sticky":false,"template":"","format":"standard","meta":{"footnotes":""},"categories":[10],"tags":[20,21,24,25,15,22,23,13,30,28,29,14,16,26,27],"class_list":{"0":"post-128832","1":"post","2":"type-post","3":"status-publish","4":"format-standard","5":"has-post-thumbnail","7":"category-norge","8":"tag-breaking-news","9":"tag-breakingnews","10":"tag-featured-news","11":"tag-featurednews","12":"tag-headlines","13":"tag-latest-news","14":"tag-latestnews","15":"tag-news","16":"tag-no","17":"tag-norge","18":"tag-norway","19":"tag-nyheter","20":"tag-overskrifter","21":"tag-top-stories","22":"tag-topstories"},"share_on_mastodon":{"url":"https:\/\/pubeurope.com\/@no\/115838897558177373","error":""},"_links":{"self":[{"href":"https:\/\/www.europesays.com\/no\/wp-json\/wp\/v2\/posts\/128832","targetHints":{"allow":["GET"]}}],"collection":[{"href":"https:\/\/www.europesays.com\/no\/wp-json\/wp\/v2\/posts"}],"about":[{"href":"https:\/\/www.europesays.com\/no\/wp-json\/wp\/v2\/types\/post"}],"author":[{"embeddable":true,"href":"https:\/\/www.europesays.com\/no\/wp-json\/wp\/v2\/users\/2"}],"replies":[{"embeddable":true,"href":"https:\/\/www.europesays.com\/no\/wp-json\/wp\/v2\/comments?post=128832"}],"version-history":[{"count":0,"href":"https:\/\/www.europesays.com\/no\/wp-json\/wp\/v2\/posts\/128832\/revisions"}],"wp:featuredmedia":[{"embeddable":true,"href":"https:\/\/www.europesays.com\/no\/wp-json\/wp\/v2\/media\/128833"}],"wp:attachment":[{"href":"https:\/\/www.europesays.com\/no\/wp-json\/wp\/v2\/media?parent=128832"}],"wp:term":[{"taxonomy":"category","embeddable":true,"href":"https:\/\/www.europesays.com\/no\/wp-json\/wp\/v2\/categories?post=128832"},{"taxonomy":"post_tag","embeddable":true,"href":"https:\/\/www.europesays.com\/no\/wp-json\/wp\/v2\/tags?post=128832"}],"curies":[{"name":"wp","href":"https:\/\/api.w.org\/{rel}","templated":true}]}}