{"id":128836,"date":"2026-01-04T21:20:30","date_gmt":"2026-01-04T21:20:30","guid":{"rendered":"https:\/\/www.europesays.com\/no\/128836\/"},"modified":"2026-01-04T21:20:30","modified_gmt":"2026-01-04T21:20:30","slug":"i-morgen-ettermiddag-fyker-stromprisen-til-vaers-i-nord-norge-altaposten-no","status":"publish","type":"post","link":"https:\/\/www.europesays.com\/no\/128836\/","title":{"rendered":"(+) I morgen ettermiddag fyker str\u00f8mprisen til v\u00e6rs i Nord-Norge &#8211; altaposten.no"},"content":{"rendered":"<ol>\n<li><a href=\"https:\/\/news.google.com\/rss\/articles\/CBMiqAFBVV95cUxPQ0ZiMWtKcFpLdkN2YW5PSUd4aF9VSGlvMjcxMUFWY1hXZWE5WllrSVFvRUZpTDh0MC0xS0dBMHQta21lQ2pyeHltSVQwSXg3X3QtNEtMLUN1X3FhcUlwMlRDak1mZ2FNemViY1M5dGU0LTFXQldRU3c3aUZ6a0ZXTFo1eHU3dW9MQUhVaENVSmlkd3JLck1UYS03TjNqcVV3Y0w3dUtWZmY?oc=5\" target=\"_blank\" rel=\"nofollow noopener\">(+) I morgen ettermiddag fyker str\u00f8mprisen til v\u00e6rs i Nord-Norge<\/a>&nbsp;&nbsp;altaposten.no<\/li>\n<li><a href=\"https:\/\/news.google.com\/rss\/articles\/CBMiygFBVV95cUxNUDRUbnRrQ25SWTlhZW56WlI3dEc4ZVl0bnFKbjRqcnl4eEx4UnVlZnFxZG1SbjNOUEw4LVc1RGRmQ3ItYjA4ZkFmOVF2LTFKZWtKbXkwR2pPUmExLXZXR1c5ZHhwVDdkSUV2dFVXeGt5bWFKVzgyYTk2M1oyYmJITGl2ZUdjNk9YTVdaa1hxeE1fa1JCRFF3RTVTZHphaFV0M1lCaEg0UUR4QV9oNzgzZy1NY1FDNUdwd1JwNVQzUlFWZ3o3RGF5SXF3?oc=5\" target=\"_blank\" rel=\"nofollow noopener\">Str\u00f8mpris p\u00e5 3 kr\/kWh: Produsentene tjener 600 millioner kroner p\u00e5 ett d\u00f8gn mandag<\/a>&nbsp;&nbsp;Europower<\/li>\n<li><a href=\"https:\/\/news.google.com\/rss\/articles\/CBMimwFBVV95cUxPLVROZE01YkJjNnRXMWdFRWktMFJCZGhnSEZMOHFIZ1A5RUd1ZkZfTGp2WkxfMV9XZVFGSmZJN1RjN0RZdll3SE1Cc0ZFRE1QNHFqTTdmSl9pRkh6ZkVGeS11YWRJd2NHV0JaQVlJTC1sWndwUkJnb01MeWRKaWdiYXEzeDl5RXlqNU5mU0VnckJnVkF3SlJMbmpRYw?oc=5\" target=\"_blank\" rel=\"nofollow noopener\">Mandag blir det vinterens h\u00f8yeste str\u00f8mpris i Midt-Norge<\/a>&nbsp;&nbsp;mn24.no<\/li>\n<li><a href=\"https:\/\/news.google.com\/rss\/articles\/CBMifEFVX3lxTE95dWxoU0pTNno0cXBGdnljN2EzM0hzS1oweXpnQU55Z3RtTXVHY05GeXJkNzJjYlZudFZHUnhmNk1EVmNwbkZIc2s5YjJMUllmMzhBdHY1SEgxVFBhYlFaN2pfZXpYOWQ0d0pheGtiN0MzWXIwNy1xWDg0Q3o?oc=5\" target=\"_blank\" rel=\"nofollow noopener\">Huttetu \u2013 n\u00e5 skyter str\u00f8mprisen i v\u00e6ret<\/a>&nbsp;&nbsp;Tr\u00f8nder-Avisa<\/li>\n<li><a href=\"https:\/\/news.google.com\/rss\/articles\/CBMijwFBVV95cUxNeTl4Q1lVeUVCRFNndWdFWGw5RG5CX2h5d1p3ZVdfYjNGSmszRkNZVVlpbFkxQ0FvbW0yUVlib0FQd2dNY1FEdXhaYkkxdXZQUVJ5dkt3UU5rRmFCdkg5ckFPQzJoREtDRjBlNjgyZWI0WjQwX1RWbDExSWpFczlXbmIzMEtHQU5KdUJmaFRoTQ?oc=5\" target=\"_blank\" rel=\"nofollow noopener\">Varsler kraftig prishopp<\/a>&nbsp;&nbsp;smp.no<\/li>\n<\/ol>\n","protected":false},"excerpt":{"rendered":"(+) I morgen ettermiddag fyker str\u00f8mprisen til v\u00e6rs i Nord-Norge&nbsp;&nbsp;altaposten.no Str\u00f8mpris p\u00e5 3 kr\/kWh: Produsentene tjener 600 millioner&hellip;\n","protected":false},"author":2,"featured_media":128837,"comment_status":"","ping_status":"","sticky":false,"template":"","format":"standard","meta":{"footnotes":""},"categories":[10],"tags":[20,21,24,25,15,22,23,13,30,28,29,14,16,243,26,27],"class_list":{"0":"post-128836","1":"post","2":"type-post","3":"status-publish","4":"format-standard","5":"has-post-thumbnail","7":"category-norge","8":"tag-breaking-news","9":"tag-breakingnews","10":"tag-featured-news","11":"tag-featurednews","12":"tag-headlines","13":"tag-latest-news","14":"tag-latestnews","15":"tag-news","16":"tag-no","17":"tag-norge","18":"tag-norway","19":"tag-nyheter","20":"tag-overskrifter","21":"tag-strom","22":"tag-top-stories","23":"tag-topstories"},"share_on_mastodon":{"url":"https:\/\/pubeurope.com\/@no\/115838925040083635","error":""},"_links":{"self":[{"href":"https:\/\/www.europesays.com\/no\/wp-json\/wp\/v2\/posts\/128836","targetHints":{"allow":["GET"]}}],"collection":[{"href":"https:\/\/www.europesays.com\/no\/wp-json\/wp\/v2\/posts"}],"about":[{"href":"https:\/\/www.europesays.com\/no\/wp-json\/wp\/v2\/types\/post"}],"author":[{"embeddable":true,"href":"https:\/\/www.europesays.com\/no\/wp-json\/wp\/v2\/users\/2"}],"replies":[{"embeddable":true,"href":"https:\/\/www.europesays.com\/no\/wp-json\/wp\/v2\/comments?post=128836"}],"version-history":[{"count":0,"href":"https:\/\/www.europesays.com\/no\/wp-json\/wp\/v2\/posts\/128836\/revisions"}],"wp:featuredmedia":[{"embeddable":true,"href":"https:\/\/www.europesays.com\/no\/wp-json\/wp\/v2\/media\/128837"}],"wp:attachment":[{"href":"https:\/\/www.europesays.com\/no\/wp-json\/wp\/v2\/media?parent=128836"}],"wp:term":[{"taxonomy":"category","embeddable":true,"href":"https:\/\/www.europesays.com\/no\/wp-json\/wp\/v2\/categories?post=128836"},{"taxonomy":"post_tag","embeddable":true,"href":"https:\/\/www.europesays.com\/no\/wp-json\/wp\/v2\/tags?post=128836"}],"curies":[{"name":"wp","href":"https:\/\/api.w.org\/{rel}","templated":true}]}}