{"id":128838,"date":"2026-01-04T21:26:12","date_gmt":"2026-01-04T21:26:12","guid":{"rendered":"https:\/\/www.europesays.com\/no\/128838\/"},"modified":"2026-01-04T21:26:12","modified_gmt":"2026-01-04T21:26:12","slug":"alle-ofrene-etter-brannen-i-sveits-er-identifisert","status":"publish","type":"post","link":"https:\/\/www.europesays.com\/no\/128838\/","title":{"rendered":"Alle ofrene etter brannen i Sveits er identifisert"},"content":{"rendered":"\n<p class=\"_lead_o9xde_2 _lead_xtcu6_50 layout-component text-serif-m layout-normal text-serif-l layout-component layout-wide layout-padded _wide_17hqh_1 layout-padded\">Sveitsisk politi opplyser at alle de 40 menneskene som mistet livet i brannen i Crans-Montana er identifisert. <\/p>\n<p><img alt=\"Blomster er lagt frem og lys er tent etter brannen p\u00e5 Le Constellation bar i Sveits. Foto: JEAN-CHRISTOPHE BOTT \/ EPA \/ NTB\" class=\"_image_qp4xg_65 layout-component layout-wide\" data-fullscreen- data-track-element-type=\"Article image fullscreen\" data-track-name=\"ImageFullscreen\" fetchpriority=\"high\" decoding=\"sync\" loading=\"eager\" height=\"5228\" itemprop=\"image\"  src=\"https:\/\/www.europesays.com\/no\/wp-content\/uploads\/2026\/01\/79ffd5d0-4030-40a2-a133-44017002491a.png\"  style=\"object-position:0% 0%\" width=\"7842\"\/>Blomster er lagt frem og lys er tent etter brannen p\u00e5 Le Constellation bar i Sveits. Foto: JEAN-CHRISTOPHE BOTT \/ EPA \/ NTB<\/p>\n<ul aria-hidden=\"true\" class=\"_images_ntbth_112\">\n<li><a class=\"_link_ntbth_117\" href=\"https:\/\/www.vg.no\/forfatter\/eline-hauger\" style=\"z-index:2\" title=\"Eline Hauger\" rel=\"nofollow noopener\" target=\"_blank\"><img alt=\"Bilde av Eline Hauger\" class=\"_image_ntbth_93\" fetchpriority=\"low\" loading=\"lazy\" decoding=\"async\" itemprop=\"image\"  src=\"https:\/\/www.europesays.com\/no\/wp-content\/uploads\/2026\/01\/1767561968_142_3dd290e1-4a44-4b56-a5ad-64fb323cd6ac.png\"  width=\"480\"\/><\/a><\/li>\n<li><a class=\"_link_ntbth_117\" href=\"https:\/\/www.vg.no\/forfatter\/ntb\" style=\"z-index:1\" title=\"NTB\" rel=\"nofollow noopener\" target=\"_blank\"><img alt=\"Bilde av NTB\" class=\"_image_ntbth_93\" fetchpriority=\"low\" loading=\"lazy\" decoding=\"async\" itemprop=\"image\"  src=\"https:\/\/www.europesays.com\/no\/wp-content\/uploads\/2026\/01\/1767561969_35_c33980b0-5d07-4027-84a1-813f90a7c8d6.png\"  width=\"480\"\/><\/a><\/li>\n<\/ul>\n<p> Oppdatert s\u00f8ndag 4. januar kl. 21:45     <\/p>\n<p class=\"_paragraph_o9xde_4 _paragraph_xtcu6_10 layout-component text-serif-m layout-normal text-serif-m layout-padded\">Natt til 1. nytt\u00e5rsdag br\u00f8t det ut en brann p\u00e5 nattklubben Le Constellation bar i den sveitsiske alpebyen Crans-Monatana. <\/p>\n<p class=\"_paragraph_o9xde_4 _paragraph_xtcu6_10 layout-component text-serif-m layout-normal text-serif-m layout-padded\">Mange av ofrene er ten\u00e5ringer.<\/p>\n<p class=\"_paragraph_o9xde_4 _paragraph_xtcu6_10 layout-component text-serif-m layout-normal text-serif-m layout-padded\">Brannen skal ha brutt ut klokken 01.30, bare kort tid f\u00f8r baren normalt stenger.<\/p>\n<p class=\"_paragraph_o9xde_4 _paragraph_xtcu6_10 layout-component text-serif-m layout-normal text-serif-m layout-padded\">Det antas at omrking 200 mennesker var inne, flere i alderen 15 til 20 \u00e5r.<\/p>\n<p class=\"_paragraph_o9xde_4 _paragraph_xtcu6_10 layout-component text-serif-m layout-normal text-serif-m layout-padded\">Isfakler festet til champagneflasker skal, if\u00f8lge sveitsiske myndigheter, v\u00e6re \u00e5rsaken til brannen. <\/p>\n<p>Var p\u00e5 baren med ti venner<\/p>\n<p class=\"_paragraph_o9xde_4 _paragraph_xtcu6_10 layout-component text-serif-m layout-normal text-serif-m layout-padded\">Blant de omkomne er ten\u00e5ringsgolferen Emanuele Galeppini (17).<\/p>\n<p class=\"_paragraph_o9xde_4 _paragraph_xtcu6_10 layout-component text-serif-m layout-normal text-serif-m layout-padded\">Det italienske golfforbundet omtaler Galeppini som en \u00abung ut\u00f8ver som legemliggjorde lidenskap og autentiske verdier\u00bb.<\/p>\n<p><img alt=\"Emanuele Galeppini (17)  Foto: Det Italienske golfforbundet.\" class=\"_image_qp4xg_65 layout-component layout-normal\" data-fullscreen- data-track-element-type=\"Article image fullscreen\" data-track-name=\"ImageFullscreen\" decoding=\"async\" loading=\"lazy\" height=\"562\" itemprop=\"image\"  src=\"https:\/\/www.europesays.com\/no\/wp-content\/uploads\/2026\/01\/a377fbc4-59dc-442e-b7af-e747e0c6a0e8.jpeg\"  style=\"object-position:0% 0%\" width=\"1000\"\/>Emanuele Galeppini (17)  Foto: Det Italienske golfforbundet.<\/p>\n<p class=\"_paragraph_o9xde_4 _paragraph_xtcu6_10 layout-component text-serif-m layout-normal text-serif-m layout-padded\">Ogs\u00e5 Arthur Brodard (16) er bekreftet d\u00f8d.<\/p>\n<p class=\"_paragraph_o9xde_4 _paragraph_xtcu6_10 layout-component text-serif-m layout-normal text-serif-m layout-padded\">If\u00f8lge Sky News skal han ha feiret nytt\u00e5rsaften p\u00e5 baren sammen med ti venner.<\/p>\n<p><img alt=\"Facebook  Foto: Facebook\" class=\"_image_qp4xg_65 layout-component layout-normal\" data-fullscreen- data-track-element-type=\"Article image fullscreen\" data-track-name=\"ImageFullscreen\" decoding=\"async\" loading=\"lazy\" height=\"1440\" itemprop=\"image\"  src=\"https:\/\/www.europesays.com\/no\/wp-content\/uploads\/2026\/01\/a894ed5e-09f2-4ccc-acba-e5a65b5e4b1c.jpeg\"  style=\"object-position:0% 0%\" width=\"1080\"\/>Facebook  Foto: Facebook<\/p>\n<p class=\"_paragraph_o9xde_4 _paragraph_xtcu6_10 layout-component text-serif-m layout-normal text-serif-m layout-padded\">\u2013 V\u00e5r Arthur har reist for \u00e5 feste i paradis, skrev moren Laetitia Brodard-Sitre ved et bilde av s\u00f8nnen publisert i sosiale medier s\u00f8ndag. <\/p>\n<p><img alt=\"\u2013 Dette bildet er tatt to timer f\u00f8r Arthur dro til Le Constellation, sier Arthurs mor Laetitia Brodard-Sitre.  Foto: Noemie Olive \/ Reuters \/ NTB\" class=\"_image_qp4xg_65 layout-component layout-normal\" data-fullscreen- data-track-element-type=\"Article image fullscreen\" data-track-name=\"ImageFullscreen\" decoding=\"async\" loading=\"lazy\" height=\"3024\" itemprop=\"image\"  src=\"https:\/\/www.europesays.com\/no\/wp-content\/uploads\/2026\/01\/77b127d5-60b2-4d3e-8efb-45b77137e9fc.png\"  style=\"object-position:0% 0%\" width=\"4032\"\/>\u2013 Dette bildet er tatt to timer f\u00f8r Arthur dro til Le Constellation, sier Arthurs mor Laetitia Brodard-Sitre.  Foto: Noemie Olive \/ Reuters \/ NTB18 sveitsere er identifisert omkomne<\/p>\n<p class=\"_paragraph_o9xde_4 _paragraph_xtcu6_10 layout-component text-serif-m layout-normal text-serif-m layout-padded\">Benjamin Johnson omkom ogs\u00e5 i brannen, meldte det sveitsiske bokseforbundet s\u00f8ndag.<\/p>\n<p class=\"_paragraph_o9xde_4 _paragraph_xtcu6_10 layout-component text-serif-m layout-normal text-serif-m layout-padded\">Tristan Pidoux er ogs\u00e5 meldt d\u00f8d av en talsperson for familien, if\u00f8lge Sky News.<\/p>\n<p class=\"_paragraph_o9xde_4 _paragraph_xtcu6_10 layout-component text-serif-m layout-normal text-serif-m layout-padded\">Tidligere har politiet opplyst at det er 18 sveitsere blant de identifiserte omkomne. <\/p>\n<p class=\"_paragraph_o9xde_4 _paragraph_xtcu6_10 layout-component text-serif-m layout-normal text-serif-m layout-padded\">De hadde p\u00e5 det tidspunktet ogs\u00e5 identifisert to 16 \u00e5r gamle italienere, en franskmann p\u00e5 39 \u00e5r, en 16 \u00e5r gammel italiensk-emirater og to 18-\u00e5ringer fra henholdsvis Romania og Tyrkia.<\/p>\n<p class=\"_paragraph_o9xde_4 _paragraph_xtcu6_10 layout-component text-serif-m layout-normal text-serif-m layout-padded\">Italienske myndigheter har p\u00e5 sin side meldt om seks omkomne italienere. <\/p>\n<p class=\"_paragraph_o9xde_4 _paragraph_xtcu6_10 layout-component text-serif-m layout-normal text-serif-m layout-padded\">Frankrike indikerte s\u00f8ndag at ni franske statsborgere s\u00e5 langt hadde blitt identifisert.<\/p>\n<p class=\"_paragraph_o9xde_4 _paragraph_xtcu6_10 layout-component text-serif-m layout-normal text-serif-m layout-padded\">Det er \u00e5pnet etterforskning mot ekteparet som eier baren. De er siktet for uaktsomt drap, uaktsom kroppsskade og uaktsom ildsp\u00e5settelse.<\/p>\n<p>Sang etter gudstjenesten<\/p>\n<p class=\"_paragraph_o9xde_4 _paragraph_xtcu6_10 layout-component text-serif-m layout-normal text-serif-m layout-padded\">En gudstjeneste dedikert til ofrene ble s\u00f8ndag holdt i et lite kapell rundt 300 meter fra det n\u00e5 \u00f8delagte utestedet.<\/p>\n<p class=\"_paragraph_o9xde_4 _paragraph_xtcu6_10 layout-component text-serif-m layout-normal text-serif-m layout-padded\">Jean-Marie Lovey, biskopen av Sion, fortalte det fullsatte kapellet at det var uutholdelig for s\u00e5 mange familier \u00e5 forbli i et m\u00f8rke av lidelse og d\u00f8d.<\/p>\n<p class=\"_paragraph_o9xde_4 _paragraph_xtcu6_10 layout-component text-serif-m layout-normal text-serif-m layout-padded\">P\u00e5 torget utenfor sto flere hundre mennesker i det kalde v\u00e6ret og fulgte gudstjenesten p\u00e5 storskjerm.<\/p>\n<p class=\"_paragraph_o9xde_4 _paragraph_xtcu6_10 layout-component text-serif-m layout-normal text-serif-m layout-padded\">De gikk sakte og stille sammen mot Le Constellation etter gudstjenesten og stilte seg ved det provisoriske minnesmerket utenfor.<\/p>\n<p class=\"_paragraph_o9xde_4 _paragraph_xtcu6_10 layout-component text-serif-m layout-normal text-serif-m layout-padded\">Spontan applaus br\u00f8t ut fra mengden da redningsmannskaper og n\u00f8detat-arbeidere gikk igjennom, hvorav mange var synlig overveldet av takknemlighet.<\/p>\n<p class=\"_paragraph_o9xde_4 _paragraph_xtcu6_10 layout-component text-serif-m layout-normal text-serif-m layout-padded\">Ved minnesmerket, et hav av lys og blomster, sang de Leonard Cohens \u00abHallelujah\u00bb.<\/p>\n<p>    <img decoding=\"async\" alt=\"Tips oss illustrasjon\" src=\"https:\/\/www.europesays.com\/no\/wp-content\/uploads\/2025\/10\/pssst-small.webp.webp\"\/>    <\/p>\n<p class=\"title-serif-s\">Har du tips?<\/p>\n<p class=\"text-sans-m\">Send oss informasjon, bilder eller video.<\/p>\n<p>  <a href=\"https:\/\/www.vg.no\/tips-oss\" rel=\"nofollow noopener\" target=\"_blank\"> Tips oss <\/a>      <\/p>\n","protected":false},"excerpt":{"rendered":"Sveitsisk politi opplyser at alle de 40 menneskene som mistet livet i brannen i Crans-Montana er identifisert. Blomster&hellip;\n","protected":false},"author":2,"featured_media":128839,"comment_status":"","ping_status":"","sticky":false,"template":"","format":"standard","meta":{"footnotes":""},"categories":[12],"tags":[367,31,20,21,24,25,15,22,23,13,30,28,29,14,16,209,26,27,42,43,44,45],"class_list":{"0":"post-128838","1":"post","2":"type-post","3":"status-publish","4":"format-standard","5":"has-post-thumbnail","7":"category-verden","8":"tag-brann","9":"tag-breaking","10":"tag-breaking-news","11":"tag-breakingnews","12":"tag-featured-news","13":"tag-featurednews","14":"tag-headlines","15":"tag-latest-news","16":"tag-latestnews","17":"tag-news","18":"tag-no","19":"tag-norge","20":"tag-norway","21":"tag-nyheter","22":"tag-overskrifter","23":"tag-sveits","24":"tag-top-stories","25":"tag-topstories","26":"tag-verden","27":"tag-world","28":"tag-world-news","29":"tag-worldnews"},"share_on_mastodon":{"url":"https:\/\/pubeurope.com\/@no\/115838948770655601","error":""},"_links":{"self":[{"href":"https:\/\/www.europesays.com\/no\/wp-json\/wp\/v2\/posts\/128838","targetHints":{"allow":["GET"]}}],"collection":[{"href":"https:\/\/www.europesays.com\/no\/wp-json\/wp\/v2\/posts"}],"about":[{"href":"https:\/\/www.europesays.com\/no\/wp-json\/wp\/v2\/types\/post"}],"author":[{"embeddable":true,"href":"https:\/\/www.europesays.com\/no\/wp-json\/wp\/v2\/users\/2"}],"replies":[{"embeddable":true,"href":"https:\/\/www.europesays.com\/no\/wp-json\/wp\/v2\/comments?post=128838"}],"version-history":[{"count":0,"href":"https:\/\/www.europesays.com\/no\/wp-json\/wp\/v2\/posts\/128838\/revisions"}],"wp:featuredmedia":[{"embeddable":true,"href":"https:\/\/www.europesays.com\/no\/wp-json\/wp\/v2\/media\/128839"}],"wp:attachment":[{"href":"https:\/\/www.europesays.com\/no\/wp-json\/wp\/v2\/media?parent=128838"}],"wp:term":[{"taxonomy":"category","embeddable":true,"href":"https:\/\/www.europesays.com\/no\/wp-json\/wp\/v2\/categories?post=128838"},{"taxonomy":"post_tag","embeddable":true,"href":"https:\/\/www.europesays.com\/no\/wp-json\/wp\/v2\/tags?post=128838"}],"curies":[{"name":"wp","href":"https:\/\/api.w.org\/{rel}","templated":true}]}}