{"id":128840,"date":"2026-01-04T21:27:32","date_gmt":"2026-01-04T21:27:32","guid":{"rendered":"https:\/\/www.europesays.com\/no\/128840\/"},"modified":"2026-01-04T21:27:32","modified_gmt":"2026-01-04T21:27:32","slug":"reagerer-pa-flyplasskaos-det-er-fryktelig-itromso-no","status":"publish","type":"post","link":"https:\/\/www.europesays.com\/no\/128840\/","title":{"rendered":"(+) Reagerer p\u00e5 flyplasskaos: \u2013 Det er fryktelig &#8211; itromso.no"},"content":{"rendered":"<ol>\n<li><a href=\"https:\/\/news.google.com\/rss\/articles\/CBMiigFBVV95cUxObFQ3ckhFVnRqRERfQjJLbmFjZzhrdjJPWjlQNlVFT2pjQlVyOFNrVndhUnlWZnA4ZW9faGxPNUhyNFprM0xZNS1uQWFhbWpPcjVYSUszdUE2RERwZ2kxOVZzWlNKT0R6X1ZnNWp3QlZOSE9sWkxYRmFCZmpkNFV4WExPYVZmTUZrd2c?oc=5\" target=\"_blank\" rel=\"nofollow noopener\">(+) Reagerer p\u00e5 flyplasskaos: \u2013 Det er fryktelig<\/a>&nbsp;&nbsp;itromso.no<\/li>\n<li><a href=\"https:\/\/news.google.com\/rss\/articles\/CBMidkFVX3lxTFBMR0k2LXhEcHF0MjllaldObF95QUE5YzJCRzFuRXlfY3gyUDBhRURwVGdRS2U5b3VwcUpYUVV2RkhaekVLTlJMd25MRWUwaHh5RjUyVDRTNFdhanVVRldtU1RoeGhvMUtwSnF3Wm1NbVp2Y3YtbFE?oc=5\" target=\"_blank\" rel=\"nofollow noopener\">Store forsinkelser p\u00e5 Bod\u00f8 lufthavn<\/a>&nbsp;&nbsp;Avisa Nordland<\/li>\n<li><a href=\"https:\/\/news.google.com\/rss\/articles\/CBMiigFBVV95cUxQYUxDTmQ1cG1uOWNtRHpicjd5RFFiQmRwbGxoVGZVQ2RxQ2J0RldLcVdoX0FaTURVYUh6ZUE5UUo3ZkV2d0hSeUNkT3pPWVNvbTEzLW9mcnR1LTJwWTdSTDh6eHQ3ckc3Q3NCdHExSkVHUk02TVZjNTZ3RmpkdXBOUzJTbWozZ19zQ3c?oc=5\" target=\"_blank\" rel=\"nofollow noopener\">Derfor var det tysk monsterk\u00f8 p\u00e5 Langnes<\/a>&nbsp;&nbsp;Nordlys<\/li>\n<li><a href=\"https:\/\/news.google.com\/rss\/articles\/CBMia0FVX3lxTE55QXNoaUNWbnlBaF9HNzlqZlJUWml5WTh4X2ZtSDNxZjhXV0pnTms5bEVpU1NsdE81aExqcTZaakQxazNwVTc3NXFJMXNKcGlVa3hvMTd3eERYRzE2RlJRU293dG9FejVJcUFF?oc=5\" target=\"_blank\" rel=\"nofollow noopener\">(+) Sjekk den k\u00f8en!<\/a>&nbsp;&nbsp;folkebladet.no<\/li>\n<li><a href=\"https:\/\/news.google.com\/rss\/articles\/CBMiuwFBVV95cUxPV1ljZGNTMFJ4X3NIMzRQTW1MX0t6Vk9OclFROHozUFVOaERkQjhfdUNGZFZiWW1lX0NuZEhpSjZaVFB0ZUNZcWlHdm5MNngwZkl0Z2ZRQWtIbjZsbUdtRUFXQjVvZmU3LUlmRXhwYWx5dXNxYXpPTnVZOVljU3VCZUcyaUpmSFJCbDBEeVlrQklNSGFuaVNNSjR5UjVRSGFMQVEtZXRtR2hCNHFDdEdvSDlTaFJiSU9PLWRn?oc=5\" target=\"_blank\" rel=\"nofollow noopener\">Skulle bare fly fra Troms\u00f8 til Skagen \u2013 endte opp i Bod\u00f8, Trondheim, Br\u00f8nn\u00f8ysund og Svolv\u00e6r<\/a>&nbsp;&nbsp;Bladet Vester\u00e5len<\/li>\n<\/ol>\n","protected":false},"excerpt":{"rendered":"(+) Reagerer p\u00e5 flyplasskaos: \u2013 Det er fryktelig&nbsp;&nbsp;itromso.no Store forsinkelser p\u00e5 Bod\u00f8 lufthavn&nbsp;&nbsp;Avisa Nordland Derfor var det tysk&hellip;\n","protected":false},"author":2,"featured_media":128841,"comment_status":"","ping_status":"","sticky":false,"template":"","format":"standard","meta":{"footnotes":""},"categories":[10],"tags":[20,21,24,25,2582,15,22,23,13,30,28,29,14,16,26,27,1997,3363],"class_list":{"0":"post-128840","1":"post","2":"type-post","3":"status-publish","4":"format-standard","5":"has-post-thumbnail","7":"category-norge","8":"tag-breaking-news","9":"tag-breakingnews","10":"tag-featured-news","11":"tag-featurednews","12":"tag-flyplass","13":"tag-headlines","14":"tag-latest-news","15":"tag-latestnews","16":"tag-news","17":"tag-no","18":"tag-norge","19":"tag-norway","20":"tag-nyheter","21":"tag-overskrifter","22":"tag-top-stories","23":"tag-topstories","24":"tag-tromso-lufthavn","25":"tag-turisme"},"share_on_mastodon":{"url":"https:\/\/pubeurope.com\/@no\/115838952548080360","error":""},"_links":{"self":[{"href":"https:\/\/www.europesays.com\/no\/wp-json\/wp\/v2\/posts\/128840","targetHints":{"allow":["GET"]}}],"collection":[{"href":"https:\/\/www.europesays.com\/no\/wp-json\/wp\/v2\/posts"}],"about":[{"href":"https:\/\/www.europesays.com\/no\/wp-json\/wp\/v2\/types\/post"}],"author":[{"embeddable":true,"href":"https:\/\/www.europesays.com\/no\/wp-json\/wp\/v2\/users\/2"}],"replies":[{"embeddable":true,"href":"https:\/\/www.europesays.com\/no\/wp-json\/wp\/v2\/comments?post=128840"}],"version-history":[{"count":0,"href":"https:\/\/www.europesays.com\/no\/wp-json\/wp\/v2\/posts\/128840\/revisions"}],"wp:featuredmedia":[{"embeddable":true,"href":"https:\/\/www.europesays.com\/no\/wp-json\/wp\/v2\/media\/128841"}],"wp:attachment":[{"href":"https:\/\/www.europesays.com\/no\/wp-json\/wp\/v2\/media?parent=128840"}],"wp:term":[{"taxonomy":"category","embeddable":true,"href":"https:\/\/www.europesays.com\/no\/wp-json\/wp\/v2\/categories?post=128840"},{"taxonomy":"post_tag","embeddable":true,"href":"https:\/\/www.europesays.com\/no\/wp-json\/wp\/v2\/tags?post=128840"}],"curies":[{"name":"wp","href":"https:\/\/api.w.org\/{rel}","templated":true}]}}