{"id":128842,"date":"2026-01-04T21:35:07","date_gmt":"2026-01-04T21:35:07","guid":{"rendered":"https:\/\/www.europesays.com\/no\/128842\/"},"modified":"2026-01-04T21:35:07","modified_gmt":"2026-01-04T21:35:07","slug":"vi-trenger-gronland-absolutt-nrk-urix-utenriksnyheter-og-dokumentarer","status":"publish","type":"post","link":"https:\/\/www.europesays.com\/no\/128842\/","title":{"rendered":"Vi trenger Gr\u00f8nland, absolutt \u2013 NRK Urix \u2013 Utenriksnyheter og -dokumentarer"},"content":{"rendered":"<p><a id=\"Trump gjentar kravet om Gr\u00f8nland\" name=\"Trump gjentar kravet om Gr\u00f8nland\"\/>\u2013 Vi trenger absolutt Gr\u00f8nland, sier Donald Trump i et intervju med <a href=\"https:\/\/www.theatlantic.com\/national-security\/2026\/01\/trump-venezuela-maduro-delcy-rodriguez\/685497\/\" ec-id=\"https:\/\/www.theatlantic.com\/national-security\/2026\/01\/trump-venezuela-maduro-delcy-rodriguez\/685497\/\" ec-name=\"The Atlantic.\" rel=\"nofollow noopener\" target=\"_blank\">The Atlantic.<\/a><\/p>\n<p>If\u00f8lge ham er Gr\u00f8nland \u00abomringet av russiske og kinesiske skip\u00bb.<\/p>\n<p><strong>Presidenten har sagt det flere ganger: Gr\u00f8nland b\u00f8r bli en del av USA av hensyn til nasjonal sikkerhet.<\/strong><\/p>\n<p>I denne saken kan du lese om:<\/p>\n<p><a href=\"#Trump gjentar kravet om Gr\u00f8nland\">1. Trump gjentar kravet om Gr\u00f8nland<\/a><\/p>\n<p><a href=\"#Danmark ber USA stoppe truslene\">2. Danmark ber USA stoppe truslene <\/a><\/p>\n<p><a href=\"#- Ikke direkte sammenheng mellom angrepet p\u00e5 Venezuela og Gr\u00f8nland\">3. Eide: Norge st\u00e5r solidarisk bak Danmark <\/a><\/p>\n<p><a href=\"#Gr\u00f8nland drapert i amerikansk flagg\">4. Gr\u00f8nland drapert i amerikansk flagg <\/a><\/p>\n<p><a href=\"#Danskene ruster opp\">5. Danskene ruster opp<\/a><\/p>\n<p>Dagen etter at USA angrep Venezuela og <a href=\"https:\/\/www.nrk.no\/urix\/president-maduro-har-ankommet-fengselet-i-brooklyn-1.17713091\" ec-id=\"pp:article:1.17713091\" ec-name=\"tok president Nicol\u00e1s Maduro til fange,\" rel=\"nofollow noopener\" target=\"_blank\">tok president Nicol\u00e1s Maduro til fange,<\/a> gjentar han kravet.<\/p>\n<p><strong>Trump sier ogs\u00e5 at Venezuela ikke er det siste landet som vil bli utsatt for en amerikansk intervensjon.<\/strong><\/p>\n<p><a id=\"Danmark ber USA stoppe truslene\" name=\"Danmark ber USA stoppe truslene\"\/>\u2013 Gir ingen mening <\/p>\n<p>Danmarks statsminister Mette Frederiksen ber USA stoppe truslene.<\/p>\n<p>\u2013 Det gir absolutt ingen mening \u00e5 snakke om at det skulle v\u00e6re n\u00f8dvendig for USA \u00e5 overta Gr\u00f8nland.<\/p>\n<p>\u2013 Jeg er n\u00f8dt til \u00e5 si det meget direkte til USA: USA har ingen mulighet til \u00e5 annektere et av de tre landene i Riksfelleskapet, sier hun.<\/p>\n<p>Statsministeren understreker ogs\u00e5 at Danmark og dermed Gr\u00f8nland er en del av Nato.<\/p>\n<p><img decoding=\"async\"   src=\"data:image\/gif;base64,R0lGODlhAQABAIAAAAAAAP\/\/\/yH5BAEAAAAALAAAAAABAAEAAAIBRAA7\" loading=\"eager\" alt=\"En person st\u00e5r bak et podium og deltar i en presentasjon. Den st\u00e5ende personen gestikulerer med hendene mens de taler. Det er et glass med vann p\u00e5 podiumet, og bakgrunnen har dempet belysning. Omgivelsene gir en formell kontekst til handlingen. (Bildebeskrivelsen er laget av en KI-tjeneste)\" title=\"Foto: Cornelius Poppe \/ NTB\"\/><\/p>\n<p class=\"\">Mette Fredriksen har flere ganger ford\u00f8mt Donald Trumps utsagn om Gr\u00f8nland.<\/p>\n<p>Foto: Cornelius Poppe \/ NTB<\/p>\n<p>Frederiksen minner om at det allerede er en forsvarsavtale mellom landene som gir USA adgang til Gr\u00f8nland.<\/p>\n<p>\u2013 Jeg vil derfor p\u00e5 det sterkeste oppfordre USA til \u00e5 stanse truslene mot en historisk n\u00e6rtst\u00e5ende alliert og mot et annet land og et annet folk, som sv\u00e6rt tydelig har sagt at de ikke er til salgs.<\/p>\n<p><a id=\"- Ikke direkte sammenheng mellom angrepet p\u00e5 Venezuela og Gr\u00f8nland\" name=\"- Ikke direkte sammenheng mellom angrepet p\u00e5 Venezuela og Gr\u00f8nland\"\/>Ikke direkte sammenheng<\/p>\n<p>Etter Trumps uttalelse sier utenriksminister Espen Barth Eide at det ikke er en direkte sammenheng mellom USAs angrep p\u00e5 Venezuela og Gr\u00f8nland.<\/p>\n<p>    \u2190<\/p>\n<ul data-scroll-container=\"\" role=\"list\">\n<li><img alt=\"Kartet viser avstanden mellom Gr\u00f8nland og Danmark. \"  width=\"3840\" height=\"3836\" loading=\"lazy\"\/>Areal\n<p>Gr\u00f8nland er 50 ganger st\u00f8rre enn Danmark. Og ligger omkring 2100 kilometer fra Danmark.<\/p>\n<\/li>\n<li><img alt=\"Kong Frederik X og dronning Mary ankommer Igalku, Gr\u00f8nland, 5. juli 2024. \"  width=\"3840\" height=\"3840\" loading=\"lazy\"\/>Danmark\n<p>Gr\u00f8nland er et eget land, men er i riksfellesskap med Danmark og F\u00e6r\u00f8yene under den danske kongen. <\/p>\n<\/li>\n<li><img alt=\"Representanter fra parlamentet i Gr\u00f8nland g\u00e5r til \u00e5pningen av v\u00e5rmarkeringen i Nuuk, Gr\u00f8nland. Fredag 6. april 2021. \"  width=\"3840\" height=\"3842\" loading=\"lazy\"\/>Selvstyre\n<p>Inntil 1953 var Gr\u00f8nland en koloni under Danmark, men dette opph\u00f8rte 1979. Da ble Gr\u00f8nland et eget land, men med noen begrensinger.\u00a0 <\/p>\n<\/li>\n<li><img alt=\"En stridsvogn ved Pituffik basen p\u00e5 Gr\u00f8nland, 4. oktobe 2023. \"  width=\"3840\" height=\"3840\" loading=\"lazy\"\/>Politikk\n<p>Siden 2009 har Gr\u00f8nland styrt mer og mer av interne forhold. Men Danmark styrer fortsatt forsvars-, utenriks- og valutapolitikken.<\/p>\n<\/li>\n<li><img alt=\"En dame triller en barnevogn p\u00e5 Gr\u00f8nland, 27. juni 2022. \"  width=\"3840\" height=\"3842\" loading=\"lazy\"\/>\u00d8konomisk st\u00f8tte\n<p>Danmark gir Gr\u00f8nland 5 milliarder danske kroner \u00e5rlig. Pengene er avgj\u00f8rende for den gr\u00f8nlandske velferdsstaten.<\/p>\n<\/li>\n<li><img alt=\"Gr\u00f8nlendere i Aasiaat, Gr\u00f8nland. 29. juni 2024. \"  width=\"3840\" height=\"3840\" loading=\"lazy\"\/>Spr\u00e5k\n<p>Gr\u00f8nlandsk (kalaallisut) er det offisielle spr\u00e5ket p\u00e5 Gr\u00f8nland, men dansk er mye brukt, spesielt i utdanning og administrasjon.<\/p>\n<\/li>\n<\/ul>\n<p>\u2192<\/p>\n<p>\u2013 Det at han sier det igjen minner oss om hvor viktig det er \u00e5 st\u00e5 opp for grunnprinsippene. Man m\u00e5 respektere lands suverenitet, sier Eide i et intervju med NRK.<\/p>\n<p>\u2013 Norge som alle andre europeiske land, stiller seg solidarisk bak kongeriket Danmark.<\/p>\n<p><img decoding=\"async\"   src=\"data:image\/gif;base64,R0lGODlhAQABAIAAAAAAAP\/\/\/yH5BAEAAAAALAAAAAABAAEAAAIBRAA7\" loading=\"eager\" alt=\"n\u00e6rbilde av en mann med briller\" title=\"Foto: Ksenia Novikova \/ NRK\"\/><\/p>\n<p class=\"\">Utenriksminister Espen Barth Eide sier Norge st\u00e5r solidarisk bak Danmark. <\/p>\n<p>Foto: Ksenia Novikova \/ NRK<\/p>\n<p>Det er et budskap regjeringen kommer til \u00e5 gjenta, sier utenriksministeren.<\/p>\n<p>Ogs\u00e5 den svenske statsministeren stiller seg bak Danmark.<\/p>\n<p>\u2013 Det er bare Danmark og Gr\u00f8nland som har rett til \u00e5 bestemme i sp\u00f8rsm\u00e5l som handler om Danmark og Gr\u00f8nland, skriver Ulf Kristersson p\u00e5 X.<\/p>\n<p><a id=\"Gr\u00f8nland drapert i amerikansk flagg\" name=\"Gr\u00f8nland drapert i amerikansk flagg\"\/>Gr\u00f8nland dekket av amerikansk flagg<\/p>\n<p>S\u00f8ndag v\u00e5knet danskene til at et bilde av Gr\u00f8nland i amerikanske farger hadde spredt seg i sosiale medier.<\/p>\n<p>Det var Trump-stabens tidligere medarbeider Katie Miller som delte bildet p\u00e5 sin X-konto.<\/p>\n<p>Hun delte bildet med teksten \u00abSNART\u00bb.<\/p>\n<p><img decoding=\"async\"   src=\"data:image\/gif;base64,R0lGODlhAQABAIAAAAAAAP\/\/\/yH5BAEAAAAALAAAAAABAAEAAAIBRAA7\" loading=\"eager\" alt=\"Kart over Island med amerikansk flagg \" title=\"Faksimile: Skjermdump fra X\/Katie Miller\"\/><\/p>\n<p>Faksimile: Skjermdump fra X\/Katie Miller<\/p>\n<p>Gr\u00f8nlands statsminister Jens-Frederik Nielsen sier det ikke er grunn til panikk, og sl\u00e5r fast at bildet ikke endrer p\u00e5 noe som helst.<\/p>\n<p><strong>\u2013 V\u00e5rt land er ikke til salgs, og v\u00e5r fremtid avgj\u00f8res ikke av oppslag i sosiale medier.<\/strong><\/p>\n<p>\u2013 Men bildet er respektl\u00f8st, skriver han.<\/p>\n<p><a id=\"Danskene ruster opp\" name=\"Danskene ruster opp\"\/>Danskene ruster opp<\/p>\n<p>Danmark har historisk v\u00e6rt en n\u00e6r og lojal alliert av USA. I sikkerhetsrapporten fra 2025 lister danskene USA opp som en mulig trussel mot landet.<\/p>\n<p>Flere danske politikere tar ogs\u00e5 til ordet for \u00e5 bli mindre avhengighet av USA \u2013 og for \u00e5 kaste amerikanerne ut fra sine baser p\u00e5 Gr\u00f8nland.<\/p>\n<p>Danmark har varslet at de vil bruke flere milliarder p\u00e5 \u00e5 styrke forsvaret av Gr\u00f8nland. Myndighetene har tidligere innr\u00f8mmet at forsvaret av \u00f8ya har v\u00e6rt for d\u00e5rlig.<\/p>\n<p><strong>I desember godkjente USA et v\u00e5pensalg til Danmark verdt 10 milliarder kroner. <\/strong><\/p>\n<p>Er du interessert i utenriks? Da er dette podkasten for deg: <\/p>\n<p>Publisert<\/p>\n<p>04.01.2026, kl. 20.12<\/p>\n<p>Oppdatert<\/p>\n<p>04.01.2026, kl. 21.49<\/p>\n","protected":false},"excerpt":{"rendered":"\u2013 Vi trenger absolutt Gr\u00f8nland, sier Donald Trump i et intervju med The Atlantic. If\u00f8lge ham er Gr\u00f8nland&hellip;\n","protected":false},"author":2,"featured_media":128843,"comment_status":"","ping_status":"","sticky":false,"template":"","format":"standard","meta":{"footnotes":""},"categories":[5],"tags":[20,21,24,25,15,19,22,23,17,18,13,30,28,29,14,16,26,27],"class_list":{"0":"post-128842","1":"post","2":"type-post","3":"status-publish","4":"format-standard","5":"has-post-thumbnail","7":"category-overskrifter","8":"tag-breaking-news","9":"tag-breakingnews","10":"tag-featured-news","11":"tag-featurednews","12":"tag-headlines","13":"tag-hovedoppslag","14":"tag-latest-news","15":"tag-latestnews","16":"tag-main-news","17":"tag-mainnews","18":"tag-news","19":"tag-no","20":"tag-norge","21":"tag-norway","22":"tag-nyheter","23":"tag-overskrifter","24":"tag-top-stories","25":"tag-topstories"},"share_on_mastodon":{"url":"https:\/\/pubeurope.com\/@no\/115838984223482579","error":""},"_links":{"self":[{"href":"https:\/\/www.europesays.com\/no\/wp-json\/wp\/v2\/posts\/128842","targetHints":{"allow":["GET"]}}],"collection":[{"href":"https:\/\/www.europesays.com\/no\/wp-json\/wp\/v2\/posts"}],"about":[{"href":"https:\/\/www.europesays.com\/no\/wp-json\/wp\/v2\/types\/post"}],"author":[{"embeddable":true,"href":"https:\/\/www.europesays.com\/no\/wp-json\/wp\/v2\/users\/2"}],"replies":[{"embeddable":true,"href":"https:\/\/www.europesays.com\/no\/wp-json\/wp\/v2\/comments?post=128842"}],"version-history":[{"count":0,"href":"https:\/\/www.europesays.com\/no\/wp-json\/wp\/v2\/posts\/128842\/revisions"}],"wp:featuredmedia":[{"embeddable":true,"href":"https:\/\/www.europesays.com\/no\/wp-json\/wp\/v2\/media\/128843"}],"wp:attachment":[{"href":"https:\/\/www.europesays.com\/no\/wp-json\/wp\/v2\/media?parent=128842"}],"wp:term":[{"taxonomy":"category","embeddable":true,"href":"https:\/\/www.europesays.com\/no\/wp-json\/wp\/v2\/categories?post=128842"},{"taxonomy":"post_tag","embeddable":true,"href":"https:\/\/www.europesays.com\/no\/wp-json\/wp\/v2\/tags?post=128842"}],"curies":[{"name":"wp","href":"https:\/\/api.w.org\/{rel}","templated":true}]}}