{"id":128844,"date":"2026-01-04T21:36:10","date_gmt":"2026-01-04T21:36:10","guid":{"rendered":"https:\/\/www.europesays.com\/no\/128844\/"},"modified":"2026-01-04T21:36:10","modified_gmt":"2026-01-04T21:36:10","slug":"sport-handball-dette-satte-en-stokk-i-tertnes-sin-skarpskytter-emma-holtet-etter-det-ble-jeg-ujevn","status":"publish","type":"post","link":"https:\/\/www.europesays.com\/no\/128844\/","title":{"rendered":"Sport, H\u00e5ndball | Dette satte en st\u00f8kk i Tertnes sin skarpskytter Emma Holtet: \u2013 Etter det ble jeg ujevn"},"content":{"rendered":"\n<p><b>Tertnes &#8211; Sola 25-30: <\/b>F\u00f8r kampen ble Tertnes\u2019 U20-lag, <a href=\"https:\/\/www.ba.no\/norgesmestere\/s\/5-8-3267548\" rel=\"Follow nofollow noopener\" target=\"_blank\">som vant NM-finalen suverent i romjulen<\/a>, hedret. En rekke av A-lagsspillerne var med p\u00e5 triumfen. I \u00c5sane Arena s\u00f8ndag kveld ble det vesentlig tettere da Camilla Herrem og hennes Sola kom p\u00e5 bes\u00f8k.<\/p>\n<p>   <img decoding=\"async\" width=\"4032\" height=\"2688\" fetchpriority=\"low\"  loading=\"lazy\"  src=\"https:\/\/www.europesays.com\/no\/wp-content\/uploads\/2026\/01\/DSC_3653.jpg\" alt=\"Tertnes - Sola i \u00c5sane arena&#10;\" class=\"brick-c-cFOWSL\" style=\"--brick-image-ratio: 4032 \/ 2688;\"\/><\/p>\n<p>      Camilla Herrem.<br \/>\n      Foto: Skjalg Ekeland\n    <\/p>\n<p>F\u00f8rste omgang startet med at Sola tok styringen, men like raskt som det skjedde spiste Tertnes opp forspranget. Dermed sto det 7\u20137 etter halvspilt omgang.<\/p>\n<p>Mot slutten av omgangen holdt Tertnes f\u00f8lge, selv om Sola igjen tok kontroll med 11\u201313 ved halvspilt kamp.<\/p>\n<p>Fire av m\u00e5lene i omgangen var signert Emma Holtet, som de siste sesongene har blitt kjent for \u00e5 v\u00e6re sikker fra straffemerket.<\/p>\n<p>  <a href=\"https:\/\/www.ba.no\/5-8-3018645\" class=\"related-teaser has-image default-story-teaser article--c-eRUmMG article--c-eRUmMG-jKCPdD-design-default\" rel=\"nofollow noopener\" target=\"_blank\"><\/p>\n<p>    <img decoding=\"async\" loading=\"lazy\"  src=\"https:\/\/www.europesays.com\/no\/wp-content\/uploads\/2026\/01\/EWB_1187.jpg\" alt=\"\" class=\"brick-c-cFOWSL\" style=\"\"\/><\/p>\n<p>\n            Les ogs\u00e5<\/p>\n<p>              Camilla Herrem vs. Vilde Fresvik. Gjett hvem som vant.\n        <\/p>\n<p>  <\/a><br \/>\n  \u2013 Ingenting er bedre<\/p>\n<p>Forrige sesong hadde Holtet en uttellingsprosent p\u00e5 85,9 p\u00e5 64 fors\u00f8k, noe som var soleklart best blant spillere med over 40 fors\u00f8k. Sesongen f\u00f8r l\u00e5 hun ogs\u00e5 p\u00e5 over 80 prosent, men da hun bommet p\u00e5 den avgj\u00f8rende straffen i NM-finalen 2024, merket hun at det satte en st\u00f8kk.<\/p>\n<p>  <a href=\"https:\/\/www.ba.no\/5-8-2891357\" class=\"related-teaser has-image default-feature-teaser article--c-eRUmMG article--c-eRUmMG-jKCPdD-design-default\" rel=\"nofollow noopener\" target=\"_blank\"><\/p>\n<p>    <img decoding=\"async\" loading=\"lazy\"  src=\"https:\/\/www.europesays.com\/no\/wp-content\/uploads\/2026\/01\/EWB_0757.jpg\" alt=\"\" class=\"brick-c-cFOWSL\" style=\"\"\/><\/p>\n<p>\n            Les ogs\u00e5<\/p>\n<p>              Bare minutter etter hennes st\u00f8rste nedtur tikket det inn en melding: \u2013 Jeg tenkte bare \u00abhva faen?\u00bb\n        <\/p>\n<p>  <\/a><\/p>\n<p>\u2013 Da jeg s\u00e5 NM-finalene i \u00e5r, hvor begge seniorfinalene gikk til straffekonk, fikk jeg vondt inni meg, sier hun til BA etter kampen.<\/p>\n<p>Denne sesongen har Birgitte Karlsen Hagen v\u00e6rt klubbens nummer en p\u00e5 straffer. Selv mener hun skiftet kom etter NM-finalen.<\/p>\n<p>\u2013 Etter det ble jeg ujevn. Jeg var kjempegod en kamp, s\u00e5 ujevn i neste. S\u00e5 handler det ogs\u00e5 om at Birgitte har v\u00e6rt helt enorm. Da er det \u00abBigs\u00bb sin sesong i \u00e5r, sier hun og legger til:<\/p>\n<p>\u2013 Jeg er klar til \u00e5 ta jobben n\u00e5r hun er ute, men jeg trives godt i rollen bak Birgitte p\u00e5 straffer.<\/p>\n<p>Da kapteinen ble sittende p\u00e5 benken hele kampen mot Sola, var Holtet tilbake p\u00e5 sin vante plass ved straffemerket. Det gikk akkurat slik vi er vant til.<\/p>\n<p>Selv er hun ikke sikker p\u00e5 hva som gj\u00f8r henne s\u00e5 treffsikker fra merket, men sier ogs\u00e5 at ingenting er bedre enn akkurat den settingen.<\/p>\n<p>\u2013 Jeg har en spillestil hvor jeg elsker \u00e5 skrike, rope og herje. Det er ingenting som er bedre enn n\u00e5r det blir litt stille, f\u00f8r du h\u00f8rer ballen treffe nettet og s\u00e5 kan du skrike litt ekstra.<\/p>\n<p>   <img decoding=\"async\" width=\"4032\" height=\"2688\" fetchpriority=\"low\"  loading=\"lazy\"  src=\"https:\/\/www.europesays.com\/no\/wp-content\/uploads\/2026\/01\/DSC_3392.jpg\" alt=\"Tertnes - Sola i \u00c5sane arena&#10;\" class=\"brick-c-cFOWSL\" style=\"--brick-image-ratio: 4032 \/ 2688;\"\/><\/p>\n<p>      Her er Holtet sikker. <\/p>\n<p>      Foto: Skjalg Ekeland\n    <\/p>\n<p>Tre av tre fors\u00f8k i 1. omgang gikk i nettet, men det var ikke bare fra syv meter Holtet var sikker mot Sola. Da kampen var slutt, sto hun med seks m\u00e5l totalt, hvor fire av dem var fra syv meter. Nok til \u00e5 bli Tertnes toppscorer, delt med Nora Rosenberg.<\/p>\n<p>For t\u00f8ft<\/p>\n<p>Til slutt ble \u00e5rets f\u00f8rste kamp mot Sola for t\u00f8ff kost for Tertnes. Serielederne var aldri utenfor skuddhold, men klarte hele veien \u00e5 holde Tertnes akkurat langt nok unna. Anf\u00f8rt av Kristiane Knutsen med \u00e5tte m\u00e5l, ble de gule for sterke.<\/p>\n<p>Etter 60 minutter endte det 25-30, som betyr at Tertnes fortsatt ligger p\u00e5 en femteplass p\u00e5 tabellen, to poeng foran Follo, og to poeng bak Molde. Dagens motstander ligger p\u00e5 en andreplass etter kveldens kamp, da Larvik vant.<\/p>\n","protected":false},"excerpt":{"rendered":"Tertnes &#8211; Sola 25-30: F\u00f8r kampen ble Tertnes\u2019 U20-lag, som vant NM-finalen suverent i romjulen, hedret. En rekke&hellip;\n","protected":false},"author":2,"featured_media":128845,"comment_status":"","ping_status":"","sticky":false,"template":"","format":"standard","meta":{"footnotes":""},"categories":[59],"tags":[36,105,30,28,29,83,82,1510,15022],"class_list":{"0":"post-128844","1":"post","2":"type-post","3":"status-publish","4":"format-standard","5":"has-post-thumbnail","7":"category-sport","8":"tag-art","9":"tag-handball","10":"tag-no","11":"tag-norge","12":"tag-norway","13":"tag-sport","14":"tag-sports","15":"tag-story","16":"tag-tertnes-handball"},"share_on_mastodon":{"url":"https:\/\/pubeurope.com\/@no\/115838987995690235","error":""},"_links":{"self":[{"href":"https:\/\/www.europesays.com\/no\/wp-json\/wp\/v2\/posts\/128844","targetHints":{"allow":["GET"]}}],"collection":[{"href":"https:\/\/www.europesays.com\/no\/wp-json\/wp\/v2\/posts"}],"about":[{"href":"https:\/\/www.europesays.com\/no\/wp-json\/wp\/v2\/types\/post"}],"author":[{"embeddable":true,"href":"https:\/\/www.europesays.com\/no\/wp-json\/wp\/v2\/users\/2"}],"replies":[{"embeddable":true,"href":"https:\/\/www.europesays.com\/no\/wp-json\/wp\/v2\/comments?post=128844"}],"version-history":[{"count":0,"href":"https:\/\/www.europesays.com\/no\/wp-json\/wp\/v2\/posts\/128844\/revisions"}],"wp:featuredmedia":[{"embeddable":true,"href":"https:\/\/www.europesays.com\/no\/wp-json\/wp\/v2\/media\/128845"}],"wp:attachment":[{"href":"https:\/\/www.europesays.com\/no\/wp-json\/wp\/v2\/media?parent=128844"}],"wp:term":[{"taxonomy":"category","embeddable":true,"href":"https:\/\/www.europesays.com\/no\/wp-json\/wp\/v2\/categories?post=128844"},{"taxonomy":"post_tag","embeddable":true,"href":"https:\/\/www.europesays.com\/no\/wp-json\/wp\/v2\/tags?post=128844"}],"curies":[{"name":"wp","href":"https:\/\/api.w.org\/{rel}","templated":true}]}}