{"id":128846,"date":"2026-01-04T21:47:38","date_gmt":"2026-01-04T21:47:38","guid":{"rendered":"https:\/\/www.europesays.com\/no\/128846\/"},"modified":"2026-01-04T21:47:38","modified_gmt":"2026-01-04T21:47:38","slug":"martha-louise-durek-verrett-martha-louise-vil-ikke-gi-fra-seg-prinsessetittelen","status":"publish","type":"post","link":"https:\/\/www.europesays.com\/no\/128846\/","title":{"rendered":"M\u00e4rtha Louise, Durek Verrett | M\u00e4rtha Louise vil ikke gi fra seg prinsessetittelen"},"content":{"rendered":"\n<p>L\u00f8rdag kveld gjestet prinsesse M\u00e4rtha Louise (54) og Durek Verrett (51) det danske TV-programmet \u00abInsider\u00bb, hvor hun ble stilt en rekke sp\u00f8rsm\u00e5l.<\/p>\n<p>Noen var sp\u00f8kefulle. Andre mer alvorlige.<\/p>\n<p>Vil ikke gi fra seg tittelen<\/p>\n<p>Paret ble konfrontert med en unders\u00f8kelse gjort av <a href=\"https:\/\/www.tv2.no\/underholdning\/dette-sier-folket-om-marthas-fremtid\/18104463\/\" rel=\"Follow nofollow noopener\" target=\"_blank\">TV 2<\/a>, hvor det kom frem at 84 prosent av nordmenn mener M\u00e4rtha Louise b\u00f8r fratas prinsessetittelen.<\/p>\n<p>Selv var hun tydelig p\u00e5 at hun ikke \u00f8nsker \u00e5 gi fra seg tittelen.<\/p>\n<p>\u2013 Den er en del av meg som person og av familien min, svarer hun p\u00e5 direkte sp\u00f8rsm\u00e5l om hun \u00f8nsker \u00e5 gi fra seg prinsessetittelen, gjengitt av dansk <a href=\"https:\/\/underholdning.tv2.dk\/2025-12-19-jeg-er-totalt-hjernevasket-joker-prinsesse-i-tv-2-program\" rel=\"Follow nofollow noopener\" target=\"_blank\">TV 2.<\/a><\/p>\n<p>  <a href=\"https:\/\/www.budstikka.no\/5-55-2154522\" class=\"related-teaser has-image default-story-teaser article--c-eRUmMG article--c-eRUmMG-jKCPdD-design-default\" rel=\"nofollow noopener\" target=\"_blank\"><\/p>\n<p>    <img decoding=\"async\" loading=\"lazy\"  src=\"https:\/\/www.europesays.com\/no\/wp-content\/uploads\/2026\/01\/MARTHA_7.jpg\" alt=\"\" class=\"brick-c-cFOWSL\" style=\"\"\/><\/p>\n<p>\n            Les ogs\u00e5<\/p>\n<p>              Dette tjente M\u00e4rtha Louise (54) i fjor\n        <\/p>\n<p>  <\/a><\/p>\n<p>Hun kjenner seg heller ikke igjen i p\u00e5standene om at mange \u00f8nsker at hun skal fratas tittelen, ettersom hun selv n\u00e6rmest utelukkende m\u00f8ter nordmenn som er hyggelige mot henne.<\/p>\n<p>\u2013 Selvf\u00f8lgelig finnes det folk som er uenige med oss, men hvorfor skal jeg fokusere p\u00e5 dem? sier M\u00e4rtha Louise.<\/p>\n<p>I intervjuet sp\u00f8ker hun ogs\u00e5 med at hun er blitt \u00abhjernevasket\u00bb av Durek Verrett (51).<\/p>\n<p>  <a href=\"https:\/\/www.budstikka.no\/5-55-2147453\" class=\"related-teaser has-image default-story-teaser article--c-eRUmMG article--c-eRUmMG-jKCPdD-design-default\" rel=\"nofollow noopener\" target=\"_blank\"><\/p>\n<p>    <img decoding=\"async\" loading=\"lazy\"  src=\"https:\/\/www.europesays.com\/no\/wp-content\/uploads\/2026\/01\/NTB_zQuE6WAWgf8.jpg\" alt=\"\" class=\"brick-c-cFOWSL\" style=\"\"\/><\/p>\n<p>\n            Les ogs\u00e5<\/p>\n<p>              TV2: Nye boligforsinkelser for M\u00e4rtha Louise og Durek\n        <\/p>\n<p>  <\/a><br \/>\n  Mediestorm<\/p>\n<p>Det har stormet rundt <a href=\"https:\/\/www.nettavisen.no\/kjendis\/mener-kong-harald-ma-sette-ned-foten-for-m-rtha-louise-bor-be-dem-flytte-til-usa\/s\/5-95-2635466\" rel=\"Follow nofollow noopener\" target=\"_blank\">prinsesse M\u00e4rtha Louise (54) og ektemannen Durek Verrett (50)<\/a> etter at den mye omtalte dokumentarfilmen \u00abRebel Royals\u00bb ble sluppet p\u00e5 Netflix i september.<\/p>\n<p>Dokumentaren er et brudd p\u00e5 avtalen ekteparet inngikk med kong Harald i 2022, som handler om at de ikke skal spille p\u00e5 sin tilknytning til kongehuset i kommersiell sammenheng.<\/p>\n<p>  <a href=\"https:\/\/www.budstikka.no\/5-55-2095693\" class=\"related-teaser has-image default-story-teaser article--c-eRUmMG article--c-eRUmMG-jKCPdD-design-default\" rel=\"nofollow noopener\" target=\"_blank\"><\/p>\n<p>    <img decoding=\"async\" loading=\"lazy\"  src=\"https:\/\/www.europesays.com\/no\/wp-content\/uploads\/2026\/01\/NTB_iSweTrEhshI.jpg\" alt=\"\" class=\"brick-c-cFOWSL\" style=\"\"\/><\/p>\n<p>\n            Les ogs\u00e5<\/p>\n<p>              Kronprinsen bekrefter at han har sett M\u00e4rtha og Durek-dokumentaren: \u2013 \u00d8nsker et tydeligere skille\n        <\/p>\n<p>  <\/a><\/p>\n<p>I filmen anklager Durek Verrett kongeparet for \u00e5 ha rasistiske holdninger, noe som skapte store reaksjoner. Flere kongehuseksperter har ogs\u00e5 tatt til orde for at kongsdatteren b\u00f8r miste prinsessetittelen etter bruduljene.<\/p>\n<p>Blant dem finner vi <a href=\"https:\/\/www.nettavisen.no\/kjendis\/kongehusekspert-ber-kong-harald-ta-grep-inndra-tittelen-til-m-rtha-louise\/s\/5-95-2606108\" rel=\"Follow nofollow noopener\" target=\"_blank\">Trond Nor\u00e9n Isaksen<\/a> og Nettavisens kongehusekspert<a href=\"https:\/\/www.nettavisen.no\/kjendis\/mener-kong-harald-ma-sette-ned-foten-for-m-rtha-louise-bor-be-dem-flytte-til-usa\/s\/5-95-2635466\" rel=\"Follow nofollow noopener\" target=\"_blank\"> Tove Taalesen.<\/a><\/p>\n","protected":false},"excerpt":{"rendered":"L\u00f8rdag kveld gjestet prinsesse M\u00e4rtha Louise (54) og Durek Verrett (51) det danske TV-programmet \u00abInsider\u00bb, hvor hun ble&hellip;\n","protected":false},"author":2,"featured_media":128847,"comment_status":"","ping_status":"","sticky":false,"template":"","format":"standard","meta":{"footnotes":""},"categories":[12],"tags":[36,20,21,2858,24,25,15,22,23,1547,4186,13,30,28,29,14,16,2564,1510,26,27,42,43,44,45],"class_list":{"0":"post-128846","1":"post","2":"type-post","3":"status-publish","4":"format-standard","5":"has-post-thumbnail","7":"category-verden","8":"tag-art","9":"tag-breaking-news","10":"tag-breakingnews","11":"tag-durek-verrett","12":"tag-featured-news","13":"tag-featurednews","14":"tag-headlines","15":"tag-latest-news","16":"tag-latestnews","17":"tag-lommedalen","18":"tag-martha-louise","19":"tag-news","20":"tag-no","21":"tag-norge","22":"tag-norway","23":"tag-nyheter","24":"tag-overskrifter","25":"tag-stabekk","26":"tag-story","27":"tag-top-stories","28":"tag-topstories","29":"tag-verden","30":"tag-world","31":"tag-world-news","32":"tag-worldnews"},"share_on_mastodon":{"url":"https:\/\/pubeurope.com\/@no\/115839031366492908","error":""},"_links":{"self":[{"href":"https:\/\/www.europesays.com\/no\/wp-json\/wp\/v2\/posts\/128846","targetHints":{"allow":["GET"]}}],"collection":[{"href":"https:\/\/www.europesays.com\/no\/wp-json\/wp\/v2\/posts"}],"about":[{"href":"https:\/\/www.europesays.com\/no\/wp-json\/wp\/v2\/types\/post"}],"author":[{"embeddable":true,"href":"https:\/\/www.europesays.com\/no\/wp-json\/wp\/v2\/users\/2"}],"replies":[{"embeddable":true,"href":"https:\/\/www.europesays.com\/no\/wp-json\/wp\/v2\/comments?post=128846"}],"version-history":[{"count":0,"href":"https:\/\/www.europesays.com\/no\/wp-json\/wp\/v2\/posts\/128846\/revisions"}],"wp:featuredmedia":[{"embeddable":true,"href":"https:\/\/www.europesays.com\/no\/wp-json\/wp\/v2\/media\/128847"}],"wp:attachment":[{"href":"https:\/\/www.europesays.com\/no\/wp-json\/wp\/v2\/media?parent=128846"}],"wp:term":[{"taxonomy":"category","embeddable":true,"href":"https:\/\/www.europesays.com\/no\/wp-json\/wp\/v2\/categories?post=128846"},{"taxonomy":"post_tag","embeddable":true,"href":"https:\/\/www.europesays.com\/no\/wp-json\/wp\/v2\/tags?post=128846"}],"curies":[{"name":"wp","href":"https:\/\/api.w.org\/{rel}","templated":true}]}}