{"id":128854,"date":"2026-01-04T21:57:11","date_gmt":"2026-01-04T21:57:11","guid":{"rendered":"https:\/\/www.europesays.com\/no\/128854\/"},"modified":"2026-01-04T21:57:11","modified_gmt":"2026-01-04T21:57:11","slug":"kvinnene-klare-for-hoppuka-neste-sesong","status":"publish","type":"post","link":"https:\/\/www.europesays.com\/no\/128854\/","title":{"rendered":"Kvinnene klare for hoppuka neste sesong"},"content":{"rendered":"\n<p class=\"_lead_o9xde_2 _lead_xtcu6_50 layout-component text-serif-m layout-normal text-serif-l layout-component layout-wide layout-padded _wide_17hqh_1 layout-padded\">Det internasjonale skiforbundet opplyser at alt er klart for kvinnenes inntog i den prestisjetunge tysk-\u00f8sterrikske hoppuka.<\/p>\n<p><img alt=\"Kvinnene f\u00e5r ogs\u00e5 hoppe i Bergiselbakken i Innsbruck under hoppuka neste sesong.  Foto: Matthias Schrader \/ AP \/ NTB\" class=\"_image_qp4xg_65 layout-component layout-wide\" data-fullscreen- data-track-element-type=\"Article image fullscreen\" data-track-name=\"ImageFullscreen\" fetchpriority=\"high\" decoding=\"sync\" loading=\"eager\" height=\"3426\" itemprop=\"image\"  src=\"https:\/\/www.europesays.com\/no\/wp-content\/uploads\/2026\/01\/b2e82403-e15d-42aa-b199-f86e39194e3d.jpeg\"  style=\"object-position:0% 0%\" width=\"5139\"\/>Kvinnene f\u00e5r ogs\u00e5 hoppe i Bergiselbakken i Innsbruck under hoppuka neste sesong.  Foto: Matthias Schrader \/ AP \/ NTB<\/p>\n<ul aria-hidden=\"true\" class=\"_images_ntbth_112\">\n<li><a class=\"_link_ntbth_117\" href=\"https:\/\/www.vg.no\/forfatter\/ntb\" style=\"z-index:1\" title=\"NTB\" rel=\"nofollow noopener\" target=\"_blank\"><img alt=\"Bilde av NTB\" class=\"_image_ntbth_93\" fetchpriority=\"low\" loading=\"lazy\" decoding=\"async\" itemprop=\"image\"  src=\"https:\/\/www.europesays.com\/no\/wp-content\/uploads\/2026\/01\/1767563831_817_c33980b0-5d07-4027-84a1-813f90a7c8d6.png\"  width=\"480\"\/><\/a><\/li>\n<\/ul>\n<p> Oppdatert s\u00f8ndag 4. januar kl. 21:02     <\/p>\n<p class=\"_paragraph_o9xde_4 _paragraph_xtcu6_10 layout-component text-serif-m layout-normal text-serif-m layout-padded\"><a href=\"https:\/\/www.fis-ski.com\/ski-jumping\/news\/2025-26\/four-hills-tournament-set-to-host-maiden-women-s-edition-in-2026-27\" class=\"_link_o9xde_39\" rel=\"nofollow noopener\" target=\"_blank\">I en uttalelse fra FIS s\u00f8ndag <\/a> heter det at en avtale er inng\u00e5tt mellom Det \u00f8sterrikske skiforbundet og provinsen Tirol om \u00e5 finansiere et nytt flomlysanlegg i Innsbruck. Det ble i november meldt at en avtale var n\u00e6r klar, og n\u00e5 er alt p\u00e5 plass.<\/p>\n<p class=\"_paragraph_o9xde_4 _paragraph_xtcu6_10 layout-component text-serif-m layout-normal text-serif-m layout-padded\">Det manglende flomlyset i Bergiselbakken har fram til n\u00e5 v\u00e6rt den st\u00f8rste hindringen for \u00e5 integrere kvinnene i <a href=\"https:\/\/www.vg.no\/tag\/hoppuka?utm_source=vg-article&amp;utm_medium=auto-tagger&amp;utm_campaign=L4ARoR\" class=\"_link_o9xde_39\" rel=\"nofollow noopener\" target=\"_blank\">hoppuka<\/a>.<\/p>\n<p class=\"_paragraph_o9xde_4 _paragraph_xtcu6_10 layout-component text-serif-m layout-normal text-serif-m layout-padded\">\u2013 \u00c5 f\u00e5 kvinnene inn i hoppuka er en virkelig stor milep\u00e6l i hoppsporten, sier FIS-president Johan Eliasch i en uttalelse.<\/p>\n<p class=\"_paragraph_o9xde_4 _paragraph_xtcu6_10 layout-component text-serif-m layout-normal text-serif-m layout-padded\">Fram til n\u00e5 har kvinnene hatt sin egen minihoppuke med to renn.<\/p>\n<p class=\"_paragraph_o9xde_4 _paragraph_xtcu6_10 layout-component text-serif-m layout-normal text-serif-m layout-padded\">Hoppuka best\u00e5r av fire renn i henholdsvis Oberstdorf, Garmisch-Partenkirchen, Innsbruck og Bischofshofen.<\/p>\n<p class=\"_paragraph_o9xde_4 _paragraph_xtcu6_10 layout-component text-serif-m layout-normal text-serif-m layout-padded\">Alle de fire arenaene vil n\u00e5 v\u00e6re utstyrt med flomlys, og det gir arrang\u00f8rene st\u00f8rre mulighet til \u00e5 innlemme kvinnerenn i programmet.<\/p>\n<p class=\"_paragraph_o9xde_4 _paragraph_xtcu6_10 layout-component text-serif-m layout-normal text-serif-m layout-padded\">Rennleder Sandro Pertile skal m\u00f8te alle akt\u00f8rer etter OL for \u00e5 spikre planene for hva som m\u00e5 gj\u00f8res.<\/p>\n<p class=\"_paragraph_o9xde_4 _paragraph_xtcu6_10 layout-component text-serif-m layout-normal text-serif-m layout-padded\">\u2013 Det er veldig gode nyheter for sporten v\u00e5r. Vi vil m\u00f8te begge nasjoners skiforbund og vertsbyene for \u00e5 legge til rette for dette, sier han.<\/p>\n<p class=\"_paragraph_o9xde_4 _paragraph_xtcu6_10 layout-component text-serif-m layout-normal text-serif-m layout-padded\">Planene som foreligger n\u00e5 inneb\u00e6rer at kvinnenes konkurranser skal g\u00e5 samme dag som det hoppes kvalifisering for menn.<\/p>\n","protected":false},"excerpt":{"rendered":"Det internasjonale skiforbundet opplyser at alt er klart for kvinnenes inntog i den prestisjetunge tysk-\u00f8sterrikske hoppuka. Kvinnene f\u00e5r&hellip;\n","protected":false},"author":2,"featured_media":128855,"comment_status":"","ping_status":"","sticky":false,"template":"","format":"standard","meta":{"footnotes":""},"categories":[59],"tags":[12661,30,28,29,83,82,12533],"class_list":{"0":"post-128854","1":"post","2":"type-post","3":"status-publish","4":"format-standard","5":"has-post-thumbnail","7":"category-sport","8":"tag-hoppuka","9":"tag-no","10":"tag-norge","11":"tag-norway","12":"tag-sport","13":"tag-sports","14":"tag-verdenscup"},"share_on_mastodon":{"url":"https:\/\/pubeurope.com\/@no\/115839070589947031","error":""},"_links":{"self":[{"href":"https:\/\/www.europesays.com\/no\/wp-json\/wp\/v2\/posts\/128854","targetHints":{"allow":["GET"]}}],"collection":[{"href":"https:\/\/www.europesays.com\/no\/wp-json\/wp\/v2\/posts"}],"about":[{"href":"https:\/\/www.europesays.com\/no\/wp-json\/wp\/v2\/types\/post"}],"author":[{"embeddable":true,"href":"https:\/\/www.europesays.com\/no\/wp-json\/wp\/v2\/users\/2"}],"replies":[{"embeddable":true,"href":"https:\/\/www.europesays.com\/no\/wp-json\/wp\/v2\/comments?post=128854"}],"version-history":[{"count":0,"href":"https:\/\/www.europesays.com\/no\/wp-json\/wp\/v2\/posts\/128854\/revisions"}],"wp:featuredmedia":[{"embeddable":true,"href":"https:\/\/www.europesays.com\/no\/wp-json\/wp\/v2\/media\/128855"}],"wp:attachment":[{"href":"https:\/\/www.europesays.com\/no\/wp-json\/wp\/v2\/media?parent=128854"}],"wp:term":[{"taxonomy":"category","embeddable":true,"href":"https:\/\/www.europesays.com\/no\/wp-json\/wp\/v2\/categories?post=128854"},{"taxonomy":"post_tag","embeddable":true,"href":"https:\/\/www.europesays.com\/no\/wp-json\/wp\/v2\/tags?post=128854"}],"curies":[{"name":"wp","href":"https:\/\/api.w.org\/{rel}","templated":true}]}}