{"id":128856,"date":"2026-01-04T22:02:42","date_gmt":"2026-01-04T22:02:42","guid":{"rendered":"https:\/\/www.europesays.com\/no\/128856\/"},"modified":"2026-01-04T22:02:42","modified_gmt":"2026-01-04T22:02:42","slug":"roblox-innforer-aldersverifisering-for-a-beskytte-barn-mot-overgrep-2","status":"publish","type":"post","link":"https:\/\/www.europesays.com\/no\/128856\/","title":{"rendered":"Roblox innf\u00f8rer aldersverifisering for \u00e5 beskytte barn mot overgrep"},"content":{"rendered":"<p data-testid=\"textWithMarkup-markup\" data-v-62d58f52=\"\"> Kravet gjelder forel\u00f8pig kun i Australia, New Zealand og Nederland, men kommer til Norge i januar, skriver <a href=\"https:\/\/www.bt.no\/familieogoppvekst\/i\/pB6mVo\/politiet-i-bergen-har-mottatt-flere-saker-der-barn-har-blitt-utsatt-for-nettovergrep-paa-roblox-medietilsynet-er-kritiske-til-plattformens-nye-sikkerhetstiltak\" rel=\"noopener nofollow\" target=\"_blank\">Bergens Tidende.<\/a><\/p>\n<p data-testid=\"textWithMarkup-text\" data-v-81d7dc2b=\"\" data-v-62d58f52=\"\">Brukerne m\u00e5 da verifisere alderen sin p\u00e5 to m\u00e5ter: Vise ansiktet sitt foran kamera, slik at kunstig intelligens estimerer alder, eller laste opp bilde av ID.<\/p>\n<p data-testid=\"textWithMarkup-text\" data-v-81d7dc2b=\"\" data-v-62d58f52=\"\">Etter verifiseringen plasseres brukerne i aldersgrupper de kan chatte med, som 9\u201312 \u00e5r eller 13\u201315 \u00e5r. Dette skal gj\u00f8re det vanskeligere for voksne \u00e5 komme i kontakt med barn.<\/p>\n<p data-testid=\"textWithMarkup-text\" data-v-81d7dc2b=\"\" data-v-62d58f52=\"\">Politiet i Bergen har mottatt en h\u00e5ndfull saker om digitale overgrep mot barn p\u00e5 Roblox i 2025, if\u00f8lge BT.<\/p>\n<p data-testid=\"textWithMarkup-text\" data-v-81d7dc2b=\"\" data-v-62d58f52=\"\">Medietilsynet frar\u00e5der p\u00e5 sin side brukerne \u00e5 dele ID eller skanne ansiktet med Roblox, og mener personvernet er for d\u00e5rlig.<\/p>\n<p data-testid=\"textWithMarkup-text\" data-v-81d7dc2b=\"\" data-v-62d58f52=\"\">\u2013 Vi tror ikke dette blir en ny bransjestandard, og det b\u00f8r det heller ikke bli, sier direkt\u00f8r Mari Velsand i Medietilsynet til avisen. <\/p>\n","protected":false},"excerpt":{"rendered":"Kravet gjelder forel\u00f8pig kun i Australia, New Zealand og Nederland, men kommer til Norge i januar, skriver Bergens&hellip;\n","protected":false},"author":2,"featured_media":128857,"comment_status":"","ping_status":"","sticky":false,"template":"","format":"standard","meta":{"footnotes":""},"categories":[10],"tags":[20,21,24,25,15,22,23,13,30,28,29,14,16,26,27],"class_list":{"0":"post-128856","1":"post","2":"type-post","3":"status-publish","4":"format-standard","5":"has-post-thumbnail","7":"category-norge","8":"tag-breaking-news","9":"tag-breakingnews","10":"tag-featured-news","11":"tag-featurednews","12":"tag-headlines","13":"tag-latest-news","14":"tag-latestnews","15":"tag-news","16":"tag-no","17":"tag-norge","18":"tag-norway","19":"tag-nyheter","20":"tag-overskrifter","21":"tag-top-stories","22":"tag-topstories"},"share_on_mastodon":{"url":"https:\/\/pubeurope.com\/@no\/115839090203705043","error":""},"_links":{"self":[{"href":"https:\/\/www.europesays.com\/no\/wp-json\/wp\/v2\/posts\/128856","targetHints":{"allow":["GET"]}}],"collection":[{"href":"https:\/\/www.europesays.com\/no\/wp-json\/wp\/v2\/posts"}],"about":[{"href":"https:\/\/www.europesays.com\/no\/wp-json\/wp\/v2\/types\/post"}],"author":[{"embeddable":true,"href":"https:\/\/www.europesays.com\/no\/wp-json\/wp\/v2\/users\/2"}],"replies":[{"embeddable":true,"href":"https:\/\/www.europesays.com\/no\/wp-json\/wp\/v2\/comments?post=128856"}],"version-history":[{"count":0,"href":"https:\/\/www.europesays.com\/no\/wp-json\/wp\/v2\/posts\/128856\/revisions"}],"wp:featuredmedia":[{"embeddable":true,"href":"https:\/\/www.europesays.com\/no\/wp-json\/wp\/v2\/media\/128857"}],"wp:attachment":[{"href":"https:\/\/www.europesays.com\/no\/wp-json\/wp\/v2\/media?parent=128856"}],"wp:term":[{"taxonomy":"category","embeddable":true,"href":"https:\/\/www.europesays.com\/no\/wp-json\/wp\/v2\/categories?post=128856"},{"taxonomy":"post_tag","embeddable":true,"href":"https:\/\/www.europesays.com\/no\/wp-json\/wp\/v2\/tags?post=128856"}],"curies":[{"name":"wp","href":"https:\/\/api.w.org\/{rel}","templated":true}]}}