{"id":128863,"date":"2026-01-04T22:17:10","date_gmt":"2026-01-04T22:17:10","guid":{"rendered":"https:\/\/www.europesays.com\/no\/128863\/"},"modified":"2026-01-04T22:17:10","modified_gmt":"2026-01-04T22:17:10","slug":"stor-vannlekkasje-i-oslo-vannet-pumper-ut","status":"publish","type":"post","link":"https:\/\/www.europesays.com\/no\/128863\/","title":{"rendered":"Stor vannlekkasje i Oslo: \u2013 Vannet pumper ut"},"content":{"rendered":"\n<p class=\"_lead_o9xde_2 _lead_xtcu6_50 layout-component text-serif-m layout-normal text-serif-l layout-component layout-wide layout-padded _wide_17hqh_1 layout-padded\">Brannvesenet har rykket ut med \u00e5tte biler til en adresse p\u00e5 \u00c5rvoll s\u00f8ndag kveld.<\/p>\n<ul aria-hidden=\"true\" class=\"_images_ntbth_112\">\n<li><a class=\"_link_ntbth_117\" href=\"https:\/\/www.vg.no\/forfatter\/eline-hauger\" style=\"z-index:1\" title=\"Eline Hauger\" rel=\"nofollow noopener\" target=\"_blank\"><img alt=\"Bilde av Eline Hauger\" class=\"_image_ntbth_93\" fetchpriority=\"low\" loading=\"lazy\" decoding=\"async\" itemprop=\"image\"  src=\"https:\/\/www.europesays.com\/no\/wp-content\/uploads\/2026\/01\/1767565028_341_3dd290e1-4a44-4b56-a5ad-64fb323cd6ac.png\"  width=\"480\"\/><\/a><\/li>\n<\/ul>\n<p> Oppdatert s\u00f8ndag 4. januar kl. 23:14     <\/p>\n<p class=\"_paragraph_o9xde_4 _paragraph_xtcu6_10 layout-component text-serif-m layout-normal text-serif-m layout-padded\">\u2013 Det er store mengder vann som renner ned og sperrer for utgangsd\u00f8rer, forteller vaktkommand\u00f8r Aleksander Olsen til VG.<\/p>\n<p class=\"_paragraph_o9xde_4 _paragraph_xtcu6_10 layout-component text-serif-m layout-normal text-serif-m layout-padded\">Det skal dreie seg om en hovedledning som har r\u00f8ket. De har ikke kontroll p\u00e5 lekkasjen.<\/p>\n<p class=\"_paragraph_o9xde_4 _paragraph_xtcu6_10 layout-component text-serif-m layout-normal text-serif-m layout-padded\">Olsen opplyser at lekkasjen startet ute ved veien, og at vannet trenger inn i en boligblokk p\u00e5 stedet.<\/p>\n<p class=\"_paragraph_o9xde_4 _paragraph_xtcu6_10 layout-component text-serif-m layout-normal text-serif-m layout-padded\">\u2013 Forel\u00f8pig jobber vi med \u00e5 stenge vannet og veilede det vekk fra leilighetene.<\/p>\n<p class=\"_paragraph_o9xde_4 _paragraph_xtcu6_10 layout-component text-serif-m layout-normal text-serif-m layout-padded\">Politiet er ogs\u00e5 p\u00e5 stedet.<\/p>\n<p class=\"_paragraph_o9xde_4 _paragraph_xtcu6_10 layout-component text-serif-m layout-normal text-serif-m layout-padded\">Operasjonsleder \u00d8yvind Hammervold forteller at vannet pumper ut.<\/p>\n<p class=\"_paragraph_o9xde_4 _paragraph_xtcu6_10 layout-component text-serif-m layout-normal text-serif-m layout-padded\">\u2013 En leilighet med inngang p\u00e5 kjellerniv\u00e5 har vann som st\u00e5r opp over d\u00f8ra, forteller han.<\/p>\n<p class=\"_paragraph_o9xde_4 _paragraph_xtcu6_10 layout-component text-serif-m layout-normal text-serif-m layout-padded\">Ingen er evakuert som f\u00f8lge av hendelsen.<\/p>\n<p>    <img decoding=\"async\" alt=\"Tips oss illustrasjon\" src=\"https:\/\/www.europesays.com\/no\/wp-content\/uploads\/2025\/10\/pssst-small.webp.webp\"\/>    <\/p>\n<p class=\"title-serif-s\">Har du tips?<\/p>\n<p class=\"text-sans-m\">Send oss informasjon, bilder eller video.<\/p>\n<p>  <a href=\"https:\/\/www.vg.no\/tips-oss\" rel=\"nofollow noopener\" target=\"_blank\"> Tips oss <\/a>      <\/p>\n","protected":false},"excerpt":{"rendered":"Brannvesenet har rykket ut med \u00e5tte biler til en adresse p\u00e5 \u00c5rvoll s\u00f8ndag kveld. Oppdatert s\u00f8ndag 4. januar&hellip;\n","protected":false},"author":2,"featured_media":128864,"comment_status":"","ping_status":"","sticky":false,"template":"","format":"standard","meta":{"footnotes":""},"categories":[10],"tags":[31,20,21,24,25,15,22,23,13,30,28,29,14,16,26,27],"class_list":{"0":"post-128863","1":"post","2":"type-post","3":"status-publish","4":"format-standard","5":"has-post-thumbnail","7":"category-norge","8":"tag-breaking","9":"tag-breaking-news","10":"tag-breakingnews","11":"tag-featured-news","12":"tag-featurednews","13":"tag-headlines","14":"tag-latest-news","15":"tag-latestnews","16":"tag-news","17":"tag-no","18":"tag-norge","19":"tag-norway","20":"tag-nyheter","21":"tag-overskrifter","22":"tag-top-stories","23":"tag-topstories"},"share_on_mastodon":{"url":"https:\/\/pubeurope.com\/@no\/115839149215797665","error":""},"_links":{"self":[{"href":"https:\/\/www.europesays.com\/no\/wp-json\/wp\/v2\/posts\/128863","targetHints":{"allow":["GET"]}}],"collection":[{"href":"https:\/\/www.europesays.com\/no\/wp-json\/wp\/v2\/posts"}],"about":[{"href":"https:\/\/www.europesays.com\/no\/wp-json\/wp\/v2\/types\/post"}],"author":[{"embeddable":true,"href":"https:\/\/www.europesays.com\/no\/wp-json\/wp\/v2\/users\/2"}],"replies":[{"embeddable":true,"href":"https:\/\/www.europesays.com\/no\/wp-json\/wp\/v2\/comments?post=128863"}],"version-history":[{"count":0,"href":"https:\/\/www.europesays.com\/no\/wp-json\/wp\/v2\/posts\/128863\/revisions"}],"wp:featuredmedia":[{"embeddable":true,"href":"https:\/\/www.europesays.com\/no\/wp-json\/wp\/v2\/media\/128864"}],"wp:attachment":[{"href":"https:\/\/www.europesays.com\/no\/wp-json\/wp\/v2\/media?parent=128863"}],"wp:term":[{"taxonomy":"category","embeddable":true,"href":"https:\/\/www.europesays.com\/no\/wp-json\/wp\/v2\/categories?post=128863"},{"taxonomy":"post_tag","embeddable":true,"href":"https:\/\/www.europesays.com\/no\/wp-json\/wp\/v2\/tags?post=128863"}],"curies":[{"name":"wp","href":"https:\/\/api.w.org\/{rel}","templated":true}]}}