{"id":128865,"date":"2026-01-04T22:19:12","date_gmt":"2026-01-04T22:19:12","guid":{"rendered":"https:\/\/www.europesays.com\/no\/128865\/"},"modified":"2026-01-04T22:19:12","modified_gmt":"2026-01-04T22:19:12","slug":"sorloth-med-scoring-feiret-med-gest-til-sitt-nyfodte-barn","status":"publish","type":"post","link":"https:\/\/www.europesays.com\/no\/128865\/","title":{"rendered":"S\u00f8rloth med scoring &#8211; feiret med gest til sitt nyf\u00f8dte barn"},"content":{"rendered":"\n<p class=\"_lead_o9xde_2 _lead_xtcu6_50 layout-component text-serif-m layout-normal text-serif-l layout-component layout-wide layout-padded _wide_17hqh_1 layout-padded\">Bare dager etter at Alexander S\u00f8rloth (30) annonserte at han var blitt far for andre gang, ble det fulltreff ogs\u00e5 p\u00e5 banen.<\/p>\n<p><img alt=\"BABYFEIRING: Alexander S\u00f8rloth feiret scoringen mot Real Sociedad med \u00e5 hylle sitt nyf\u00f8dte barn. Foto: ANDER GILLENEA \/ AFP \/ NTB\" class=\"_image_qp4xg_65 layout-component layout-wide\" data-fullscreen- data-track-element-type=\"Article image fullscreen\" data-track-name=\"ImageFullscreen\" fetchpriority=\"high\" decoding=\"sync\" loading=\"eager\" height=\"2133\" itemprop=\"image\"  src=\"https:\/\/www.europesays.com\/no\/wp-content\/uploads\/2026\/01\/45659e9d-ff23-45f8-9840-7836ad967fb0.jpeg\"  style=\"object-position:0% 0%\" width=\"3200\"\/>BABYFEIRING: Alexander S\u00f8rloth feiret scoringen mot Real Sociedad med \u00e5 hylle sitt nyf\u00f8dte barn. Foto: ANDER GILLENEA \/ AFP \/ NTB<\/p>\n<ul aria-hidden=\"true\" class=\"_images_ntbth_112\">\n<li><a class=\"_link_ntbth_117\" href=\"https:\/\/www.vg.no\/forfatter\/henrik-davidsen-hellevik\" style=\"z-index:1\" title=\"Henrik Davidsen Hellevik\" rel=\"nofollow noopener\" target=\"_blank\"><img alt=\"Bilde av Henrik Davidsen Hellevik\" class=\"_image_ntbth_93\" fetchpriority=\"low\" loading=\"lazy\" decoding=\"async\" itemprop=\"image\"  src=\"https:\/\/www.europesays.com\/no\/wp-content\/uploads\/2026\/01\/1767565151_588_5443292c-a647-4269-871c-1f6248707e55.jpeg\"  width=\"480\"\/><\/a><\/li>\n<\/ul>\n<p> Oppdatert s\u00f8ndag 4. januar kl. 22:56    <\/p>\n<ul class=\"_list_o9xde_3 _list_64s2r_85 _unordered_o9xde_106 text-sans-m\">\n<li class=\"_item_o9xde_30\">Alexander S\u00f8rloth scoret sitt femte LaLiga-m\u00e5l for Atletico Madrid mot sin tidligere klubb Real Sociedad.<\/li>\n<li class=\"_item_o9xde_30\">S\u00f8rloth feiret m\u00e5let med en hyllest til sin nyf\u00f8dte s\u00f8nn.<\/li>\n<li class=\"_item_o9xde_30\">Kampen endte 1-1 etter utligning av Goncalo Guedes.<\/li>\n<li class=\"_item_o9xde_30\">Atletico Madrid er nummer fire i LaLiga.<\/li>\n<\/ul>\n<p>Vis mer <\/p>\n<p class=\"_paragraph_o9xde_4 _paragraph_xtcu6_10 layout-component text-serif-m layout-normal text-serif-m layout-padded\">Nordmannen scoret sitt femte LaLiga-m\u00e5l for sesongen s\u00f8ndag kveld. Det p\u00e5 sin tidligere hjemmebane.p\u00e5 sin tidligere hjemmebane.S\u00f8rloth spilte i Real Sociedad fra 2021 til 2023.<\/p>\n<p class=\"_paragraph_o9xde_4 _paragraph_xtcu6_10 layout-component text-serif-m layout-normal text-serif-m layout-padded\">For etter 50 minutter av s\u00f8ndagens oppgj\u00f8r borte mot Real Sociedad var det nettopp S\u00f8rloth som skulle stange inn scoringen da Atletico Madrid tok ledelsen.<\/p>\n<p class=\"_paragraph_o9xde_4 _paragraph_xtcu6_10 layout-component text-serif-m layout-normal text-serif-m layout-padded\">Giuliano Simeone stormet nedover h\u00f8yresiden og slo inn. P\u00e5 bakerste stang ventet nordmannen, som kontrollert kunne styre inn ledelsesm\u00e5let.<\/p>\n<p class=\"_paragraph_o9xde_4 _paragraph_xtcu6_10 layout-component text-serif-m layout-normal text-serif-m layout-padded\">\u2013 Han er akkurat der han skal v\u00e6re, kommenterte TV 2-kommentator Espen Ween etter at scoringen var et faktum.<\/p>\n<p class=\"_paragraph_o9xde_4 _paragraph_xtcu6_10 layout-component text-serif-m layout-normal text-serif-m layout-padded\">I feiringen vugget den nybakte faren med armene. Det som en hyllest til sin nyf\u00f8dte s\u00f8nn, som han <a href=\"https:\/\/www.vg.no\/sport\/i\/QJo2vW\/alexander-soerloth-har-blitt-far-igjen\" data-track-element-type=\"Link\" data-track-id=\"link:QJo2vW\" class=\"_link_o9xde_39\" rel=\"nofollow noopener\" target=\"_blank\">p\u00e5 \u00e5rets f\u00f8rste dag annonserte var kommet til verden.<\/a><\/p>\n<p><img alt=\"Foto: Vincent West \/ Reuters \/ NTB\" class=\"_image_qp4xg_65 layout-component layout-normal\" data-fullscreen- data-track-element-type=\"Article image fullscreen\" data-track-name=\"ImageFullscreen\" decoding=\"async\" loading=\"lazy\" height=\"1726\" itemprop=\"image\"  src=\"https:\/\/www.europesays.com\/no\/wp-content\/uploads\/2026\/01\/c8eb72df-cd04-42a4-872f-78c17585770d.png\"  style=\"object-position:0% 0%\" width=\"2273\"\/>Foto: Vincent West \/ Reuters \/ NTB<\/p>\n<p class=\"_paragraph_o9xde_4 _paragraph_xtcu6_10 layout-component text-serif-m layout-normal text-serif-m layout-padded\">Kun minutter etter S\u00f8rloths scoring skulle det derimot synge i nettet p\u00e5 motsatt side. Take Kubo spilte inn til Goncalo Guedes, og portugiseren hamret inn utligningen forbi en utspilt Jan Oblak i Atletico-buret.<\/p>\n<p class=\"_paragraph_o9xde_4 _paragraph_xtcu6_10 layout-component text-serif-m layout-normal text-serif-m layout-padded\">\u2013 En meget god respons fra Real Sociedad, sa Ween.<\/p>\n<p class=\"_paragraph_o9xde_4 _paragraph_xtcu6_10 layout-component text-serif-m layout-normal text-serif-m layout-padded\">Men det kunne like gjerne endt med at S\u00f8rloth hadde scoret for sin tidligere klubb. Minuttet f\u00f8r pause stanget S\u00f8rloth ballen i eget nett. Scoringen ble derimot annullert da Real Sociedad-spiller Brais Mendez var i offsideposisjon, noe som etter reglene forstyrret nordmannen.<\/p>\n<p class=\"_paragraph_o9xde_4 _paragraph_xtcu6_10 layout-component text-serif-m layout-normal text-serif-m layout-padded\">Dermed endte oppgj\u00f8ret i Baskerland 1\u20131.<\/p>\n<p class=\"_paragraph_o9xde_4 _paragraph_xtcu6_10 layout-component text-serif-m layout-normal text-serif-m layout-padded\">Poengtapet for Atletico Madrid gj\u00f8r at klubben er nummer fire i LaLiga, elleve poeng bak ligaleder Barcelona, <a href=\"https:\/\/www.vg.no\/sport\/i\/16n99e\/lopez-magi-fikset-barcelona-seier-pur-kvalitet\" data-track-element-type=\"Link\" data-track-id=\"link:16n99e\" class=\"_link_o9xde_39\" rel=\"nofollow noopener\" target=\"_blank\">som slo erkerival Espanyol l\u00f8rdag<\/a>.<\/p>\n<p class=\"_paragraph_o9xde_4 _paragraph_xtcu6_10 layout-component text-serif-m layout-normal text-serif-m layout-padded\"><strong class=\"_strong_o9xde_25\">Torsdag venter byrivalen Real Madrid for S\u00f8rloth og resten av Atletico. <a href=\"https:\/\/tv.vg.no\/video\/350223\/atletico-madrid-real-madrid\" class=\"_link_o9xde_39\" rel=\"nofollow noopener\" target=\"_blank\">Den kampen ser du med VG+ Sport.<\/a><\/strong><\/p>\n","protected":false},"excerpt":{"rendered":"Bare dager etter at Alexander S\u00f8rloth (30) annonserte at han var blitt far for andre gang, ble det&hellip;\n","protected":false},"author":2,"featured_media":128866,"comment_status":"","ping_status":"","sticky":false,"template":"","format":"standard","meta":{"footnotes":""},"categories":[59],"tags":[3033,3034,482,30,28,29,15026,83,82],"class_list":{"0":"post-128865","1":"post","2":"type-post","3":"status-publish","4":"format-standard","5":"has-post-thumbnail","7":"category-sport","8":"tag-alexander-sorloth","9":"tag-atletico-madrid","10":"tag-la-liga","11":"tag-no","12":"tag-norge","13":"tag-norway","14":"tag-real-sociedad","15":"tag-sport","16":"tag-sports"},"share_on_mastodon":{"url":"https:\/\/pubeurope.com\/@no\/115839157071793389","error":""},"_links":{"self":[{"href":"https:\/\/www.europesays.com\/no\/wp-json\/wp\/v2\/posts\/128865","targetHints":{"allow":["GET"]}}],"collection":[{"href":"https:\/\/www.europesays.com\/no\/wp-json\/wp\/v2\/posts"}],"about":[{"href":"https:\/\/www.europesays.com\/no\/wp-json\/wp\/v2\/types\/post"}],"author":[{"embeddable":true,"href":"https:\/\/www.europesays.com\/no\/wp-json\/wp\/v2\/users\/2"}],"replies":[{"embeddable":true,"href":"https:\/\/www.europesays.com\/no\/wp-json\/wp\/v2\/comments?post=128865"}],"version-history":[{"count":0,"href":"https:\/\/www.europesays.com\/no\/wp-json\/wp\/v2\/posts\/128865\/revisions"}],"wp:featuredmedia":[{"embeddable":true,"href":"https:\/\/www.europesays.com\/no\/wp-json\/wp\/v2\/media\/128866"}],"wp:attachment":[{"href":"https:\/\/www.europesays.com\/no\/wp-json\/wp\/v2\/media?parent=128865"}],"wp:term":[{"taxonomy":"category","embeddable":true,"href":"https:\/\/www.europesays.com\/no\/wp-json\/wp\/v2\/categories?post=128865"},{"taxonomy":"post_tag","embeddable":true,"href":"https:\/\/www.europesays.com\/no\/wp-json\/wp\/v2\/tags?post=128865"}],"curies":[{"name":"wp","href":"https:\/\/api.w.org\/{rel}","templated":true}]}}