{"id":128878,"date":"2026-01-04T22:57:14","date_gmt":"2026-01-04T22:57:14","guid":{"rendered":"https:\/\/www.europesays.com\/no\/128878\/"},"modified":"2026-01-04T22:57:14","modified_gmt":"2026-01-04T22:57:14","slug":"rev-med-plastdunk-pa-hodet-irrer-rundt-i-koln","status":"publish","type":"post","link":"https:\/\/www.europesays.com\/no\/128878\/","title":{"rendered":"Rev med plastdunk p\u00e5 hodet irrer rundt i K\u00f6ln"},"content":{"rendered":"\n<p class=\"_lead_o9xde_2 _lead_xtcu6_50 layout-component text-serif-m layout-normal text-serif-l layout-component layout-wide layout-padded _wide_17hqh_1 layout-padded\">Dyrevernere har lett etter det desperate dyret i flere dager.<\/p>\n<p><img alt=\"Reven krysser gaten med en plastdunk over hodet. Foto: Dogman-Tierrettung \/ Facebook\" class=\"_image_qp4xg_65 layout-component layout-wide\" data-fullscreen- data-track-element-type=\"Article image fullscreen\" data-track-name=\"ImageFullscreen\" fetchpriority=\"high\" decoding=\"sync\" loading=\"eager\" height=\"342\" itemprop=\"image\"  src=\"https:\/\/www.europesays.com\/no\/wp-content\/uploads\/2026\/01\/875e716e-562e-436e-a4fc-014f54b64201.jpeg\"  style=\"object-position:0% 0%\" width=\"351\"\/>Reven krysser gaten med en plastdunk over hodet. Foto: Dogman-Tierrettung \/ Facebook<\/p>\n<ul aria-hidden=\"true\" class=\"_images_ntbth_112\">\n<li><a class=\"_link_ntbth_117\" href=\"https:\/\/www.vg.no\/forfatter\/mona-langset\" style=\"z-index:1\" title=\"Mona Langset\" rel=\"nofollow noopener\" target=\"_blank\"><img alt=\"Bilde av Mona Langset\" class=\"_image_ntbth_93\" fetchpriority=\"low\" loading=\"lazy\" decoding=\"async\" itemprop=\"image\"  src=\"https:\/\/www.europesays.com\/no\/wp-content\/uploads\/2026\/01\/1767567433_313_a592f7b8-d654-4432-9d92-e2e2e0017167.jpeg\"  width=\"480\"\/><\/a><\/li>\n<\/ul>\n<p> Oppdatert s\u00f8ndag 4. januar kl. 23:15     <\/p>\n<p class=\"_paragraph_o9xde_4 _paragraph_xtcu6_10 layout-component text-serif-m layout-normal text-serif-m layout-padded\">En rev med en fem-liters plastflaske rundt hodet har virret rundt i den tyske byen K\u00f6ln i flere dager. Dyret kan hverken spise eller drikke, og dyrevernere frykter at det snart vil sulte i hjel.<\/p>\n<p><img alt=\"Dyrevernsorganisasjonen Dogman-Tierrettung s\u00f8kt etter reven i flere netter.  Foto: Dogman-Tierrettung \/ Facebook\" class=\"_image_qp4xg_65 layout-component layout-normal\" data-fullscreen- data-track-element-type=\"Article image fullscreen\" data-track-name=\"ImageFullscreen\" decoding=\"async\" loading=\"lazy\" height=\"1080\" itemprop=\"image\"  src=\"https:\/\/www.europesays.com\/no\/wp-content\/uploads\/2026\/01\/48a407f6-322e-418b-8342-a8022a8b38b6.jpeg\"  style=\"object-position:0% 0%\" width=\"865\"\/>Dyrevernsorganisasjonen Dogman-Tierrettung s\u00f8kt etter reven i flere netter.  Foto: Dogman-Tierrettung \/ Facebook<\/p>\n<p class=\"_paragraph_o9xde_4 _paragraph_xtcu6_10 layout-component text-serif-m layout-normal text-serif-m layout-padded\">Reven ble f\u00f8rst observert s\u00f8ndag kveld i industriomr\u00e5det K\u00f6ln-Niehl, og ble sist sett nytt\u00e5rsaften morgen i bydelen Longerich, melder den tyske avisen <a href=\"https:\/\/www.express.de\/koeln\/irrt-seit-tagen-durch-koeln-plastikdings-fuchs-erneut-gesichtet-1180163\" class=\"_link_o9xde_39\" rel=\"nofollow noopener\" target=\"_blank\">Express<\/a>.<\/p>\n<p class=\"_paragraph_o9xde_4 _paragraph_xtcu6_10 layout-component text-serif-m layout-normal text-serif-m layout-padded\">\u2013 En kvinne som var tidlig p\u00e5 vei til jobb i sykepleien kontaktet oss umiddelbart, forteller Stefanie Hirche fra dyrevernsorganisasjonen Dogman-Tierrettung til avisen.<\/p>\n<p class=\"_paragraph_o9xde_4 _paragraph_xtcu6_10 layout-component text-serif-m layout-normal text-serif-m layout-padded\">Kvinnen tok bilder og videoer som viser reven l\u00f8pe over en gate med hodet sittende fast i \u00e5pningen p\u00e5 plastdunken.<\/p>\n<p><img alt=\"Reven med plastdunken p\u00e5 et fortau i K\u00f6ln.\" class=\"_image_qp4xg_65 layout-component layout-normal\" data-fullscreen- data-track-element-type=\"Article image fullscreen\" data-track-name=\"ImageFullscreen\" decoding=\"async\" loading=\"lazy\" height=\"383\" itemprop=\"image\"  src=\"https:\/\/www.europesays.com\/no\/wp-content\/uploads\/2026\/01\/82b2ea58-dce1-4724-8961-b0fab4d62885.jpeg\"  style=\"object-position:0% 0%\" width=\"473\"\/>Reven med plastdunken p\u00e5 et fortau i K\u00f6ln.<\/p>\n<p class=\"_paragraph_o9xde_4 _paragraph_xtcu6_10 layout-component text-serif-m layout-normal text-serif-m layout-padded\">Hirche forklarer at det sannsynligvis dannes kondens inne i plastbeholderen, s\u00e5 reven d\u00f8r ikke av t\u00f8rst med det f\u00f8rste.<\/p>\n<p class=\"_paragraph_o9xde_4 _paragraph_xtcu6_10 layout-component text-serif-m layout-normal text-serif-m layout-padded\">\u2013 Men han vil til slutt sulte i hjel, sier hun.<\/p>\n<p class=\"_paragraph_o9xde_4 _paragraph_xtcu6_10 layout-component text-serif-m layout-normal text-serif-m layout-padded\">Dyrevernere fra Dogman-Tierrettung og \u00abTeam f\u00fcr Tiere K\u00f6ln\u00bb har lett etter reven i flere netter, men uten hell. De har satt opp livekameraer i omr\u00e5det og leter med drone.<\/p>\n<ul class=\"_gallery_1qa3s_23\" tabindex=\"0\">\n<li class=\"_item_1qa3s_37\" data-index=\"0\"><img decoding=\"async\" class=\"_image_foru8_23 _articleGallery_foru8_39\" data-fullscreen- width=\"1077\" height=\"1350\" itemprop=\"image\" loading=\"lazy\"  src=\"https:\/\/www.europesays.com\/no\/wp-content\/uploads\/2026\/01\/9f119aea-22a8-4cec-8e1a-35cc56ac3b7f.jpeg\"  style=\"object-position:50% 50%;aspect-ratio:var(--gallery-aspect-ratio, 16 \/ 9)\"\/>Foto: Dogman-Tierrettung \/ Facebook<\/li>\n<li class=\"_item_1qa3s_37\" data-index=\"1\"><img decoding=\"async\" class=\"_image_foru8_23 _articleGallery_foru8_39\" data-fullscreen- width=\"769\" height=\"1025\" itemprop=\"image\" loading=\"lazy\"  src=\"https:\/\/www.europesays.com\/no\/wp-content\/uploads\/2026\/01\/c653083c-1207-4aaf-ad33-16dc1a01e3e7.jpeg\"  style=\"object-position:50% 50%;aspect-ratio:var(--gallery-aspect-ratio, 16 \/ 9)\"\/>Foto: Dogman-Tierrettung \/ Facebook<\/li>\n<\/ul>\n<p>Foto: Dogman-Tierrettung \/ Facebook<\/p>\n<p class=\"_paragraph_o9xde_4 _paragraph_xtcu6_10 layout-component text-serif-m layout-normal text-serif-m layout-padded\">\u2013 Det er en veldig komplisert sak. Det er sv\u00e6rt vanskelig for oss \u00e5 komme n\u00e6r dyret, forklarer Jordan Wieland fra \u00abTeam f\u00fcr Tiere K\u00f6ln\u00bb.<\/p>\n<p class=\"_paragraph_o9xde_4 _paragraph_xtcu6_10 layout-component text-serif-m layout-normal text-serif-m layout-padded\">Hundrevis av mennesker f\u00f8lger revens skjebne p\u00e5 dyrevernsorganisasjonens <a href=\"https:\/\/www.facebook.com\/profile.php?id=61563959072972\" class=\"_link_o9xde_39\" rel=\"nofollow noopener\" target=\"_blank\">Facebook<\/a>-side, og oppfordrer dyrevernerne til \u00e5 fortsette letingen.<\/p>\n","protected":false},"excerpt":{"rendered":"Dyrevernere har lett etter det desperate dyret i flere dager. Reven krysser gaten med en plastdunk over hodet.&hellip;\n","protected":false},"author":2,"featured_media":128879,"comment_status":"","ping_status":"","sticky":false,"template":"","format":"standard","meta":{"footnotes":""},"categories":[12],"tags":[20,21,24,25,15,22,23,13,30,28,29,14,16,26,27,42,46,43,44,45],"class_list":{"0":"post-128878","1":"post","2":"type-post","3":"status-publish","4":"format-standard","5":"has-post-thumbnail","7":"category-verden","8":"tag-breaking-news","9":"tag-breakingnews","10":"tag-featured-news","11":"tag-featurednews","12":"tag-headlines","13":"tag-latest-news","14":"tag-latestnews","15":"tag-news","16":"tag-no","17":"tag-norge","18":"tag-norway","19":"tag-nyheter","20":"tag-overskrifter","21":"tag-top-stories","22":"tag-topstories","23":"tag-verden","24":"tag-vgai","25":"tag-world","26":"tag-world-news","27":"tag-worldnews"},"share_on_mastodon":{"url":"https:\/\/pubeurope.com\/@no\/115839306511462011","error":""},"_links":{"self":[{"href":"https:\/\/www.europesays.com\/no\/wp-json\/wp\/v2\/posts\/128878","targetHints":{"allow":["GET"]}}],"collection":[{"href":"https:\/\/www.europesays.com\/no\/wp-json\/wp\/v2\/posts"}],"about":[{"href":"https:\/\/www.europesays.com\/no\/wp-json\/wp\/v2\/types\/post"}],"author":[{"embeddable":true,"href":"https:\/\/www.europesays.com\/no\/wp-json\/wp\/v2\/users\/2"}],"replies":[{"embeddable":true,"href":"https:\/\/www.europesays.com\/no\/wp-json\/wp\/v2\/comments?post=128878"}],"version-history":[{"count":0,"href":"https:\/\/www.europesays.com\/no\/wp-json\/wp\/v2\/posts\/128878\/revisions"}],"wp:featuredmedia":[{"embeddable":true,"href":"https:\/\/www.europesays.com\/no\/wp-json\/wp\/v2\/media\/128879"}],"wp:attachment":[{"href":"https:\/\/www.europesays.com\/no\/wp-json\/wp\/v2\/media?parent=128878"}],"wp:term":[{"taxonomy":"category","embeddable":true,"href":"https:\/\/www.europesays.com\/no\/wp-json\/wp\/v2\/categories?post=128878"},{"taxonomy":"post_tag","embeddable":true,"href":"https:\/\/www.europesays.com\/no\/wp-json\/wp\/v2\/tags?post=128878"}],"curies":[{"name":"wp","href":"https:\/\/api.w.org\/{rel}","templated":true}]}}