{"id":128880,"date":"2026-01-04T22:59:36","date_gmt":"2026-01-04T22:59:36","guid":{"rendered":"https:\/\/www.europesays.com\/no\/128880\/"},"modified":"2026-01-04T22:59:36","modified_gmt":"2026-01-04T22:59:36","slug":"himmelfenomen-vaer-beste-himmelar-pa-lang-tid","status":"publish","type":"post","link":"https:\/\/www.europesays.com\/no\/128880\/","title":{"rendered":"Himmelfenomen, V\u00e6r | Beste himmel\u00e5r p\u00e5 lang tid"},"content":{"rendered":"\n<p>Det blir mye spennende aktivitet p\u00e5 himmelen i det nye \u00e5ret. En diger solform\u00f8rkelse, stjerneskudd, planetparade og mye nordlysaktivitet venter i 2026.<\/p>\n<p>\u2013 Det blir s\u00e5nn sett det beste \u00e5ret p\u00e5 lang tid, sier astrofysiker Knut J\u00f8rgen R\u00f8ed \u00d8degaard og astronomi- og romfartsformidler Anne Mette Sannes til NTB.<\/p>\n<p>I siste del av februar kan man f\u00e5 med seg et sjeldent fenomen kalt planetparade.<\/p>\n<p>Da kan Jupiter, Saturn, Venus, Merkur og Uranus ses med det blotte \u00f8yet \u2013 og Neptun kan man se med en liten kikkert.<\/p>\n<p>\u2013 Det er ganske sjeldent at man f\u00e5r se s\u00e5 mange planeter p\u00e5 \u00e9n gang, sier Sannes.<\/p>\n<p>Hun forklarer at en planetparade er n\u00e5r flere planeter i solsystemet st\u00e5r p\u00e5 linje sett fra Jorden og kan observeres samtidig.<\/p>\n<p>\u2013 Det er ikke ofte disse kommer p\u00e5 rekke. Neste gang alle \u00e5tte planetene kan ses p\u00e5 rekke, er ikke f\u00f8r 20. mars i 2673. S\u00e5 det er bare \u00e5 holde av datoen, sier Sannes og legger til at forrige gang var 1. januar i 1665.<\/p>\n<p>\u2013 En ny verden<\/p>\n<p>\u2013 Men det er i august det skjer, sier Sannes.<\/p>\n<p>F\u00f8rst kan man bevitne at m\u00e5nen m\u00f8ter stjernegruppen Pleiadene p\u00e5 morgenen 7. august.<\/p>\n<p>\u2013 Det er helt magisk. F\u00f8rste gang jeg s\u00e5 dette, var det som \u00e5 se en helt ny verden, sier Sannes.<\/p>\n<p>Hvis du er i USA da, kan du if\u00f8lge henne og kollegaen se at m\u00e5nen passerer over stjernehopen.<\/p>\n<p>Stor solform\u00f8rkelse<\/p>\n<p>Uken etter \u2013 tidlig p\u00e5 kvelden 12. august \u2013 blir det ti\u00e5rets suverent st\u00f8rste solform\u00f8rkelse og den st\u00f8rste siden 2015.<\/p>\n<p>\u2013 Det skal v\u00e6re en stor solform\u00f8rkelse som man kan se over hele landet, sier R\u00f8ed \u00d8degaard.<\/p>\n<p>If\u00f8lge astrofysikeren blir den godt over 80 prosent stor i Norge, og den kommer \u00e5 merkes p\u00e5 mange m\u00e5ter.<\/p>\n<p>\u2013 Det blir merkbart m\u00f8rkere, og s\u00e5 kommer det et stikkende s\u00f8lvlys. Har man utstyret, kan man ogs\u00e5 se at m\u00e5nen g\u00e5r over solen, sier han.<\/p>\n<p>Ikke f\u00f8r i 2039 eller 2048 \u2013 avhengig av hvor man befinner seg \u2013 f\u00e5r vi oppleve en st\u00f8rre solform\u00f8rkelse i Norge, if\u00f8lge R\u00f8ed \u00d8degaard og Sannes.<\/p>\n<p>Mye nordlys<\/p>\n<p>F\u00e5 timer etter det, kommer h\u00f8ydepunktet for \u00e5rets kraftigste meteorsverm. Da er det mulig \u00e5 se opptil 100 til 120 stjerneskudd i timen.<\/p>\n<p>To uker etter det igjen, natt til fredag 28. august, er det delvis m\u00e5neform\u00f8rkelse.<\/p>\n<p>I tillegg forteller R\u00f8ed \u00d8degaard og Sannes at hvert ellevte \u00e5r g\u00e5r solen gjennom et aktivitetsmaksimum.<\/p>\n<p>Maksimumet vi befinner oss i n\u00e5 er det kraftigste p\u00e5 22 \u00e5r, hvilket f\u00f8rer til mange nordlysopplevelser \u2013 b\u00e5de i \u00e5r og neste \u00e5r, sier de.<\/p>\n","protected":false},"excerpt":{"rendered":"Det blir mye spennende aktivitet p\u00e5 himmelen i det nye \u00e5ret. En diger solform\u00f8rkelse, stjerneskudd, planetparade og mye&hellip;\n","protected":false},"author":2,"featured_media":127857,"comment_status":"","ping_status":"","sticky":false,"template":"","format":"standard","meta":{"footnotes":""},"categories":[5],"tags":[36,20,21,24,25,15,1296,19,22,23,17,18,13,30,28,29,14,16,1510,10897,15027,26,27,553],"class_list":{"0":"post-128880","1":"post","2":"type-post","3":"status-publish","4":"format-standard","5":"has-post-thumbnail","7":"category-overskrifter","8":"tag-art","9":"tag-breaking-news","10":"tag-breakingnews","11":"tag-featured-news","12":"tag-featurednews","13":"tag-headlines","14":"tag-himmelfenomen","15":"tag-hovedoppslag","16":"tag-latest-news","17":"tag-latestnews","18":"tag-main-news","19":"tag-mainnews","20":"tag-news","21":"tag-no","22":"tag-norge","23":"tag-norway","24":"tag-nyheter","25":"tag-overskrifter","26":"tag-story","27":"tag-supermane","28":"tag-supersol","29":"tag-top-stories","30":"tag-topstories","31":"tag-vaer"},"share_on_mastodon":{"url":"https:\/\/pubeurope.com\/@no\/115839314342739658","error":""},"_links":{"self":[{"href":"https:\/\/www.europesays.com\/no\/wp-json\/wp\/v2\/posts\/128880","targetHints":{"allow":["GET"]}}],"collection":[{"href":"https:\/\/www.europesays.com\/no\/wp-json\/wp\/v2\/posts"}],"about":[{"href":"https:\/\/www.europesays.com\/no\/wp-json\/wp\/v2\/types\/post"}],"author":[{"embeddable":true,"href":"https:\/\/www.europesays.com\/no\/wp-json\/wp\/v2\/users\/2"}],"replies":[{"embeddable":true,"href":"https:\/\/www.europesays.com\/no\/wp-json\/wp\/v2\/comments?post=128880"}],"version-history":[{"count":0,"href":"https:\/\/www.europesays.com\/no\/wp-json\/wp\/v2\/posts\/128880\/revisions"}],"wp:featuredmedia":[{"embeddable":true,"href":"https:\/\/www.europesays.com\/no\/wp-json\/wp\/v2\/media\/127857"}],"wp:attachment":[{"href":"https:\/\/www.europesays.com\/no\/wp-json\/wp\/v2\/media?parent=128880"}],"wp:term":[{"taxonomy":"category","embeddable":true,"href":"https:\/\/www.europesays.com\/no\/wp-json\/wp\/v2\/categories?post=128880"},{"taxonomy":"post_tag","embeddable":true,"href":"https:\/\/www.europesays.com\/no\/wp-json\/wp\/v2\/tags?post=128880"}],"curies":[{"name":"wp","href":"https:\/\/api.w.org\/{rel}","templated":true}]}}