{"id":128885,"date":"2026-01-04T23:10:08","date_gmt":"2026-01-04T23:10:08","guid":{"rendered":"https:\/\/www.europesays.com\/no\/128885\/"},"modified":"2026-01-04T23:10:08","modified_gmt":"2026-01-04T23:10:08","slug":"affeksjonsverdi-kan-fa-flere-critics-choice-awards","status":"publish","type":"post","link":"https:\/\/www.europesays.com\/no\/128885\/","title":{"rendered":"\u00abAffeksjonsverdi\u00bb kan f\u00e5 flere Critics Choice Awards"},"content":{"rendered":"\n<p class=\"_lead_o9xde_2 _lead_xtcu6_50 layout-component text-serif-m layout-normal text-serif-l layout-component layout-wide layout-padded _wide_17hqh_1 layout-padded\">Nattens prisutdeling kan v\u00e6re et viktig steg mot Oscar-nominasjoner.<\/p>\n<p><img alt=\"Renate Reinsve p\u00e5 r\u00f8d l\u00f8per f\u00f8r Critics Choice Awards. Foto: MONICA SCHIPPER \/ AFP \/ NTB\" class=\"_image_qp4xg_65 layout-component layout-wide\" data-fullscreen- data-track-element-type=\"Article image fullscreen\" data-track-name=\"ImageFullscreen\" fetchpriority=\"high\" decoding=\"sync\" loading=\"eager\" height=\"5051\" itemprop=\"image\"  src=\"https:\/\/www.europesays.com\/no\/wp-content\/uploads\/2026\/01\/bb18733b-1151-477c-8cba-fece00a100b7.jpeg\"  style=\"object-position:0% 0%\" width=\"3367\"\/>Renate Reinsve p\u00e5 r\u00f8d l\u00f8per f\u00f8r Critics Choice Awards. Foto: MONICA SCHIPPER \/ AFP \/ NTB<\/p>\n<ul aria-hidden=\"true\" class=\"_images_ntbth_112\">\n<li><a class=\"_link_ntbth_117\" href=\"https:\/\/www.vg.no\/forfatter\/stein-oestboe\" style=\"z-index:1\" title=\"Stein \u00d8stb\u00f8\" rel=\"nofollow noopener\" target=\"_blank\"><img alt=\"Bilde av Stein \u00d8stb\u00f8\" class=\"_image_ntbth_93\" fetchpriority=\"low\" loading=\"lazy\" decoding=\"async\" itemprop=\"image\"  src=\"https:\/\/www.europesays.com\/no\/wp-content\/uploads\/2026\/01\/22e70fc8-5f6d-446c-8991-a91d598e4754.jpeg\"  width=\"480\"\/><\/a><\/li>\n<\/ul>\n<p> Oppdatert s\u00f8ndag 4. januar kl. 23:37    <\/p>\n<ul class=\"_list_o9xde_3 _list_64s2r_85 _unordered_o9xde_106 text-sans-m\">\n<li class=\"_item_o9xde_30\">Critics Choice Awards-nominasjonene ble kunngjort 5. desember og deles ut i natt.<\/li>\n<li class=\"_item_o9xde_30\">\u00abAffeksjonsverdi\u00bb har f\u00e5tt syv nominasjoner, inkludert beste film og beste regiss\u00f8r.<\/li>\n<li class=\"_item_o9xde_30\">Renate Reinsve, Elle Fanning og Stellan Skarsg\u00e5rd er nominert for sine roller.<\/li>\n<li class=\"_item_o9xde_30\">Joakim Trier og Eskil Vogt er nominert for beste originalmanus.<\/li>\n<li class=\"_item_o9xde_30\">Critics Choice Awards kan gi viktige hint om kommende Oscar-nominasjoner.<\/li>\n<\/ul>\n<p>Vis mer <\/p>\n<p class=\"_paragraph_o9xde_4 _paragraph_xtcu6_10 layout-component text-serif-m layout-normal text-serif-m layout-padded\">Nominasjonene til Critics Choice Awards 2026 ble kunngjort 5. desember, og \u00abSinners\u00bb og \u00abOne Battle After Another\u00bb leder med syv nominasjoner hver, det samme som \u00abAffeksjonsverdi\u00bb, eller \u00abSentimental Value\u00bb, som er den engelske tittelen.<\/p>\n<p class=\"_paragraph_o9xde_4 _paragraph_xtcu6_10 layout-component text-serif-m layout-normal text-serif-m layout-padded\">Nominasjonene for\u00a0<a href=\"https:\/\/www.vg.no\/tag\/joachim-trier?utm_source=vg-article&amp;utm_medium=auto-tagger&amp;utm_campaign=BxJ0VQ\" class=\"_link_o9xde_39\" rel=\"nofollow noopener\" target=\"_blank\">Joachim Triers<\/a>\u00a0film renner inn for tiden:<\/p>\n<p class=\"_paragraph_o9xde_4 _paragraph_xtcu6_10 layout-component text-serif-m layout-normal text-serif-m layout-padded\"><strong class=\"_strong_o9xde_25\">Les ogs\u00e5:<\/strong>\u00a0<a href=\"https:\/\/www.vg.no\/i\/jQVV69\" data-track-element-type=\"Link\" data-track-id=\"link:jQVV69\" class=\"_link_o9xde_39\" rel=\"nofollow noopener\" target=\"_blank\">\u00abAffeksjonsverdi\u00bb nominert til fem europeiske filmpriser<\/a><\/p>\n<p class=\"_paragraph_o9xde_4 _paragraph_xtcu6_10 layout-component text-serif-m layout-normal text-serif-m layout-padded\">\u00abAffeksjonsverdi\u00bb har f\u00e5tt nominasjoner i kategoriene beste film, beste regiss\u00f8r, beste originalmanus, beste kvinnelige hovedrolle, beste kvinnelige birolle og beste mannlige birolle, if\u00f8lge\u00a0<a href=\"https:\/\/www.eonline.com\/news\/1425585\/critics-choice-awards-2026-nominations-see-the-complete-list\" class=\"_link_o9xde_39\" rel=\"nofollow noopener\" target=\"_blank\">E! Online<\/a>.<\/p>\n<p class=\"_paragraph_o9xde_4 _paragraph_xtcu6_10 layout-component text-serif-m layout-normal text-serif-m layout-padded\">Utdelingen starter klokken 01 norsk tid. <\/p>\n<p class=\"_paragraph_o9xde_4 _paragraph_xtcu6_10 layout-component text-serif-m layout-normal layout-padded\"><strong class=\"_strong_o9xde_25\">Les ogs\u00e5:<\/strong> <a href=\"https:\/\/www.vg.no\/i\/k0apd6\" data-track-element-type=\"Link\" data-track-id=\"link:k0apd6\" class=\"_link_o9xde_39\" rel=\"nofollow noopener\" target=\"_blank\">Norsk nominasjons\u00adrekord for \u00abAffeksjons\u00adverdi\u00bb<\/a><\/p>\n<p class=\"_paragraph_o9xde_4 _paragraph_xtcu6_10 layout-component text-serif-m layout-normal text-serif-m layout-padded\">Renate Reinsve er nominert for beste kvinnelige hovedrolle, mens Elle Fanning og Inga Ibsdotter Lilleaas begge er nominert som beste kvinnelige birolle. <a href=\"https:\/\/www.vg.no\/tag\/stellan-skarsgaard?utm_source=vg-article&amp;utm_medium=auto-tagger&amp;utm_campaign=n1a6Lo\" class=\"_link_o9xde_39\" rel=\"nofollow noopener\" target=\"_blank\">Stellan Skarsg\u00e5rd<\/a> er nominert som beste mannlige birolle.<\/p>\n<p><img alt=\"Renate Reinsve kan nok en gang vinne en gjev pris i natt under Critics Choice Awards.  Foto: Nordisk film Distribusjon\" class=\"_image_qp4xg_65 layout-component layout-normal\" data-fullscreen- data-track-element-type=\"Article image fullscreen\" data-track-name=\"ImageFullscreen\" decoding=\"async\" loading=\"lazy\" height=\"554\" itemprop=\"image\"  src=\"https:\/\/www.europesays.com\/no\/wp-content\/uploads\/2026\/01\/d5ac0fec-88bd-4d73-95de-5abf60db3b4e.jpeg\"  style=\"object-position:56.884765625% 60.1985559566787%\" width=\"1024\"\/>Renate Reinsve kan nok en gang vinne en gjev pris i natt under Critics Choice Awards.  Foto: Nordisk film Distribusjon<\/p>\n<p class=\"_paragraph_o9xde_4 _paragraph_xtcu6_10 layout-component text-serif-m layout-normal text-serif-m layout-padded\">Joakim Trier deler nominasjonen for beste originalmanus med Eskil Vogt.<\/p>\n<p class=\"_paragraph_o9xde_4 _paragraph_xtcu6_10 layout-component text-serif-m layout-normal text-serif-m layout-padded\">\u00abAffeksjonsverdi\u00bb konkurrerer alts\u00e5 i de aller gjeveste priskategoriene.<\/p>\n<p class=\"_paragraph_o9xde_4 _paragraph_xtcu6_10 layout-component text-serif-m layout-normal text-serif-m layout-padded\">Etter <a href=\"https:\/\/no.wikipedia.org\/wiki\/Golden_Globe\" class=\"_link_o9xde_39\" rel=\"nofollow noopener\" target=\"_blank\">Golden Globe<\/a> er Critics Choice Awards den amerikanske filmindustriens viktigste prisutdeling i forkant av Oscar-utdelingen, selv om det er tunge r\u00f8ster i amerikansk filmbransje, spesielt n\u00e5 i \u00abprisutdeling-sesongen\u00bb f\u00f8r Oscar i mars, kan forbig\u00e5 Golden Globe i viktighet.<\/p>\n<p class=\"_paragraph_o9xde_4 _paragraph_xtcu6_10 layout-component text-serif-m layout-normal text-serif-m layout-padded\">\u2013 Grunnen til at kritikernes valg er viktige, er at de p\u00e5 en m\u00e5te samler konsensusen til mange av de menneskene som former Oscar-konkurransen n\u00e5, har blant annet kommentatoren Sasha Stone i <a href=\"https:\/\/www.awardsdaily.com\/2021\/12\/10\/predictions-friday-how-the-critics-choice-and-the-globes-will-impact-the-oscars\/\" class=\"_link_o9xde_39\" rel=\"nofollow noopener\" target=\"_blank\">Awardsdaily <\/a>skrevet.<\/p>\n<p class=\"_paragraph_o9xde_4 _paragraph_xtcu6_10 layout-component text-serif-m layout-normal text-serif-m layout-padded\">Senest n\u00e5 i helgen mottok \u00abAffeksjonsverdi\u00bb-ensemblet International Star Award under Palm Springs International Film Festival.<\/p>\n<p class=\"_paragraph_o9xde_4 _paragraph_xtcu6_10 layout-component text-serif-m layout-normal text-serif-m layout-padded\">Prisutdelingen starter 01.00 natt til mandag.<\/p>\n<p><img alt=\"Hovedpersonene i \u00abAffeksjonsverdi\u00bb med prisen fra Palm Springs i helgen.  Foto: Jordan Strauss \/ AP \/ NTB\" class=\"_image_qp4xg_65 layout-component layout-normal\" data-fullscreen- data-track-element-type=\"Article image fullscreen\" data-track-name=\"ImageFullscreen\" decoding=\"async\" loading=\"lazy\" height=\"3452\" itemprop=\"image\"  src=\"https:\/\/www.europesays.com\/no\/wp-content\/uploads\/2026\/01\/1620be78-5fb2-450f-b4a8-c02ab01ea5f8.jpeg\"  style=\"object-position:47.972190034762455% 53.40382387022016%\" width=\"5178\"\/>Hovedpersonene i \u00abAffeksjonsverdi\u00bb med prisen fra Palm Springs i helgen.  Foto: Jordan Strauss \/ AP \/ NTB    <\/p>\n","protected":false},"excerpt":{"rendered":"Nattens prisutdeling kan v\u00e6re et viktig steg mot Oscar-nominasjoner. Renate Reinsve p\u00e5 r\u00f8d l\u00f8per f\u00f8r Critics Choice Awards.&hellip;\n","protected":false},"author":2,"featured_media":128886,"comment_status":"","ping_status":"","sticky":false,"template":"","format":"standard","meta":{"footnotes":""},"categories":[58],"tags":[71,3244,30,28,29,1052,3243,3242,72],"class_list":{"0":"post-128885","1":"post","2":"type-post","3":"status-publish","4":"format-standard","5":"has-post-thumbnail","7":"category-underholdning","8":"tag-entertainment","9":"tag-joachim-trier","10":"tag-no","11":"tag-norge","12":"tag-norway","13":"tag-oscar","14":"tag-renate-reinsve","15":"tag-stellan-skarsgard","16":"tag-underholdning"},"share_on_mastodon":{"url":"https:\/\/pubeurope.com\/@no\/115839357609140375","error":""},"_links":{"self":[{"href":"https:\/\/www.europesays.com\/no\/wp-json\/wp\/v2\/posts\/128885","targetHints":{"allow":["GET"]}}],"collection":[{"href":"https:\/\/www.europesays.com\/no\/wp-json\/wp\/v2\/posts"}],"about":[{"href":"https:\/\/www.europesays.com\/no\/wp-json\/wp\/v2\/types\/post"}],"author":[{"embeddable":true,"href":"https:\/\/www.europesays.com\/no\/wp-json\/wp\/v2\/users\/2"}],"replies":[{"embeddable":true,"href":"https:\/\/www.europesays.com\/no\/wp-json\/wp\/v2\/comments?post=128885"}],"version-history":[{"count":0,"href":"https:\/\/www.europesays.com\/no\/wp-json\/wp\/v2\/posts\/128885\/revisions"}],"wp:featuredmedia":[{"embeddable":true,"href":"https:\/\/www.europesays.com\/no\/wp-json\/wp\/v2\/media\/128886"}],"wp:attachment":[{"href":"https:\/\/www.europesays.com\/no\/wp-json\/wp\/v2\/media?parent=128885"}],"wp:term":[{"taxonomy":"category","embeddable":true,"href":"https:\/\/www.europesays.com\/no\/wp-json\/wp\/v2\/categories?post=128885"},{"taxonomy":"post_tag","embeddable":true,"href":"https:\/\/www.europesays.com\/no\/wp-json\/wp\/v2\/tags?post=128885"}],"curies":[{"name":"wp","href":"https:\/\/api.w.org\/{rel}","templated":true}]}}