{"id":128890,"date":"2026-01-04T23:32:17","date_gmt":"2026-01-04T23:32:17","guid":{"rendered":"https:\/\/www.europesays.com\/no\/128890\/"},"modified":"2026-01-04T23:32:17","modified_gmt":"2026-01-04T23:32:17","slug":"barth-eide-om-trumps-venezuela-strategi-veldig-uklart","status":"publish","type":"post","link":"https:\/\/www.europesays.com\/no\/128890\/","title":{"rendered":"Barth Eide om Trumps Venezuela-strategi: \u2013 Veldig uklart"},"content":{"rendered":"\n<ul class=\"_list_o9xde_3 _list_64s2r_85 _unordered_o9xde_106 text-sans-m\">\n<li class=\"_item_o9xde_30\">Utenriksminister Eide advarer om potensielt eskalering av konflikter i Venezuela.<\/li>\n<li class=\"_item_o9xde_30\">Han kritiserer USAs angrep p\u00e5 Venezuela som brudd p\u00e5 folkeretten.<\/li>\n<li class=\"_item_o9xde_30\">Trump har sagt USA skal styre landet p\u00e5 ubestemt tid. Eide mener det er uklart hvordan dette vil foreg\u00e5.<\/li>\n<li class=\"_item_o9xde_30\">Uttalelser fra Trump om Cuba, Colombia og Gr\u00f8nland skaper ogs\u00e5 bekymring, registrerer utenriksministeren.<\/li>\n<\/ul>\n<p>Vis mer <\/p>\n<p class=\"_paragraph_o9xde_4 _paragraph_xtcu6_10 layout-component text-serif-m layout-normal text-serif-m layout-padded\">\u2013 Det kan potensielt bli maktkamper, vold og konflikter. Derfor blir det viktigst for Venezuela \u00e5 f\u00e5 plass et styre som er forankret i folket, og s\u00f8rge for at dette ikke eskalerer og f\u00f8rer til at regionen blir enda mer konfliktfylt, sier Barth Eide til VG. <\/p>\n<p class=\"_paragraph_o9xde_4 _paragraph_xtcu6_10 layout-component text-serif-m layout-normal text-serif-m layout-padded\"><strong class=\"_strong_o9xde_25\">USAs president Donald Trump <a href=\"https:\/\/www.vg.no\/nyheter\/i\/e78gKl\/usa-vil-styre-venezuela-nesten-helt-utenkelig\" data-track-element-type=\"Link\" data-track-id=\"link:e78gKl\" class=\"_link_o9xde_39\" rel=\"nofollow noopener\" target=\"_blank\">har sagt at USA skal styre Venezuela p\u00e5 ubestemt tid<\/a>, frem til det er en \u00abtrygg, ordentlig og fornuftig\u00bb maktovertagelse.<\/strong><\/p>\n<p class=\"_paragraph_o9xde_4 _paragraph_xtcu6_10 layout-component text-serif-m layout-normal text-serif-m layout-padded\">\u2013 Det er veldig uklart hva som menes med at USA skal styre, for det er s\u00e5 langt ikke tatt noen grep for \u00e5 sikre amerikansk n\u00e6rv\u00e6r i Venezuela, og det er heller ikke uplassert soldater, sier Eide.<\/p>\n<p>Dette har skjedd<\/p>\n<ul class=\"_list_o9xde_3 _list_xtcu6_9 _list_16v91_9 _unordered_o9xde_106 layout-component text-serif-m layout-normal text-sans-m layout-padded\">\n<li class=\"_item_o9xde_30\">Natt til l\u00f8rdag lokal tid gikk USA til angrep p\u00e5 Venezuela. Det ble meldt om eksplosjoner flere steder i landet. <\/li>\n<li class=\"_item_o9xde_30\">Venezuelas president Nicol\u00e1s Maduro og hans kone ble fanget av amerikanske spesialsoldater, og fraktet ut av landet. <\/li>\n<li class=\"_item_o9xde_30\">Sent l\u00f8rdag kveld norsk tid landet de i New York hvor de skal stilles for retten, trolig mandag. <\/li>\n<li class=\"_item_o9xde_30\">Donald Trump har uttalt at det n\u00e5 er USA som skal styre i Venezuela. Samtidig er Venezuelas visepresident Delcy Rodr\u00edguez utnevnt som landets fungerende president.<\/li>\n<\/ul>\n<p>Vis merUt mot visepresidenten<\/p>\n<p class=\"_paragraph_o9xde_4 _paragraph_xtcu6_10 layout-component text-serif-m layout-normal text-serif-m layout-padded\">Per n\u00e5 er de<a href=\"https:\/\/www.vg.no\/nyheter\/i\/e78gKl\/usa-vil-styre-venezuela-nesten-helt-utenkelig\" data-track-element-type=\"Link\" data-track-id=\"link:e78gKl\" class=\"_link_o9xde_39\" rel=\"nofollow noopener\" target=\"_blank\">t visepresident Delcy Rodr\u00edguez som er utnevnt som fungerende president.<\/a><\/p>\n<p class=\"_paragraph_o9xde_4 _paragraph_xtcu6_10 layout-component text-serif-m layout-normal text-serif-m layout-padded\">En stund s\u00e5 det ut til at Trump-administrasjonen ville fors\u00f8ke \u00e5 samarbeide med henne om \u00e5 styre landet, selv om hun var del av Maduros administrasjon og <a href=\"https:\/\/www.vg.no\/nyheter\/i\/8pm0wE\/donald-trump-om-venezuela-hvis-ikke-delcy-rodriguez-gjoer-det-rette-vil-hun-betale-hoey-pris\" data-track-element-type=\"Link\" data-track-id=\"link:8pm0wE\" class=\"_link_o9xde_39\" rel=\"nofollow noopener\" target=\"_blank\">har krevd hans l\u00f8slatelse<\/a>.<\/p>\n<p class=\"_paragraph_o9xde_4 _paragraph_xtcu6_10 layout-component text-serif-m layout-normal text-serif-m layout-padded\">S\u00f8ndag sier imidlertid Trump til <a href=\"https:\/\/www.theatlantic.com\/national-security\/2026\/01\/trump-venezuela-maduro-delcy-rodriguez\/685497\/?utm_campaign=the-atlantic&amp;utm_content=edit-promo&amp;utm_medium=social&amp;utm_source=facebook&amp;fbclid=IwY2xjawPHgrxleHRuA2FlbQIxMQBicmlkETBGWXBjM3Zha0lKVFlCcWtNc3J0YwZhcHBfaWQQMjIyMDM5MTc4ODIwMDg5MgABHqgnAn6DC3isUS9AQX7wsGZPu1zhhHptKRb0YjPkT5822aqCdrC9Vp0dED1U_aem__LA-2P16fitNAN2iBq_UHw\" class=\"_link_o9xde_39\" rel=\"nofollow noopener\" target=\"_blank\">The Atlantic<\/a> at hvis Rodriguez \u00abikke gj\u00f8r det rette, vil hun m\u00e5tte betale en sv\u00e6rt h\u00f8y pris, sannsynligvis h\u00f8yere enn Maduro\u00bb. <\/p>\n<p><img alt=\"USAs president Donald Trump og Venezuelas fungerende president, tidligere visepresident Delcy Rodr\u00edguez.\" class=\"_image_qp4xg_65 layout-component layout-normal\" data-fullscreen- data-track-element-type=\"Article image fullscreen\" data-track-name=\"ImageFullscreen\" decoding=\"async\" loading=\"lazy\" height=\"1668\" itemprop=\"image\"  src=\"https:\/\/www.europesays.com\/no\/wp-content\/uploads\/2026\/01\/da590cb9-2015-40ac-b6f1-79095bbc7c8a.jpeg\"  style=\"object-position:0% 0%\" width=\"2500\"\/>USAs president Donald Trump og Venezuelas fungerende president, tidligere visepresident Delcy Rodr\u00edguez.<\/p>\n<p class=\"_paragraph_o9xde_4 _paragraph_xtcu6_10 layout-component text-serif-m layout-normal text-serif-m layout-padded\">Trump har ogs\u00e5 uttalt at han ikke har troen p\u00e5 at fredsprisvinner Maria Corina Machado kan styre Venezuela.<\/p>\n<p class=\"_paragraph_o9xde_4 _paragraph_xtcu6_10 layout-component text-serif-m layout-normal text-serif-m layout-padded\">I forbindelse med fredsprisen, var opposisjonslederen i Norge i desember. Hun har st\u00f8ttet Edmundu Gonzales, som ved forrige valg i Venezuela ble utpekt som den reelle valgvinneren. <\/p>\n<p class=\"_paragraph_o9xde_4 _paragraph_xtcu6_10 layout-component text-serif-m layout-normal text-serif-m layout-padded\">\u2013 Stiller Norge seg bak Machado som ny leder i Venezuela?<\/p>\n<p class=\"_paragraph_o9xde_4 _paragraph_xtcu6_10 layout-component text-serif-m layout-normal text-serif-m layout-padded\">\u2013 Norge bestemmer hvem som styrer i Norge, og ikke i andre land. Dermed peker vi ikke p\u00e5 personer. Men det hadde v\u00e6rt naturlig \u00e5 ta utgangspunkt i det forrige valget fra 2024.<\/p>\n<p><img alt=\"Mar\u00eda Corina Machado, opposisjonsleder i Venezuela.  Foto: Ole Berg-Rusten \/ NTB\" class=\"_image_qp4xg_65 layout-component layout-normal\" data-fullscreen- data-track-element-type=\"Article image fullscreen\" data-track-name=\"ImageFullscreen\" decoding=\"async\" loading=\"lazy\" height=\"5760\" itemprop=\"image\"  src=\"https:\/\/www.europesays.com\/no\/wp-content\/uploads\/2026\/01\/73312d70-d635-4bd3-9870-1b70d2d124aa.jpeg\"  style=\"object-position:0% 0%\" width=\"8640\"\/>Mar\u00eda Corina Machado, opposisjonsleder i Venezuela.  Foto: Ole Berg-Rusten \/ NTB<\/p>\n<p class=\"_paragraph_o9xde_4 _paragraph_xtcu6_10 layout-component text-serif-m layout-normal text-serif-m layout-padded\">Utenriksministeren har, i likhet med en rekke eksperter, v\u00e6rt tydelig p\u00e5 at det amerikanske <a href=\"https:\/\/www.vg.no\/tag\/angrepet-mot-venezuela?utm_source=vg-article&amp;utm_medium=auto-tagger&amp;utm_campaign=8pmM2W\" class=\"_link_o9xde_39\" rel=\"nofollow noopener\" target=\"_blank\">angrepet mot Venezuela<\/a> <a href=\"https:\/\/www.regjeringen.no\/no\/aktuelt\/uttalelse-fra-utenriksminister-espen-barth-eide-om-situasjonen-i-venezuela\/id3144777\/\" class=\"_link_o9xde_39\" rel=\"nofollow noopener\" target=\"_blank\">ikke er i tr\u00e5d med folkeretten.<\/a><\/p>\n<p class=\"_paragraph_o9xde_4 _paragraph_xtcu6_10 layout-component text-serif-m layout-normal text-serif-m layout-padded\"><strong class=\"_strong_o9xde_25\">At prinsippene om folkeretten skal opprettholdes av alle land i praksis, skal Norge v\u00e6re tydelige og konsekvente p\u00e5, ogs\u00e5 n\u00e5r det gjelder USA, sier Eide.<\/strong><\/p>\n<p class=\"_paragraph_o9xde_4 _paragraph_xtcu6_10 layout-component text-serif-m layout-normal text-serif-m layout-padded\">\u2013 Hvis vi mener at folkeretten skal gjelde for alle, m\u00e5 det v\u00e6re en norm \u00e5 si fra n\u00e5r ogs\u00e5 n\u00e6re venner og allierte bryter disse prinsippene. Hvis ikke undergraves selve prinsippet om folkeretten, og det vil legges merke til, ikke minst i det globale s\u00f8r. For eksempel er de fleste vestlige land, med god grunn, sv\u00e6rt tydelige p\u00e5 at Russlands angrep mot Ukraina er et brudd p\u00e5 folkeretten. <\/p>\n<p class=\"_paragraph_o9xde_4 _paragraph_xtcu6_10 layout-component text-serif-m layout-normal text-serif-m layout-padded\">\u2013 Men skal vi v\u00e6re troverdige, m\u00e5 vi v\u00e6re konsekvente, understreker Eide. <\/p>\n<p><img alt=\"USA angrepet flere steder i Venezuela l\u00f8rdag, deriblant hovedstaden Caracas.   Foto: JOSE ABREU \/ AFP \/ NTB\" class=\"_image_qp4xg_65 layout-component layout-normal\" data-fullscreen- data-track-element-type=\"Article image fullscreen\" data-track-name=\"ImageFullscreen\" decoding=\"async\" loading=\"lazy\" height=\"1400\" itemprop=\"image\"  src=\"https:\/\/www.europesays.com\/no\/wp-content\/uploads\/2026\/01\/5effdf55-c4dd-473b-b776-ece50fb1c92c.jpeg\"  style=\"object-position:0% 0%\" width=\"2100\"\/>USA angrepet flere steder i Venezuela l\u00f8rdag, deriblant hovedstaden Caracas.   Foto: JOSE ABREU \/ AFP \/ NTB<\/p>\n<p class=\"_paragraph_o9xde_4 _paragraph_xtcu6_10 layout-component text-serif-m layout-normal text-serif-m layout-padded\">Eide forklarer at det amerikanske angrepet mot Venezuela strider mot maktforbudet maktforbudet If\u00f8lge maktforbudet i FN-pakten, er det forbudt \u00e5 bruke milit\u00e6rmakt mot en annen stats territoriale integritet eller politiske uavhengighet, med unntak av selvforsvar og dersom det foreligger hjemmel i FNs sikkerhetsr\u00e5d.i FN-pakten. <\/p>\n<p class=\"_paragraph_o9xde_4 _paragraph_xtcu6_10 layout-component text-serif-m layout-normal text-serif-m layout-padded\">\u2013 Det er en milit\u00e6roperasjon mot en suveren stat.<\/p>\n<p class=\"_paragraph_o9xde_4 _paragraph_xtcu6_10 layout-component text-serif-m layout-normal text-serif-m layout-padded\"><strong class=\"_strong_o9xde_25\">Ogs\u00e5 det \u00e5 arrestere et annet lands statsoverhode, uavhengig av hva man mener om dem, er brudd p\u00e5 statsimmuniteten, sier han videre. <\/strong><\/p>\n<p class=\"_paragraph_o9xde_4 _paragraph_xtcu6_10 layout-component text-serif-m layout-normal text-serif-m layout-padded\">Amerikanerne har derfor ikke rett til \u00e5 gripe inn i Venezuela milit\u00e6rt, selv om Maduro for lengst har mistet sin demokratiske legitimitet, sier Eide, og viser til at Maduro ikke ville akseptere utfallet av valget i 2024.<\/p>\n<p class=\"_paragraph_o9xde_4 _paragraph_xtcu6_10 layout-component text-serif-m layout-normal text-serif-m layout-padded\">\u2013 Det er all grunn til \u00e5 ta avstand fra det autorit\u00e6re Maduro-regimet, og Norge, USA og mange andre land i Latin-Amerika mener han burde ha g\u00e5tt av. Men det m\u00e5 ikke blandes med suverenitetsprinsippetsuverenitetsprinsippetSuverenitetsprinsippet betyr at en stat bestemmer selv innenfor sine egne grenser, og ikke er underlagt andre land.. <\/p>\n<p><img alt=\"Trump holdt pressekonferanse om angrepet, der han sa at USA midlertidig ville styre Venezuela. Her med utenriksminister Marco Rubio.   Foto: Jonathan Ernst \/ Reuters \/ NTB\" class=\"_image_qp4xg_65 layout-component layout-normal\" data-fullscreen- data-track-element-type=\"Article image fullscreen\" data-track-name=\"ImageFullscreen\" decoding=\"async\" loading=\"lazy\" height=\"2527\" itemprop=\"image\"  src=\"https:\/\/www.europesays.com\/no\/wp-content\/uploads\/2026\/01\/b9c769fb-42fa-4373-8219-444d6916c954.png\"  style=\"object-position:0% 0%\" width=\"3790\"\/>Trump holdt pressekonferanse om angrepet, der han sa at USA midlertidig ville styre Venezuela. Her med utenriksminister Marco Rubio.   Foto: Jonathan Ernst \/ Reuters \/ NTB<\/p>\n<p class=\"_paragraph_o9xde_4 _paragraph_xtcu6_10 layout-component text-serif-m layout-normal text-serif-m layout-padded\">\u2013 Av den grunn, vil det bli aktuelt for Norge \u00e5 reagere sterkere p\u00e5 folkerettsbruddet i forbindelse med USAs angrep mot Venezuela?<\/p>\n<p class=\"_paragraph_o9xde_4 _paragraph_xtcu6_10 layout-component text-serif-m layout-normal text-serif-m layout-padded\">\u2013 Flere land, deriblant Norge, har n\u00e5 uttalt seg om viktigheten av \u00e5 etterleve folkeretten. Norge kan ikke l\u00f8se alle situasjoner internasjonalt, men det vil bli aktuelt \u00e5 snakke med andre land og allierte, deriblant EU og Norden.<\/p>\n<p class=\"_paragraph_o9xde_4 _paragraph_xtcu6_10 layout-component text-serif-m layout-normal text-serif-m layout-padded\">I etterkant av USAs angrep mot Venezuela er det flere som p\u00e5peker at Trump kan komme til \u00e5 bruke hard makt  hard makt Hard makt er en stats evne til \u00e5 p\u00e5tvinge sin vilje over andre gjennom tvang, prim\u00e6rt ved bruk av milit\u00e6rmakt (trusler om vold\/krig).for \u00e5 oppn\u00e5 amerikansk dominans ogs\u00e5 andre steder i verden.<\/p>\n<p class=\"_paragraph_o9xde_4 _paragraph_xtcu6_10 layout-component text-serif-m layout-normal text-serif-m layout-padded\">L\u00f8rdag kom Trump med uttalelser rettet mot Cuba og Colombia, og <a href=\"https:\/\/www.vg.no\/nyheter\/i\/9pv4Ew\/trump-vi-skal-styre-landet-inntil-videre\" data-track-element-type=\"Link\" data-track-id=\"link:9pv4Ew\" class=\"_link_o9xde_39\" rel=\"nofollow noopener\" target=\"_blank\">sa blant annet at sistnevntes leder b\u00f8r \u00abpasse seg\u00bb<\/a>. <\/p>\n<p><img alt=\"Colombias president, Gustavo Petro.   Foto: LUIS ACOSTA \/ AFP \/ NTB\" class=\"_image_qp4xg_65 layout-component layout-normal\" data-fullscreen- data-track-element-type=\"Article image fullscreen\" data-track-name=\"ImageFullscreen\" decoding=\"async\" loading=\"lazy\" height=\"4190\" itemprop=\"image\"  src=\"https:\/\/www.europesays.com\/no\/wp-content\/uploads\/2026\/01\/977ebf8a-ad5a-406e-aaea-358560302eef.jpeg\"  style=\"object-position:0% 0%\" width=\"6285\"\/>Colombias president, Gustavo Petro.   Foto: LUIS ACOSTA \/ AFP \/ NTB<\/p>\n<p class=\"_paragraph_o9xde_4 _paragraph_xtcu6_10 layout-component text-serif-m layout-normal text-serif-m layout-padded\">\u2013 Hva med uttalelsene til Trump om Cuba og Colombia? Vil Norge respondere tydeligere p\u00e5 det? <\/p>\n<p class=\"_paragraph_o9xde_4 _paragraph_xtcu6_10 layout-component text-serif-m layout-normal text-serif-m layout-padded\">\u2013 Her er det ikke brukt eller direkte truet med bruk av makt. Det vi ser her er nok en tydeliggj\u00f8ring av den <a href=\"https:\/\/www.vg.no\/nyheter\/i\/WvLveQ\/eide-om-usas-sikkerhetsstrategi-kraftig-kost\" data-track-element-type=\"Link\" data-track-id=\"link:WvLveQ\" class=\"_link_o9xde_39\" rel=\"nofollow noopener\" target=\"_blank\">amerikanske sikkerhetsstrategien<\/a>, som Trump kom med f\u00f8r jul, der det snakkes mer om amerikansk involvering p\u00e5 den vestlige halvkuleden vestlige halvkuleNord- og S\u00f8r-Amerika, sier Eide. <\/p>\n<p class=\"_paragraph_o9xde_4 _paragraph_xtcu6_10 layout-component text-serif-m layout-normal text-serif-m layout-padded\">\u2013 Men n\u00e5 har det jo skjedd et angrep mot Venezuela. Endrer det situasjonen?<\/p>\n<p class=\"_paragraph_o9xde_4 _paragraph_xtcu6_10 layout-component text-serif-m layout-normal text-serif-m layout-padded\">\u2013 Vi sier jo nettopp tydelig fra om at folkeretten m\u00e5 gjelde i alle saker, og det er et prinsipielt signal. Men det er ikke noe tvil om at det er bekymringsfullt dersom dette skulle spre om seg. <\/p>\n<p><img alt=\"Foto: Tore Kristiansen \/ VG\" class=\"_image_qp4xg_65 layout-component layout-normal\" data-fullscreen- data-track-element-type=\"Article image fullscreen\" data-track-name=\"ImageFullscreen\" decoding=\"async\" loading=\"lazy\" height=\"4000\" itemprop=\"image\"  src=\"https:\/\/www.europesays.com\/no\/wp-content\/uploads\/2026\/01\/6612adff-872e-4388-b060-50b76d356484.png\"  style=\"object-position:0% 0%\" width=\"6000\"\/>Foto: Tore Kristiansen \/ VG<\/p>\n<p class=\"_paragraph_o9xde_4 _paragraph_xtcu6_10 layout-component text-serif-m layout-normal text-serif-m layout-padded\">\u2013 I etterkant av USAs angrep i Venezuela, er det flere som ogs\u00e5 viser til <a href=\"https:\/\/www.vg.no\/nyheter\/i\/aJwQdd\/usa-angrep-venezuela-hva-betyr-det-for-groenland\" data-track-element-type=\"Link\" data-track-id=\"link:aJwQdd\" class=\"_link_o9xde_39\" rel=\"nofollow noopener\" target=\"_blank\">Trumps uttalelser om \u00e5 \u00abta over\u00bb Gr\u00f8nland<\/a>. Det er del av Danmark, som er Norges n\u00e6re naboland. Har situasjonen der endret seg, tror du?<\/p>\n<p class=\"_paragraph_o9xde_4 _paragraph_xtcu6_10 layout-component text-serif-m layout-normal text-serif-m layout-padded\">\u2013 Jeg registrerer at det er noe bekymring rundt dette i Danmark n\u00e5, og det kommer blant annet frem i danske medier. Men det er ikke noe jeg vil spekulere i. Venezuela og Gr\u00f8nland er to veldig forskjellige saker. Men la det ikke v\u00e6re noen tvil om at Norge stiller seg fullt og helt bak kongeriket Danmark, avslutter utenriksministeren. <\/p>\n<p><img alt=\"Det amerikanske konsulatet i Nuuk, Gr\u00f8nland. Trump har flere ganger tatt til orde for at han vil ta amerikansk kontroll over \u00f8ya, som tilh\u00f8rer Danmark.   Foto: JULIETTE PAVY \/ AFP \/ NTB\" class=\"_image_qp4xg_65 layout-component layout-normal\" data-fullscreen- data-track-element-type=\"Article image fullscreen\" data-track-name=\"ImageFullscreen\" decoding=\"async\" loading=\"lazy\" height=\"3149\" itemprop=\"image\"  src=\"https:\/\/www.europesays.com\/no\/wp-content\/uploads\/2026\/01\/71b6b931-1c4b-4acf-9bef-1ea37f7c1824.jpeg\"  style=\"object-position:0% 0%\" width=\"4724\"\/>Det amerikanske konsulatet i Nuuk, Gr\u00f8nland. Trump har flere ganger tatt til orde for at han vil ta amerikansk kontroll over \u00f8ya, som tilh\u00f8rer Danmark.   Foto: JULIETTE PAVY \/ AFP \/ NTB    <\/p>\n","protected":false},"excerpt":{"rendered":"Utenriksminister Eide advarer om potensielt eskalering av konflikter i Venezuela. Han kritiserer USAs angrep p\u00e5 Venezuela som brudd&hellip;\n","protected":false},"author":2,"featured_media":128891,"comment_status":"","ping_status":"","sticky":false,"template":"","format":"standard","meta":{"footnotes":""},"categories":[12],"tags":[14960,20,21,55,258,24,25,15,22,23,13,30,28,29,14,16,26,27,50,42,43,44,45],"class_list":{"0":"post-128890","1":"post","2":"type-post","3":"status-publish","4":"format-standard","5":"has-post-thumbnail","7":"category-verden","8":"tag-angrepet-mot-venezuela","9":"tag-breaking-news","10":"tag-breakingnews","11":"tag-donald-trump","12":"tag-espen-barth-eide","13":"tag-featured-news","14":"tag-featurednews","15":"tag-headlines","16":"tag-latest-news","17":"tag-latestnews","18":"tag-news","19":"tag-no","20":"tag-norge","21":"tag-norway","22":"tag-nyheter","23":"tag-overskrifter","24":"tag-top-stories","25":"tag-topstories","26":"tag-usa","27":"tag-verden","28":"tag-world","29":"tag-world-news","30":"tag-worldnews"},"share_on_mastodon":{"url":"https:\/\/pubeurope.com\/@no\/115839444145310298","error":""},"_links":{"self":[{"href":"https:\/\/www.europesays.com\/no\/wp-json\/wp\/v2\/posts\/128890","targetHints":{"allow":["GET"]}}],"collection":[{"href":"https:\/\/www.europesays.com\/no\/wp-json\/wp\/v2\/posts"}],"about":[{"href":"https:\/\/www.europesays.com\/no\/wp-json\/wp\/v2\/types\/post"}],"author":[{"embeddable":true,"href":"https:\/\/www.europesays.com\/no\/wp-json\/wp\/v2\/users\/2"}],"replies":[{"embeddable":true,"href":"https:\/\/www.europesays.com\/no\/wp-json\/wp\/v2\/comments?post=128890"}],"version-history":[{"count":0,"href":"https:\/\/www.europesays.com\/no\/wp-json\/wp\/v2\/posts\/128890\/revisions"}],"wp:featuredmedia":[{"embeddable":true,"href":"https:\/\/www.europesays.com\/no\/wp-json\/wp\/v2\/media\/128891"}],"wp:attachment":[{"href":"https:\/\/www.europesays.com\/no\/wp-json\/wp\/v2\/media?parent=128890"}],"wp:term":[{"taxonomy":"category","embeddable":true,"href":"https:\/\/www.europesays.com\/no\/wp-json\/wp\/v2\/categories?post=128890"},{"taxonomy":"post_tag","embeddable":true,"href":"https:\/\/www.europesays.com\/no\/wp-json\/wp\/v2\/tags?post=128890"}],"curies":[{"name":"wp","href":"https:\/\/api.w.org\/{rel}","templated":true}]}}