{"id":128898,"date":"2026-01-05T01:39:14","date_gmt":"2026-01-05T01:39:14","guid":{"rendered":"https:\/\/www.europesays.com\/no\/128898\/"},"modified":"2026-01-05T01:39:14","modified_gmt":"2026-01-05T01:39:14","slug":"nyheter-tyveri-to-personer-siktet-etter-tyveri","status":"publish","type":"post","link":"https:\/\/www.europesays.com\/no\/128898\/","title":{"rendered":"Nyheter, Tyveri | To personer siktet etter tyveri"},"content":{"rendered":"\n<p>\u2013 Ytterligere to personer har status som siktet i saken. Vi har p\u00e5grepet den ene av disse p\u00e5 en adresse p\u00e5 \u00c5rnes, sier oppdragsleder Ronny Mangseth i \u00d8st politidistrikt s\u00f8ndag kveld.<\/p>\n<p>Politiet er ogs\u00e5 i kontakt med den andre siktede p\u00e5 en adresse i Nes kommune.<\/p>\n<p>Natt til mandag 29. desember <a rel=\"Follow nofollow noopener\" href=\"https:\/\/www.rb.no\/nytt-innbrudd-pa-romerike-stjal-for-store-verdier\/s\/5-43-2643132\" target=\"_blank\">tok noen seg inn i Nekas sine lokaler p\u00e5 \u00c5rnes<\/a>.<\/p>\n<p>Tyven(e) skal ha f\u00e5tt med seg varmepumper og verkt\u00f8y til en verdi av 500.000-600.000 kroner.<\/p>\n<p>Siden den gang har politiet etterforsket saken bredt og <a href=\"https:\/\/www.rb.no\/pagrepet-etter-omfattende-tyveri\/s\/5-43-2646199\" rel=\"Follow nofollow noopener\" target=\"_blank\">l\u00f8rdag ble en person p\u00e5grepet i L\u00f8renskog<\/a>. Totalt er n\u00e5 tre personer siktet i saken.<\/p>\n<p>Fredag ble ti av varmepumpene funnet i en garasje i Nes. Fortsatt er det flere varmepumper som er borte, if\u00f8lge politiet.<\/p>\n<p>  <a href=\"https:\/\/www.rb.no\/5-43-2646199\" class=\"related-teaser default-story-teaser article--c-eRUmMG article--c-eRUmMG-jKCPdD-design-default article--c-eRUmMG-kpKLOW-cv\" wp_automatic_readability=\"1\" rel=\"nofollow noopener\" target=\"_blank\"><\/p>\n<p>    For abonnenter<\/p>\n<p>\n            Les ogs\u00e5<\/p>\n<p>  P\u00e5grepet etter omfattende tyveri<\/p>\n<p>  <\/a><\/p>\n<p>  <a href=\"https:\/\/www.rb.no\/5-43-2646431\" class=\"related-teaser has-image default-story-teaser article--c-eRUmMG article--c-eRUmMG-jKCPdD-design-default\" wp_automatic_readability=\"1\" rel=\"nofollow noopener\" target=\"_blank\"><\/p>\n<p>    For abonnenter<\/p>\n<p>    <img decoding=\"async\" loading=\"lazy\"  src=\"https:\/\/www.europesays.com\/no\/wp-content\/uploads\/2026\/01\/TSN_1362.JPG\" alt=\"\" class=\"brick-c-cFOWSL\" style=\"\"\/><\/p>\n<p>\n            Les ogs\u00e5<\/p>\n<p>  Innbrudd i borettslag: \u2013 Det er kjedelig<\/p>\n<p>  <\/a><\/p>\n<p>  <a href=\"https:\/\/www.rb.no\/5-43-2643260\" class=\"related-teaser has-image default-story-teaser article--c-eRUmMG article--c-eRUmMG-jKCPdD-design-default\" wp_automatic_readability=\"1\" rel=\"nofollow noopener\" target=\"_blank\"><\/p>\n<p>    For abonnenter<\/p>\n<p>    <img decoding=\"async\" loading=\"lazy\"  src=\"https:\/\/www.europesays.com\/no\/wp-content\/uploads\/2026\/01\/IMG_9114.jpg\" alt=\"\" class=\"brick-c-cFOWSL\" style=\"\"\/><\/p>\n<p>\n            Les ogs\u00e5<\/p>\n<p>  Hel\u00e9n (40) knekte koden: Raste ned 20 kilo p\u00e5 seks m\u00e5neder<\/p>\n<p>  <\/a><\/p>\n","protected":false},"excerpt":{"rendered":"\u2013 Ytterligere to personer har status som siktet i saken. Vi har p\u00e5grepet den ene av disse p\u00e5&hellip;\n","protected":false},"author":2,"featured_media":7393,"comment_status":"","ping_status":"","sticky":false,"template":"","format":"standard","meta":{"footnotes":""},"categories":[10],"tags":[36,20,21,24,25,15,22,23,2517,13,30,28,29,14,16,1510,26,27,1063,15028],"class_list":{"0":"post-128898","1":"post","2":"type-post","3":"status-publish","4":"format-standard","5":"has-post-thumbnail","7":"category-norge","8":"tag-art","9":"tag-breaking-news","10":"tag-breakingnews","11":"tag-featured-news","12":"tag-featurednews","13":"tag-headlines","14":"tag-latest-news","15":"tag-latestnews","16":"tag-nes","17":"tag-news","18":"tag-no","19":"tag-norge","20":"tag-norway","21":"tag-nyheter","22":"tag-overskrifter","23":"tag-story","24":"tag-top-stories","25":"tag-topstories","26":"tag-tyveri","27":"tag-varmepumpe"},"share_on_mastodon":{"url":"https:\/\/pubeurope.com\/@no\/115839943479291227","error":""},"_links":{"self":[{"href":"https:\/\/www.europesays.com\/no\/wp-json\/wp\/v2\/posts\/128898","targetHints":{"allow":["GET"]}}],"collection":[{"href":"https:\/\/www.europesays.com\/no\/wp-json\/wp\/v2\/posts"}],"about":[{"href":"https:\/\/www.europesays.com\/no\/wp-json\/wp\/v2\/types\/post"}],"author":[{"embeddable":true,"href":"https:\/\/www.europesays.com\/no\/wp-json\/wp\/v2\/users\/2"}],"replies":[{"embeddable":true,"href":"https:\/\/www.europesays.com\/no\/wp-json\/wp\/v2\/comments?post=128898"}],"version-history":[{"count":0,"href":"https:\/\/www.europesays.com\/no\/wp-json\/wp\/v2\/posts\/128898\/revisions"}],"wp:featuredmedia":[{"embeddable":true,"href":"https:\/\/www.europesays.com\/no\/wp-json\/wp\/v2\/media\/7393"}],"wp:attachment":[{"href":"https:\/\/www.europesays.com\/no\/wp-json\/wp\/v2\/media?parent=128898"}],"wp:term":[{"taxonomy":"category","embeddable":true,"href":"https:\/\/www.europesays.com\/no\/wp-json\/wp\/v2\/categories?post=128898"},{"taxonomy":"post_tag","embeddable":true,"href":"https:\/\/www.europesays.com\/no\/wp-json\/wp\/v2\/tags?post=128898"}],"curies":[{"name":"wp","href":"https:\/\/api.w.org\/{rel}","templated":true}]}}