{"id":128910,"date":"2026-01-05T02:00:15","date_gmt":"2026-01-05T02:00:15","guid":{"rendered":"https:\/\/www.europesays.com\/no\/128910\/"},"modified":"2026-01-05T02:00:15","modified_gmt":"2026-01-05T02:00:15","slug":"sauda-politi-haerverk-i-sauda-sentrum","status":"publish","type":"post","link":"https:\/\/www.europesays.com\/no\/128910\/","title":{"rendered":"Sauda, Politi | H\u00e6rverk i Sauda sentrum"},"content":{"rendered":"\n<p><b>SAUDA: <\/b>S\u00f8ndag ettermiddag fikk politiet tips om at det var en person som hadde tagget p\u00e5 Ryfylke Avis sine lokaler i R\u00e5dhusgata i Sauda.<\/p>\n<p>En patrulje kom i kontakt med personen p\u00e5 stedet, og mannen skal ha blitt avh\u00f8rt. Han erkjenner de faktiske forholdene, sier politistasjonssjef Thomas Wahl i Sauda.<\/p>\n<p>Politiet skal ha kjennskap til mannen fra f\u00f8r.<\/p>\n<p>Folkets hus og R\u00e5dhuset har ogs\u00e5 ha blitt utsatt tagget p\u00e5 i l\u00f8pet av de siste dagene. <\/p>\n<p>Mannen ble bortvist fra sentrum til mandag kveld.<\/p>\n","protected":false},"excerpt":{"rendered":"SAUDA: S\u00f8ndag ettermiddag fikk politiet tips om at det var en person som hadde tagget p\u00e5 Ryfylke Avis&hellip;\n","protected":false},"author":2,"featured_media":23205,"comment_status":"","ping_status":"","sticky":false,"template":"","format":"standard","meta":{"footnotes":""},"categories":[10],"tags":[36,20,21,24,25,2758,15,22,23,13,30,28,29,14,16,254,4269,1510,26,27],"class_list":{"0":"post-128910","1":"post","2":"type-post","3":"status-publish","4":"format-standard","5":"has-post-thumbnail","7":"category-norge","8":"tag-art","9":"tag-breaking-news","10":"tag-breakingnews","11":"tag-featured-news","12":"tag-featurednews","13":"tag-haerverk","14":"tag-headlines","15":"tag-latest-news","16":"tag-latestnews","17":"tag-news","18":"tag-no","19":"tag-norge","20":"tag-norway","21":"tag-nyheter","22":"tag-overskrifter","23":"tag-politi","24":"tag-sauda","25":"tag-story","26":"tag-top-stories","27":"tag-topstories"},"share_on_mastodon":{"url":"https:\/\/pubeurope.com\/@no\/115840026103693035","error":""},"_links":{"self":[{"href":"https:\/\/www.europesays.com\/no\/wp-json\/wp\/v2\/posts\/128910","targetHints":{"allow":["GET"]}}],"collection":[{"href":"https:\/\/www.europesays.com\/no\/wp-json\/wp\/v2\/posts"}],"about":[{"href":"https:\/\/www.europesays.com\/no\/wp-json\/wp\/v2\/types\/post"}],"author":[{"embeddable":true,"href":"https:\/\/www.europesays.com\/no\/wp-json\/wp\/v2\/users\/2"}],"replies":[{"embeddable":true,"href":"https:\/\/www.europesays.com\/no\/wp-json\/wp\/v2\/comments?post=128910"}],"version-history":[{"count":0,"href":"https:\/\/www.europesays.com\/no\/wp-json\/wp\/v2\/posts\/128910\/revisions"}],"wp:featuredmedia":[{"embeddable":true,"href":"https:\/\/www.europesays.com\/no\/wp-json\/wp\/v2\/media\/23205"}],"wp:attachment":[{"href":"https:\/\/www.europesays.com\/no\/wp-json\/wp\/v2\/media?parent=128910"}],"wp:term":[{"taxonomy":"category","embeddable":true,"href":"https:\/\/www.europesays.com\/no\/wp-json\/wp\/v2\/categories?post=128910"},{"taxonomy":"post_tag","embeddable":true,"href":"https:\/\/www.europesays.com\/no\/wp-json\/wp\/v2\/tags?post=128910"}],"curies":[{"name":"wp","href":"https:\/\/api.w.org\/{rel}","templated":true}]}}