{"id":128923,"date":"2026-01-05T02:16:33","date_gmt":"2026-01-05T02:16:33","guid":{"rendered":"https:\/\/www.europesays.com\/no\/128923\/"},"modified":"2026-01-05T02:16:33","modified_gmt":"2026-01-05T02:16:33","slug":"tour-de-ski-jessie-diggins-3","status":"publish","type":"post","link":"https:\/\/www.europesays.com\/no\/128923\/","title":{"rendered":"Tour de Ski, Jessie Diggins"},"content":{"rendered":"<p> (<a href=\"https:\/\/www.nettavisen.no\" rel=\"nofollow noopener\" target=\"_blank\">Nettavisen<\/a>) <\/p>\n<p>   <img decoding=\"async\" width=\"1500\" height=\"440\" fetchpriority=\"low\"  loading=\"lazy\"  src=\"https:\/\/www.europesays.com\/no\/wp-content\/uploads\/2026\/01\/1767579392_334_tour+de+ski+byline+simen+l%C3%B8nning+sjur+tveito.jpg\" alt=\"\" class=\"brick-c-cFOWSL\" style=\"--brick-image-ratio: 1500 \/ 440;\"\/><\/p>\n<p>VAL DI FIEMME\/OSLO (Nettavisen): De skulle mye til om Jessie Diggins ikke satt igjen med sammenlagtseieren i Tour de Ski etter s\u00f8ndagens avsluttende etappe opp monsterbakken, og amerikaneren leverte opp under forventningene.<\/p>\n<p>Diggins ledet med 1 minutt og 19 sekunder ned til finske Jasmi Joensuu f\u00f8r finaleetappen. Til slutt vant amerikaneren med over to minutter ned til Teresa Stadlober p\u00e5 2.-plass.<\/p>\n<p><b>Les ogs\u00e5: <a href=\"https:\/\/www.nettavisen.no\/sport\/iversen-klokkeklar-om-ol-sjefen-nekter-a-svare\/s\/5-95-2806593\" rel=\"Follow nofollow noopener\" target=\"_blank\">Iversen klokkeklar om OL \u2013 ledelsen nekter \u00e5 svare<\/a><\/b><\/p>\n<p>Johaug med OL-beskjed<\/p>\n<p>Langt mer spennende var kampen om pallplassene, og selve kampen om etappeseieren.<\/p>\n<p>Norske Karoline Simpson-Larsen var raskest opp bakken, og h\u00f8ster store ord fra selve dronningen av monsterbakken, Therese Johaug.<\/p>\n<p>\u2013 Jeg er ikke overrasket over at hun g\u00e5r fort, men jeg er mektig imponert over at hun vant, sier Johaug i Viaplay-studioet.<\/p>\n<p><b>Les ogs\u00e5: <a href=\"https:\/\/www.nettavisen.no\/sport\/simen-hegstad-kr-ger-med-tydelige-smerter-i-tour-de-ski-finalen\/s\/5-95-2806596\" rel=\"Follow nofollow noopener\" target=\"_blank\">Kr\u00fcger med tydelige smerter<\/a><\/b><\/p>\n<p>Resultatet var s\u00e5pass imponerende at Johaug valgte \u00e5 sl\u00e5 fast at Simpson-Larsen b\u00f8r v\u00e6re med n\u00e5r OL-troppen tas ut.<\/p>\n<p>\u2013 Det hun har levert i touren, selv om l\u00f8ypene der ikke var skreddersydd for henne, gj\u00f8r at jeg fort tror at Karoline kan g\u00e5 fort i OL, sier Johaug, f\u00f8r hun sl\u00e5r fast:<\/p>\n<p>\u2013 Jeg mener Karoline er klar for \u00e5 g\u00e5 i OL.<\/p>\n<p>Forventet ikke \u00e5 vinne<\/p>\n<p>Det var en str\u00e5lende blid Simpson-Larsen som m\u00f8tte pressen etter seieren.<\/p>\n<p>\u2013 Det var g\u00f8y! sier hun til Nettavisen etter triumfen.<\/p>\n<p>28-\u00e5ringen hadde ikke sett for seg at hun skulle v\u00e6re f\u00f8rst opp monsterbakken.<\/p>\n<p>\u2013 Jeg hadde ikke trodd det, men jeg har f\u00e5tt s\u00e5 mange meldinger fra andre som har hatt troa p\u00e5 meg opp her. Men jeg hadde egentlig ikke troa p\u00e5 meg selv opp her i dag, nei, sier Vargar IL-l\u00f8peren.<\/p>\n<p>I et intervju med Viaplay klarte hun ikke \u00e5 holde t\u00e5rene tilbake.<\/p>\n<p>\u2013 Det er rart, for Sivert (Bakken) sa til meg dagen f\u00f8r (han d\u00f8de) at han hadde troen p\u00e5 meg. Og at han burde v\u00e6rt her \u00e5 se p\u00e5, han og Johan-Olav [Botn, samboer, red.anm]. Det betyr ganske mye, sier Simpson-Larsen til Viaplay.<\/p>\n<p>   <img decoding=\"async\" width=\"3191\" height=\"2134\" fetchpriority=\"low\"  loading=\"lazy\"  src=\"https:\/\/www.europesays.com\/no\/wp-content\/uploads\/2026\/01\/oSXLt4EkyKc.jpg\" alt=\"Alpe Cermis, Italia 20260104. &#10;Karoline Simpson-Larsen etter siste etappe opp \" monsterbakken=\"\" i=\"\" alpe=\"\" zermis=\"\" val=\"\" di=\"\" fiemme.=\"\" foto:=\"\" terje=\"\" pedersen=\"\" ntb=\"\" class=\"brick-c-cFOWSL\" style=\"--brick-image-ratio: 3191 \/ 2134;\"\/><\/p>\n<p>      Alpe Cermis, Italia 20260104.<br \/>\nKaroline Simpson-Larsen etter siste etappe opp &#8216;monsterbakken&#8217; i Alpe Zermis i Val di Fiemme.<br \/>\nFoto: Terje Pedersen \/ NTB<br \/>\n      Foto: Terje Pedersen\n    <\/p>\n<p>  Weng ville trekke seg<\/p>\n<p>Simpson-Larsen og Heidi Weng \u00e5pnet en luke ned til resten av feltet f\u00f8r de siste hundre meterne. Rett f\u00f8r oppl\u00f8pet rykket sistnevnte fra og sikret etappeseier, hele \u00e5tte sekunder foran Jessie Diggins.<\/p>\n<p>Heidi Weng kjempet lenge om b\u00e5de etappeseier og andreplass i sammendraget, men m\u00e5tte til slutt ta til takke med 3.-plass i begge.<\/p>\n<p>Det til tross for at hun \u00f8nsket \u00e5 trekke seg tidligere i touren:<\/p>\n<p>\u2013 Jeg var egentlig p\u00e5 vei hjem f\u00f8r starten i 10 kilometer klassisk, men ble overtalt til \u00e5 fortsette, og er glad for det n\u00e5, sier Weng til Nettavisen.<\/p>\n<p>\u2013 Hvorfor ville du trekke deg?<\/p>\n<p>\u2013 Det var s\u00e5nn det var. Men jeg er glad for at jeg ikke gjorde det og stilte til start n\u00e5.<\/p>\n<p>\u2013 Hvem overtalte deg?<\/p>\n<p>\u2013 Jeg tror det var Ove Feragen [landslagslegen] som gjorde det, forteller Weng.<\/p>\n<p>Landslagslegen forklarer at det ikke dreide seg om noen skade, men at hun rett og slett f\u00f8lte seg litt sliten.<\/p>\n<p>\u2013 Heidi har ofte lyst til \u00e5 reise hjem underveis. Det ble litt tungt i starten, men vi kjenner hverandre ganske godt, s\u00e5 da sa jeg at vi skulle pr\u00f8ve en dag av gangen, forteller han til Nettavisen, f\u00f8r han avkrefter at det ikke var snakk om noen skade.<\/p>\n","protected":false},"excerpt":{"rendered":"(Nettavisen) VAL DI FIEMME\/OSLO (Nettavisen): De skulle mye til om Jessie Diggins ikke satt igjen med sammenlagtseieren i&hellip;\n","protected":false},"author":2,"featured_media":128643,"comment_status":"","ping_status":"","sticky":false,"template":"","format":"standard","meta":{"footnotes":""},"categories":[59],"tags":[36,11925,398,15029,30,28,29,83,82,1510,12662],"class_list":{"0":"post-128923","1":"post","2":"type-post","3":"status-publish","4":"format-standard","5":"has-post-thumbnail","7":"category-sport","8":"tag-art","9":"tag-jessie-diggins","10":"tag-langrenn","11":"tag-monsterbakken-opp","12":"tag-no","13":"tag-norge","14":"tag-norway","15":"tag-sport","16":"tag-sports","17":"tag-story","18":"tag-tour-de-ski"},"share_on_mastodon":{"url":"https:\/\/pubeurope.com\/@no\/115840089009481296","error":""},"_links":{"self":[{"href":"https:\/\/www.europesays.com\/no\/wp-json\/wp\/v2\/posts\/128923","targetHints":{"allow":["GET"]}}],"collection":[{"href":"https:\/\/www.europesays.com\/no\/wp-json\/wp\/v2\/posts"}],"about":[{"href":"https:\/\/www.europesays.com\/no\/wp-json\/wp\/v2\/types\/post"}],"author":[{"embeddable":true,"href":"https:\/\/www.europesays.com\/no\/wp-json\/wp\/v2\/users\/2"}],"replies":[{"embeddable":true,"href":"https:\/\/www.europesays.com\/no\/wp-json\/wp\/v2\/comments?post=128923"}],"version-history":[{"count":0,"href":"https:\/\/www.europesays.com\/no\/wp-json\/wp\/v2\/posts\/128923\/revisions"}],"wp:featuredmedia":[{"embeddable":true,"href":"https:\/\/www.europesays.com\/no\/wp-json\/wp\/v2\/media\/128643"}],"wp:attachment":[{"href":"https:\/\/www.europesays.com\/no\/wp-json\/wp\/v2\/media?parent=128923"}],"wp:term":[{"taxonomy":"category","embeddable":true,"href":"https:\/\/www.europesays.com\/no\/wp-json\/wp\/v2\/categories?post=128923"},{"taxonomy":"post_tag","embeddable":true,"href":"https:\/\/www.europesays.com\/no\/wp-json\/wp\/v2\/tags?post=128923"}],"curies":[{"name":"wp","href":"https:\/\/api.w.org\/{rel}","templated":true}]}}