{"id":128924,"date":"2026-01-05T02:20:16","date_gmt":"2026-01-05T02:20:16","guid":{"rendered":"https:\/\/www.europesays.com\/no\/128924\/"},"modified":"2026-01-05T02:20:16","modified_gmt":"2026-01-05T02:20:16","slug":"vil-ikke-gjore-det-lenge","status":"publish","type":"post","link":"https:\/\/www.europesays.com\/no\/128924\/","title":{"rendered":"&#8211; Vil ikke gj\u00f8re det lenge"},"content":{"rendered":"<p class=\"font-weight-bold m-font-weight-bold\" data-lab-font_weight=\"font-weight-bold\">SISTE:\u00a0St\u00f8re om Gr\u00f8nland: Norge stiller seg fullt og helt bak Kongeriket Danmark<\/p>\n<p class=\"font-weight-normal m-font-weight-normal\" data-lab-font_weight=\"font-weight-normal\">&#8211; Gr\u00f8nland er en del av Kongeriket Danmark, sier statsminister Jonas Gahr St\u00f8re (Ap). Han opplyser at Norge stiller seg fullt og helt bak Danmark<\/p>\n<p>&#8211;\u00a0\u00a0Vi trenger absolutt Gr\u00f8nland.\u00a0<\/p>\n<p>Ordene falt under et telefonintervju med magasinet <a href=\"https:\/\/www.theatlantic.com\/national-security\/2026\/01\/trump-venezuela-maduro-delcy-rodriguez\/685497\/\" target=\"_blank\" rel=\"nofollow noopener\">The Atlantic<\/a> s\u00f8ndag morgen lokal tid. Donald Trump var p\u00e5 golfbanen da han gjorde det klart at Venezuela, som ble utsatt for <a href=\"https:\/\/www.dagbladet.no\/nyheter\/maduro-tatt-til-fange-og-tiltalt\/84050231\" target=\"_blank\" rel=\"nofollow noopener\">milit\u00e6re angrep fra USA l\u00f8rdag<\/a>, kanskje ikke er det siste landet som blir gjenstand for amerikansk innblanding, skriver magasinet.\u00a0<\/p>\n<p>I intervjuet sa Trump videre at Gr\u00f8nland, som\u00a0er en del av Danmark, som igjen er en Nato-alliert, er \u00abomringet av russiske og kinesiske skip\u00bb. <\/p>\n<p>    <a itemprop=\"url\" href=\"https:\/\/www.dagbladet.no\/nyheter\/truer-visepresidenten\/84054184\" rel=\"nofollow noopener\" target=\"_blank\"><\/p>\n<p>        <img loading=\"lazy\" decoding=\"async\" src=\"https:\/\/www.europesays.com\/no\/wp-content\/uploads\/2026\/01\/1767579610_238_84054191.webp.webp\" width=\"980\" height=\"441\" title=\"Truer visepresidenten\" alt=\"\" class=\"lazyload\" style=\"--aspect-ratio-image: 2.22; \"\/><\/p>\n<p>        Truer visepresidenten<\/p>\n<p>    <\/a><\/p>\n<p>S\u00f8ndag kveld kommer Danmarks statsminister Mette Frederiksen med en \u00abkraftig oppfordring\u00bb til USA om \u00e5 stoppe truslene mot en historisk tett alliert, og \u00abmot et land og et folk som har sagt meget klart fra at de ikke er til salgs\u00bb.\u00a0<\/p>\n<p>&#8211; Det gir absolutt ingen mening \u00e5 snakke om at det skulle v\u00e6re n\u00f8dvendig for USA \u00e5 overta Gr\u00f8nland, sier hun til dansk <a href=\"https:\/\/nyheder.tv2.dk\/live\/2025-01-06-kampen-om-groenlands-fremtid\" target=\"_blank\" rel=\"nofollow noopener\">TV 2<\/a>.\u00a0<\/p>\n<p>Den danske statsministeren understreker samtidig at Gr\u00f8nland er en del av Nato, og dermed ogs\u00e5 omfattet av alliansens sikkerhetsgaranti.<\/p>\n<p>        <img loading=\"lazy\" decoding=\"async\" src=\"https:\/\/www.europesays.com\/no\/wp-content\/uploads\/2026\/01\/1767579611_897_84054702.webp.webp\" width=\"667\" height=\"381\" title=\"BER TRUMP SLUTTE: Danmarks statsminister Mette Frederiksen kom med klar tale til Donald Trump s\u00f8ndag kveld, etter at han nok en gang ytret et \u00f8nske om Gr\u00f8nland. Foto: Mads Claus Rasmussen \/ Ritzau Scanpix \/ NTB\" alt=\"\" class=\"\" style=\"--aspect-ratio-image: 1.75; \"\/><\/p>\n<p>\n        BER TRUMP SLUTTE: Danmarks statsminister Mette Frederiksen kom med klar tale til Donald Trump s\u00f8ndag kveld, etter at han nok en gang ytret et \u00f8nske om Gr\u00f8nland. Foto: Mads Claus Rasmussen \/ Ritzau Scanpix \/ NTB\n    <\/p>\n<p>&#8211; Jeg er n\u00f8dt til \u00e5 si dette veldig direkte til USA.\u00a0USA har ingen rett til \u00e5 annektere ett av de tre landene i Riksfellesskapet, sier Frederiksen, if\u00f8lge <a href=\"https:\/\/ekstrabladet.dk\/nyheder\/politik\/danskpolitik\/mette-frederiksen-opfordrer-usa-til-at-stoppe-trusler\/11055649\" target=\"_blank\" rel=\"nofollow noopener\">Ekstra Bladet<\/a>.\u00a0<\/p>\n<p> Den danske politikeren Sascha Faxe, som sitter p\u00e5 Folketinget for partiet Alternativet, er dypt bekymret etter Trumps uttalelse.<\/p>\n<p>I en post p\u00e5 X ber hun Danmark om \u00e5 umiddelbart ta grep:<\/p>\n<p>\u00abI kj\u00f8lvannet av g\u00e5rsdagens behandling av Venezuela er denne uttalelsen fra Trump dypt foruroligende. Han har bevist at han er villig til \u00e5 krenke suverenitet og internasjonale avtaler med makt for \u00e5 f\u00e5 det han vil. Vi m\u00e5 sammen med Gr\u00f8nland si tydelig ifra n\u00e5!\u00bb.\u00a0<\/p>\n<p>        USAs visepresident J.D. Vance og kona har landet p\u00e5 gr\u00f8nlandsk jord. &#8211; Jeg er glad for \u00e5 v\u00e6re her, sa han idet han ankom basen. Video: AP \/ Reuters<\/p>\n<p>&#8211; Uh\u00f8rt<\/p>\n<p>&#8211; Jeg anser det ikke som sannsynlig, men man kan ikke utelukke at USA vil g\u00e5 inn i Gr\u00f8nland. Men jeg tror det er mest realistisk \u00e5 se p\u00e5 dette som et press mot Danmark om forhandlinger.\u00a0<\/p>\n<p>Det sier Eirik L\u00f8kke, USA-ekspert og r\u00e5dgiver i tankesmien Civita. Han mener Trumps utspill er uh\u00f8rt.<\/p>\n<p>&#8211; Det er uh\u00f8rt av USA \u00e5 true en s\u00e5 viktig og n\u00e6r alliert som Danmark. Det virker som at Trump bare vil surfe videre p\u00e5 det han mener er suksessen sin i Venezuela.<\/p>\n<p>    <a itemprop=\"url\" href=\"https:\/\/borsen.dagbladet.no\/nyheter\/skremmer-meg-mer-enn-noe-annet\/84051466\" rel=\"nofollow noopener\" target=\"_blank\"><\/p>\n<p>        <img loading=\"lazy\" decoding=\"async\" src=\"https:\/\/www.europesays.com\/no\/wp-content\/uploads\/2026\/01\/1767579611_632_84052278.webp.webp\" width=\"980\" height=\"441\" title=\"- Skremmer meg mer enn noe annet\" alt=\"\" class=\"lazyload\" style=\"--aspect-ratio-image: 2.22; \"\/><\/p>\n<p>        &#8211; Skremmer meg mer enn noe annet<\/p>\n<p>    <\/a><\/p>\n<p class=\"italic m-italic\" data-lab-italic=\"italic\">&#8211; Hva kommer Danmark til \u00e5 gj\u00f8re n\u00e5?\u00a0<\/p>\n<p>&#8211; De kommer til \u00e5 sl\u00e5 fast at dette er helt uaktuelt. N\u00e5 m\u00e5 Europa st\u00f8tte Danmark fullt og helt.<\/p>\n<p>Dansk <a href=\"https:\/\/nyheder.tv2.dk\/live\/2025-01-06-kampen-om-groenlands-fremtid\" target=\"_blank\" rel=\"nofollow noopener\">TV 2<\/a>s utenrikskorrespondent,\u00a0Jesper Steinmetz, mener timingen for Trumps nye Gr\u00f8nland-utspill er oppsiktsvekkende.\u00a0<\/p>\n<p>&#8211; At denne uttalelsen kommer fra presidenten dagen etter at man har tatt Venezuelas president til fange gj\u00f8r at det er grunn til \u00e5 sperre opp \u00f8ynene, sier han.\u00a0<\/p>\n<p>Ogs\u00e5 politisk analytiker i den danske avisa <a href=\"https:\/\/www.bt.dk\/politik\/qvortrup-advarer-efter-opsigtsvaekkende-udmelding-trump-har-faaet-blod-paa-tanden\" target=\"_blank\" rel=\"nofollow noopener\">B.T.<\/a>, Henrik Qvortrup, mener Trumps uttalelser m\u00e5 tas meget alvorlig.\u00a0<\/p>\n<p>&#8211;\u00a0 Vi er oppe p\u00e5 en skala her, som jeg aldri har opplevd tidligere. Det er jo tross alt ikke hverdagskost at vi er p\u00e5 kollisjonskurs med USA, sier han.\u00a0<\/p>\n<p>        <img loading=\"lazy\" decoding=\"async\" src=\"https:\/\/www.europesays.com\/no\/wp-content\/uploads\/2026\/01\/1767579612_601_84054710.webp.webp\" width=\"980\" height=\"559\" title=\"P\u00c5 BES\u00d8K: USAs visepresident JD. Vance var p\u00e5 et omstridt bes\u00f8k til Gr\u00f8nland i mars i fjor. Foto: Jim Watson \/ Reuters \/ NTB\" alt=\"\" class=\"\" style=\"--aspect-ratio-image: 1.75; \"\/><\/p>\n<p>\n        P\u00c5 BES\u00d8K: USAs visepresident JD. Vance var p\u00e5 et omstridt bes\u00f8k til Gr\u00f8nland i mars i fjor. Foto: Jim Watson \/ Reuters \/ NTB\n    <\/p>\n<p>Norges utenriksminister Espen Barth Eide sier i et intervju med <a href=\"https:\/\/www.nrk.no\/nyheter\/\" target=\"_blank\" rel=\"nofollow noopener\">NRK <\/a>at Trumps utspill viser at det er viktig \u00e5 st\u00e5 opp for grunnprinsippene.\u00a0<\/p>\n<p>&#8211;\u00a0\u00a0Man m\u00e5 respektere lands suverenitet. Norge som alle andre europeiske land stiller seg solidarisk bak kongeriket Danmark. <\/p>\n<p>USA-ekspert Hilmar Mjelde sa l\u00f8rdag til Dagbladet at hendelsen i Venezuela ogs\u00e5 har <a href=\"https:\/\/www.dagbladet.no\/nyheter\/farligere-for-oss-i-norge-ogsa-na\/84051880\" target=\"_blank\" rel=\"nofollow noopener\">\u00abgjort det farligere for oss i Norge\u00bb<\/a>.\u00a0<\/p>\n<p>&#8211;\u00a0\u00a0Dette er en sikkerhetspolitisk kjempeutfordring for oss Natoland, og kanskje er det ingen som bekymrer seg mer enn Danmark, med tanke p\u00e5 Gr\u00f8nland, sa Mjelde. <\/p>\n<p>    <a itemprop=\"url\" href=\"https:\/\/www.dagbladet.no\/nyheter\/fokuset-er-pa-ham\/84052547\" rel=\"nofollow noopener\" target=\"_blank\"><\/p>\n<p>        <img loading=\"lazy\" decoding=\"async\" src=\"https:\/\/www.europesays.com\/no\/wp-content\/uploads\/2026\/01\/1767579613_700_84052640.webp.webp\" width=\"980\" height=\"441\" title=\"- Fokuset er p\u00e5 ham\" alt=\"\" class=\"lazyload\" style=\"--aspect-ratio-image: 2.22; \"\/><\/p>\n<p>        &#8211; Fokuset er p\u00e5 ham<\/p>\n<p>    <\/a><\/p>\n<p>Trusler<\/p>\n<p>USA gjennomf\u00f8rte l\u00f8rdag angrep mot blant annet Venezuelas hovedstad Caracas, og fanget landets presidentpar. Nicolas Maduro og kona sitter n\u00e5 i varetekt i USA i p\u00e5vente av \u00e5 stilles for retten for blant annet narkotikaforbrytelser.\u00a0<\/p>\n<p>P\u00e5 en pressekonferanse l\u00f8rdag sa Trump at USA vil styre landet \u00abinntil videre\u00bb.\u00a0<\/p>\n<p>I intervjuet med The Atlantic s\u00f8ndag kom Trump ogs\u00e5 med <a href=\"https:\/\/www.dagbladet.no\/nyheter\/truer-visepresidenten\/84054184\" target=\"_blank\" rel=\"nofollow noopener\">trusler rettet mot Venezuelas fungerende president<\/a>\u00a0Delcy Rodr\u00edguez, og sa at hun kan m\u00e5tte betale en h\u00f8yere pris enn Maduro, dersom hun \u00abikke gj\u00f8r det som er riktig\u00bb.\u00a0<\/p>\n<p>        <img loading=\"lazy\" decoding=\"async\" src=\"https:\/\/www.europesays.com\/no\/wp-content\/uploads\/2026\/01\/1767579614_107_84054714.webp.webp\" width=\"980\" height=\"559\" title=\"REAKSJONJER: 22. desember ble Jeff Landry utnevnt som spesialutsending til Gr\u00f8nland av Donald Trump. Utnevnelsen f\u00f8rte til kraftige protester fra Danmark og andre land. Foto: Gerald Herbert \/ AP \/ NTB\" alt=\"\" class=\"\" style=\"--aspect-ratio-image: 1.75; \"\/><\/p>\n<p>\n        REAKSJONJER: 22. desember ble Jeff Landry utnevnt som spesialutsending til Gr\u00f8nland av Donald Trump. Utnevnelsen f\u00f8rte til kraftige protester fra Danmark og andre land. Foto: Gerald Herbert \/ AP \/ NTB\n    <\/p>\n<p>Trumps \u00f8nske om Gr\u00f8nland skapte overskrifter ogs\u00e5 tidligere s\u00f8ndag, da Trumps tidligere assisterende pressesekret\u00e6r delte et\u00a0<a href=\"https:\/\/www.dagbladet.no\/nyheter\/snart\/84052574\" target=\"_blank\" rel=\"nofollow noopener\">bilde av Gr\u00f8nland dekket av det amerikanske flagget<\/a>. Til bildet hadde hun skrevet \u00abSnart\u00bb.\u00a0<\/p>\n<p>Om bildet sa Gr\u00f8nlands regjeringssjef tidligere s\u00f8ndag at det ikke er grunn til verken \u00abpanikk eller utrygghet\u00bb, skriver NTB.\u00a0<\/p>\n<p>&#8211; Det bildet som Katie Miller har delt, der Gr\u00f8nland fremstilles sv\u00f8pt i et amerikansk flagg, endrer ikke p\u00e5 noe som helst. V\u00e5rt Land er ikke til salgs, og v\u00e5r fremtid avgj\u00f8res ikke av oppslag i sosiale medier. Men bildet er respektl\u00f8st, skriver han.<\/p>\n<p>        <img loading=\"lazy\" decoding=\"async\" src=\"https:\/\/www.europesays.com\/no\/wp-content\/uploads\/2026\/01\/1767579615_324_84054705.webp.webp\" width=\"980\" height=\"559\" title=\"- RESPEKTL\u00d8ST: Danmarks statsminister Mette Frederiksen sammen med Gr\u00f8nlands regjeringssjef Jens-Frederik Nielsen under et m\u00f8te i april i fjor. Begge reagerer kraftig p\u00e5 nye amerikanske utspill om Gr\u00f8nland. Foto: Mads Claus Rasmussen\/Ritzau Scanpix via AP \/ NTB\" alt=\"\" class=\"\" style=\"--aspect-ratio-image: 1.75; \"\/><\/p>\n<p>\n        &#8211; RESPEKTL\u00d8ST: Danmarks statsminister Mette Frederiksen sammen med Gr\u00f8nlands regjeringssjef Jens-Frederik Nielsen under et m\u00f8te i april i fjor. Begge reagerer kraftig p\u00e5 nye amerikanske utspill om Gr\u00f8nland. Foto: Mads Claus Rasmussen\/Ritzau Scanpix via AP \/ NTB\n    <\/p>\n<p>Har ikke utelukket milit\u00e6remakt<\/p>\n<p>Trump har lenge ytret et \u00f8nske om \u00e5 kunne kalle Gr\u00f8nland for amerikansk territorium, og har sagt at det er n\u00f8dvendig av hensyn til USAs sikkerhet.\u00a0<\/p>\n<p>Rett f\u00f8r jul utnevnte han ogs\u00e5 en spesialutsending til Gr\u00f8nland, som av mange ble tolket som en ytterligere provokasjon.\u00a0<\/p>\n<p>    <a itemprop=\"url\" href=\"https:\/\/www.dagbladet.no\/nyheter\/snart\/84052574\" rel=\"nofollow noopener\" target=\"_blank\"><\/p>\n<p>        <img loading=\"lazy\" decoding=\"async\" src=\"https:\/\/www.europesays.com\/no\/wp-content\/uploads\/2026\/01\/1767579616_147_84052587.webp.webp\" width=\"980\" height=\"441\" title=\"\u00abSnart\u00bb\" alt=\"\" class=\"lazyload\" style=\"--aspect-ratio-image: 2.22; \"\/><\/p>\n<p>        \u00abSnart\u00bb<\/p>\n<p>    <\/a><\/p>\n<p>Trump\u00a0har ikke utelukket bruk av milit\u00e6rmakt for at USA skal f\u00e5 kontroll over\u00a0Gr\u00f8nland, men i mai\u00a0<a href=\"https:\/\/www.forsvaretsforum.no\/donald-trump-gronland-trump\/trump-er-apen-for-militaermakt-for-a-fa-gronland\/435808\" target=\"_blank\" rel=\"nofollow noopener\">sa han<\/a>\u00a0at han trodde det var sv\u00e6rt usannsynlig at det ville bli aktuelt.<\/p>\n<p>USA har tung tilstedev\u00e6relse og en milit\u00e6rbase p\u00e5\u00a0Gr\u00f8nland.<\/p>\n<p>B\u00e5de regjeringen p\u00e5 Gr\u00f8nland og den danske regjeringen har gjentatte ganger gjort det klart at Gr\u00f8nland ikke er til salgs.\u00a0<\/p>\n","protected":false},"excerpt":{"rendered":"SISTE:\u00a0St\u00f8re om Gr\u00f8nland: Norge stiller seg fullt og helt bak Kongeriket Danmark &#8211; Gr\u00f8nland er en del av&hellip;\n","protected":false},"author":2,"featured_media":128900,"comment_status":"","ping_status":"","sticky":false,"template":"","format":"standard","meta":{"footnotes":""},"categories":[12],"tags":[20,21,24,25,15,22,23,13,30,28,29,14,16,26,27,412,42,43,44,45],"class_list":{"0":"post-128924","1":"post","2":"type-post","3":"status-publish","4":"format-standard","5":"has-post-thumbnail","7":"category-verden","8":"tag-breaking-news","9":"tag-breakingnews","10":"tag-featured-news","11":"tag-featurednews","12":"tag-headlines","13":"tag-latest-news","14":"tag-latestnews","15":"tag-news","16":"tag-no","17":"tag-norge","18":"tag-norway","19":"tag-nyheter","20":"tag-overskrifter","21":"tag-top-stories","22":"tag-topstories","23":"tag-utenriks","24":"tag-verden","25":"tag-world","26":"tag-world-news","27":"tag-worldnews"},"share_on_mastodon":{"url":"https:\/\/pubeurope.com\/@no\/115840104828102768","error":""},"_links":{"self":[{"href":"https:\/\/www.europesays.com\/no\/wp-json\/wp\/v2\/posts\/128924","targetHints":{"allow":["GET"]}}],"collection":[{"href":"https:\/\/www.europesays.com\/no\/wp-json\/wp\/v2\/posts"}],"about":[{"href":"https:\/\/www.europesays.com\/no\/wp-json\/wp\/v2\/types\/post"}],"author":[{"embeddable":true,"href":"https:\/\/www.europesays.com\/no\/wp-json\/wp\/v2\/users\/2"}],"replies":[{"embeddable":true,"href":"https:\/\/www.europesays.com\/no\/wp-json\/wp\/v2\/comments?post=128924"}],"version-history":[{"count":0,"href":"https:\/\/www.europesays.com\/no\/wp-json\/wp\/v2\/posts\/128924\/revisions"}],"wp:featuredmedia":[{"embeddable":true,"href":"https:\/\/www.europesays.com\/no\/wp-json\/wp\/v2\/media\/128900"}],"wp:attachment":[{"href":"https:\/\/www.europesays.com\/no\/wp-json\/wp\/v2\/media?parent=128924"}],"wp:term":[{"taxonomy":"category","embeddable":true,"href":"https:\/\/www.europesays.com\/no\/wp-json\/wp\/v2\/categories?post=128924"},{"taxonomy":"post_tag","embeddable":true,"href":"https:\/\/www.europesays.com\/no\/wp-json\/wp\/v2\/tags?post=128924"}],"curies":[{"name":"wp","href":"https:\/\/api.w.org\/{rel}","templated":true}]}}