{"id":128927,"date":"2026-01-05T02:28:40","date_gmt":"2026-01-05T02:28:40","guid":{"rendered":"https:\/\/www.europesays.com\/no\/128927\/"},"modified":"2026-01-05T02:28:40","modified_gmt":"2026-01-05T02:28:40","slug":"istapper-trafikk-store-istapper-kan-stenge-flere-bytunneler-ma-kakkes-ned-fortlopende","status":"publish","type":"post","link":"https:\/\/www.europesays.com\/no\/128927\/","title":{"rendered":"Istapper, Trafikk | Store istapper kan stenge flere bytunneler: \u2013 M\u00e5 kakkes ned fortl\u00f8pende"},"content":{"rendered":"\n<p>Fl\u00f8yfjellstunellen var rundt klokken 12 <a href=\"https:\/\/www.ba.no\/vis\/trafikk?p=lc-10786401-11888-bergensavisen\" rel=\"Follow nofollow noopener\" target=\"_blank\">stengt p\u00e5 grunn av store istapper<\/a>.<\/p>\n<p>\u2013 Vi har f\u00e5tt meldinger om en del store istapper som m\u00e5 fjernes, sa trafikkoperat\u00f8r Magnus Maridal i Vegtrafikksentralen.<\/p>\n<p>Stengingen var kortvarig. Men det kan bli flere av dem.<\/p>\n<p>Stengninger gjennom dagen<\/p>\n<p>\u2013 Det registreres en del istapper i flere tunneler i bergensomr\u00e5det. Det vil gjennom dagen kunne bli korte stengninger for \u00e5 f\u00e5 ryddet disse, lyder neste oppdatering fra veimyndigheten. <\/p>\n<p><b>Det gjelder alle bytunnelene. <\/b><\/p>\n<p>\u2013 N\u00e5r det er s\u00e5 kaldt som n\u00e5, blir det litt varmere i tunnelene og det danner seg istapper. Vi pleier \u00e5 ta istappene p\u00e5 natten, men det har kommet flere og da kakkes de ned fortl\u00f8pende, oppdaterer trafikkoperat\u00f8r Tom Hansen. <\/p>\n<p>\u2013 Skummelt <\/p>\n<p>L\u00f8rdag ettermiddag har det blitt rensket fra Olsvik, og fra sentrum mot \u00c5sane. S\u00e5 blir det tatt fortl\u00f8pende slik at det er trygt for bilister.<\/p>\n<p>Etter istapper var fjernet i Olsviktunellen ble det problemer med \u00e5 \u00e5pne bommen som stengte av tunnelen. Entrepren\u00f8ren m\u00e5tte da \u00e5pne bommen manuelt p\u00e5 begge sider. <\/p>\n<p>I k\u00f8en utenfor Olsviktunellen, observerte Silvia Klingen Bagaas en stor istapp som ble fjernet fra \u00e5pningen.<\/p>\n<p><b>\u2013 Det er bra at de blir fjernet. Det hadde v\u00e6rt skummelt \u00e5 f\u00e5 den i frontruten, sier Bagaas til BA. <\/b><\/p>\n","protected":false},"excerpt":{"rendered":"Fl\u00f8yfjellstunellen var rundt klokken 12 stengt p\u00e5 grunn av store istapper. \u2013 Vi har f\u00e5tt meldinger om en&hellip;\n","protected":false},"author":2,"featured_media":128928,"comment_status":"","ping_status":"","sticky":false,"template":"","format":"standard","meta":{"footnotes":""},"categories":[10],"tags":[36,20,21,24,25,15,15030,22,23,13,30,28,29,447,14,16,1510,26,27,224,1950],"class_list":{"0":"post-128927","1":"post","2":"type-post","3":"status-publish","4":"format-standard","5":"has-post-thumbnail","7":"category-norge","8":"tag-art","9":"tag-breaking-news","10":"tag-breakingnews","11":"tag-featured-news","12":"tag-featurednews","13":"tag-headlines","14":"tag-istapper","15":"tag-latest-news","16":"tag-latestnews","17":"tag-news","18":"tag-no","19":"tag-norge","20":"tag-norway","21":"tag-nyhet","22":"tag-nyheter","23":"tag-overskrifter","24":"tag-story","25":"tag-top-stories","26":"tag-topstories","27":"tag-trafikk","28":"tag-tunnel"},"share_on_mastodon":{"url":"https:\/\/pubeurope.com\/@no\/115840136150917187","error":""},"_links":{"self":[{"href":"https:\/\/www.europesays.com\/no\/wp-json\/wp\/v2\/posts\/128927","targetHints":{"allow":["GET"]}}],"collection":[{"href":"https:\/\/www.europesays.com\/no\/wp-json\/wp\/v2\/posts"}],"about":[{"href":"https:\/\/www.europesays.com\/no\/wp-json\/wp\/v2\/types\/post"}],"author":[{"embeddable":true,"href":"https:\/\/www.europesays.com\/no\/wp-json\/wp\/v2\/users\/2"}],"replies":[{"embeddable":true,"href":"https:\/\/www.europesays.com\/no\/wp-json\/wp\/v2\/comments?post=128927"}],"version-history":[{"count":0,"href":"https:\/\/www.europesays.com\/no\/wp-json\/wp\/v2\/posts\/128927\/revisions"}],"wp:featuredmedia":[{"embeddable":true,"href":"https:\/\/www.europesays.com\/no\/wp-json\/wp\/v2\/media\/128928"}],"wp:attachment":[{"href":"https:\/\/www.europesays.com\/no\/wp-json\/wp\/v2\/media?parent=128927"}],"wp:term":[{"taxonomy":"category","embeddable":true,"href":"https:\/\/www.europesays.com\/no\/wp-json\/wp\/v2\/categories?post=128927"},{"taxonomy":"post_tag","embeddable":true,"href":"https:\/\/www.europesays.com\/no\/wp-json\/wp\/v2\/tags?post=128927"}],"curies":[{"name":"wp","href":"https:\/\/api.w.org\/{rel}","templated":true}]}}