{"id":128943,"date":"2026-01-05T05:17:08","date_gmt":"2026-01-05T05:17:08","guid":{"rendered":"https:\/\/www.europesays.com\/no\/128943\/"},"modified":"2026-01-05T05:17:08","modified_gmt":"2026-01-05T05:17:08","slug":"politi-brann-radhus-brann-pa-fagernes-har-satt-i-gang-stor-leteaksjon","status":"publish","type":"post","link":"https:\/\/www.europesays.com\/no\/128943\/","title":{"rendered":"Politi, Brann | R\u00e5dhus-brann p\u00e5 Fagernes: Har satt i gang stor leteaksjon"},"content":{"rendered":"\n<p>Politiet fikk klokka 02.23 melding om brann i r\u00e5dhuset p\u00e5 Fagernes.<\/p>\n<p>Da brannvesenet kom til stedet brant det i s\u00f8ppel\/materialer p\u00e5 utsiden av r\u00e5dhuset.<\/p>\n<p>\u2013 Det er kontroll p\u00e5 brannen. Ingen personer er skadd, opplyser politiet klokka 03.55.<\/p>\n<p>Det er r\u00f8ykskader inne p\u00e5 r\u00e5dhuset. Politiet etterforsker \u00e5rsak til brannen.<\/p>\n<p>110-sentralen i Innlandet opplyser at det har v\u00e6rt brann utvendig, og ble en del r\u00f8yk inne i bygget.<\/p>\n<p>\u2013 Det er satt p\u00e5 vifter inne i bygget for \u00e5 begrense skadene. Restverdiredning er p\u00e5 vei fra Lillehammer for \u00e5 bist\u00e5. Det m\u00e5 nok vaskes ned, opplyser operasjonsleder.<\/p>\n<p>Brant godt<\/p>\n<p>Innsatsleder i Nord-Aurdal brannvesen, Einar Helland, sier til OA at de fikk melding etter at personer hadde observert flammer ved r\u00e5dhuset. Det brant godt utenfor da brannvesenet ankom.<\/p>\n<p>\u2013 Like etter publikums meldinger gikk ogs\u00e5 alarmen p\u00e5 r\u00e5dhuset. Det var p\u00e5tent noen s\u00f8ppeldunker utenfor kantina p\u00e5 r\u00e5dhuset, og det var ogs\u00e5 knust ei rute som gjorde at r\u00f8yken trakk inn i bygget, sier Helland.<\/p>\n<p>Om ruta er knust av personer, eller som f\u00f8lge av brannen, har han ingen formening om.<\/p>\n<p>\u2013 Vi fikk raskt kontroll p\u00e5 brannen, men siden r\u00f8yk har g\u00e5tt inn i bygget venter vi n\u00e5 p\u00e5 Restverdivurderig for \u00e5 f\u00e5 satt p\u00e5 mer vifter, bekrefter han.<\/p>\n<p>\u2013 Siden brannen har startet p\u00e5 utsida i det som antas \u00e5 v\u00e6re s\u00f8ppel er det en naturlig hypotese at det er p\u00e5tent, sier operasjonsleder hos politiet, P\u00e5l Gjestvang.<\/p>\n<p>OAs journalist p\u00e5 stedet, Ingvar Skattebu, forteller at det er tydelige spor etter brannen p\u00e5 utsida av r\u00e5dhuset.<\/p>\n<p>\u2013 Det er tydelig at det har brent godt, sier han.<\/p>\n<p>   <img decoding=\"async\" width=\"2048\" height=\"1536\" fetchpriority=\"low\"  loading=\"lazy\"  src=\"https:\/\/www.europesays.com\/no\/wp-content\/uploads\/2026\/01\/8aeea5bc-7802-485a-9704-e0f30059aa18.jpeg\" alt=\"\" class=\"brick-c-cFOWSL\" style=\"--brick-image-ratio: 2048 \/ 1536;\"\/><\/p>\n<p>      Brannvesenet rykket ut p\u00e5 melding om flammer utenfor r\u00e5dhuset i Fagernes natt til mandag, Meldingen kom litt f\u00f8r klokka 02.30. Det letes n\u00e5 etter gjerningsperson(er) som skal ha gjort skaderverk flere steder, blant annet \u00f8delagt ei d\u00f8r med \u00f8ks.<br \/>\n      Foto: Ingvar Skattebu\n    <\/p>\n<p>  Skadeverk med \u00f8ks<\/p>\n<p>Politiet har etter meldingen om brannen f\u00e5tt flere meldinger i omr\u00e5det Fagernes og Skrautv\u00e5l.<\/p>\n<p>\u2013 VI har f\u00e5tt meldinger om skadeverk p\u00e5 bedrifter og bolighus. P\u00e5 ett av stedene er det observert en person som har knust ruter med \u00f8ks, opplyser Gjestvang.<\/p>\n<p>Det har f\u00f8rt til en stor politiaksjon for \u00e5 finne personen eller personene som st\u00e5r bak.<\/p>\n<p>\u2013 Vi leter med alt av tilgjengelig mannskap, og politihelikopteret er p\u00e5 vei for \u00e5 bist\u00e5, sier Gjestvang til OA klokka 04.20.<\/p>\n<p>Ingen meldinger om personskade<\/p>\n<p>En av dem som har meldt om skadeverk har ogs\u00e5 gjort observasjon av en hvit bil, type SUV. Hvorvidt bilen har tilknytning til situasjonen vet ikke politiet.<\/p>\n<p>\u2013 Vi ber om publikums hjelp. Dersom noen har tips som kan hjelpe oss \u00e5 stoppe den eller de som beg\u00e5r skadeverk, s\u00e5 vil det v\u00e6re til stor nytte, sier Gjestvang.<\/p>\n<p><b>Politiet kan kontaktes p\u00e5 112 eller 02800. <\/b><\/p>\n<p>\u2013 Vi understreker at vi ikke har mottatt noen meldinger om skadde personer. Vi konsentrerer n\u00e5 all innsats om \u00e5 finne den eller de som st\u00e5r bak, og har derfor ikke veldig mange detaljer, sier Gjestvang.<\/p>\n<p>Klokka 05.30 opplyser Gjestvang at de ikke har f\u00e5tt noen meldinger den siste halvtimen. S\u00e5 langt har politiet f\u00e5tt seks meldinger om skadeverk, i tillegg til brannen ved r\u00e5dhuset.<\/p>\n<p>\u2013 Vi har blant annet melding om at det skal ha brent i ei s\u00f8ppelb\u00f8tte i n\u00e6rheten av DNB p\u00e5 Fagernes.<\/p>\n<p>   <img decoding=\"async\" width=\"2736\" height=\"2653\" fetchpriority=\"low\"  loading=\"lazy\"  src=\"https:\/\/www.europesays.com\/no\/wp-content\/uploads\/2026\/01\/5_35_1428518+Martin+S%C3%A6bu+foto+tilsendt.jpg\" alt=\"\" class=\"brick-c-cFOWSL\" style=\"--brick-image-ratio: 2736 \/ 2653;\"\/><\/p>\n<p>      TAKKNEMLIG: R\u00e5dmann i Nord-Aurdal, Martin S\u00e6bu, er glad for at noen observert flammene utenfor r\u00e5dhuset slik at brannen kunne slukkes raskt. <\/p>\n<p>  Kan komme p\u00e5 jobb<\/p>\n<p>Kommunedirekt\u00f8r i Nord-Aurdal, Martin S\u00e6bu, ble kontaktet av n\u00f8detatene litt f\u00f8r 02.30 natt til mandag. Han har v\u00e6rt p\u00e5 r\u00e5dhuset gjennom natta.<\/p>\n<p>\u2013 Jeg er glad for at ingen har kommet til skade, og at skadene ser ut til \u00e5 v\u00e6re begrensede, sier han til OA litt f\u00f8r klokka 06 mandag morgen.<\/p>\n<p>Da var han p\u00e5 vei hjem for \u00e5 hente PC, og sende ut informasjon til ansatte.<\/p>\n<p>\u2013 Vi har f\u00e5tt luftet godt ut, og brannen ser ut til \u00e5 ha minimale konsekvenser for kontordelen av r\u00e5dhuset. De ansatte kan komme p\u00e5 jobb som normalt n\u00e5r arbeidsdagen starter om et par timer, sier han.<\/p>\n<p>Han \u00f8nsker \u00e5 rette en stor takk til den som tipset om brannen.<\/p>\n<p>\u2013 Det ble meldt tidlig slik at brannvesenet v\u00e5rt kunne rykke ut og begrense skadeomfanget. Det er godt, sier S\u00e6bu.<\/p>\n","protected":false},"excerpt":{"rendered":"Politiet fikk klokka 02.23 melding om brann i r\u00e5dhuset p\u00e5 Fagernes. Da brannvesenet kom til stedet brant det&hellip;\n","protected":false},"author":2,"featured_media":128944,"comment_status":"","ping_status":"","sticky":false,"template":"","format":"standard","meta":{"footnotes":""},"categories":[10],"tags":[36,367,20,21,15031,24,25,15,22,23,13,30,28,29,14,16,254,1510,26,27,1646],"class_list":{"0":"post-128943","1":"post","2":"type-post","3":"status-publish","4":"format-standard","5":"has-post-thumbnail","7":"category-norge","8":"tag-art","9":"tag-brann","10":"tag-breaking-news","11":"tag-breakingnews","12":"tag-fagernes","13":"tag-featured-news","14":"tag-featurednews","15":"tag-headlines","16":"tag-latest-news","17":"tag-latestnews","18":"tag-news","19":"tag-no","20":"tag-norge","21":"tag-norway","22":"tag-nyheter","23":"tag-overskrifter","24":"tag-politi","25":"tag-story","26":"tag-top-stories","27":"tag-topstories","28":"tag-valdres"},"share_on_mastodon":{"url":"https:\/\/pubeurope.com\/@no\/115840800725058523","error":""},"_links":{"self":[{"href":"https:\/\/www.europesays.com\/no\/wp-json\/wp\/v2\/posts\/128943","targetHints":{"allow":["GET"]}}],"collection":[{"href":"https:\/\/www.europesays.com\/no\/wp-json\/wp\/v2\/posts"}],"about":[{"href":"https:\/\/www.europesays.com\/no\/wp-json\/wp\/v2\/types\/post"}],"author":[{"embeddable":true,"href":"https:\/\/www.europesays.com\/no\/wp-json\/wp\/v2\/users\/2"}],"replies":[{"embeddable":true,"href":"https:\/\/www.europesays.com\/no\/wp-json\/wp\/v2\/comments?post=128943"}],"version-history":[{"count":0,"href":"https:\/\/www.europesays.com\/no\/wp-json\/wp\/v2\/posts\/128943\/revisions"}],"wp:featuredmedia":[{"embeddable":true,"href":"https:\/\/www.europesays.com\/no\/wp-json\/wp\/v2\/media\/128944"}],"wp:attachment":[{"href":"https:\/\/www.europesays.com\/no\/wp-json\/wp\/v2\/media?parent=128943"}],"wp:term":[{"taxonomy":"category","embeddable":true,"href":"https:\/\/www.europesays.com\/no\/wp-json\/wp\/v2\/categories?post=128943"},{"taxonomy":"post_tag","embeddable":true,"href":"https:\/\/www.europesays.com\/no\/wp-json\/wp\/v2\/tags?post=128943"}],"curies":[{"name":"wp","href":"https:\/\/api.w.org\/{rel}","templated":true}]}}