{"id":128957,"date":"2026-01-05T05:46:09","date_gmt":"2026-01-05T05:46:09","guid":{"rendered":"https:\/\/www.europesays.com\/no\/128957\/"},"modified":"2026-01-05T05:46:09","modified_gmt":"2026-01-05T05:46:09","slug":"steinkjer-brann-brann-i-enebolig-i-steinkjer","status":"publish","type":"post","link":"https:\/\/www.europesays.com\/no\/128957\/","title":{"rendered":"Steinkjer, Brann | Brann i enebolig i Steinkjer"},"content":{"rendered":"\n<p><b>STEINKJER:<\/b> N\u00f8detatene rykket ut etter melding om brann i en enebolig p\u00e5 Lerkehaug i Steinkjer natt til mandag.<\/p>\n<p>Meldingen kom fra en beboer p\u00e5 adressen klokka 1.40. Det meldte politiets operasjonsleder Anlaug Oseid klokka 1.51.<\/p>\n<p>Fire personer ble evakuert<\/p>\n<p>Fire personer var p\u00e5 adressen da det begynte \u00e5 brenne, inkludert en leietaker.<\/p>\n<p>Brannen startet etter alt \u00e5 d\u00f8mme p\u00e5 et vaskerom.<\/p>\n<p>Det var beboerne selv som oppdaget brannen og som varslet n\u00f8detatene.<\/p>\n<p><b>Klokka 2.08 meldte Oseid at brannen var slukket. Det var ikke behov for \u00e5 evakuere nabobygg.<\/b><\/p>\n<p>   <img decoding=\"async\" width=\"2772\" height=\"1692\" fetchpriority=\"low\"  loading=\"lazy\"  src=\"https:\/\/www.europesays.com\/no\/wp-content\/uploads\/2026\/01\/photo+%285%29+%281%29.jpg\" alt=\"\" class=\"brick-c-cFOWSL\" style=\"--brick-image-ratio: 2772 \/ 1692;\"\/><\/p>\n<p>  M\u00e5 finne husly i natt<\/p>\n<p>Politiets innsatsleder Per Henrik Bykvist sier til Tr\u00f8nder-Avisas reporter p\u00e5 stedet alle fire beboerne er i god behold.<\/p>\n<p>\u2013 Brannvesenet fikk raskt kontroll p\u00e5 brannen. De har gjort en effektiv innsats for \u00e5 sl\u00e5 den ned. Det skal ikke ha v\u00e6rt \u00e5pne flammer, men det var en god del r\u00f8yk da n\u00f8detatene kom, sier Bykvist.<\/p>\n<p>Boligen er ubeboelig.<\/p>\n<p>\u2013 N\u00e5 skal vi finne ut hvor de skal bo i natt. Det er ikke beboelig med det f\u00f8rste. S\u00e5 f\u00e5r vi klarlegge skadeomfanget s\u00e5 raskt det lar seg gj\u00f8re, sier Bykvist.<\/p>\n<p>Det er ogs\u00e5 for tidlig \u00e5 si noe om brann\u00e5rsaken, utover at brannen trolig startet p\u00e5 vaskerommet.<\/p>\n<p>   <img decoding=\"async\" width=\"5712\" height=\"4284\" fetchpriority=\"low\"  loading=\"lazy\"  src=\"https:\/\/www.europesays.com\/no\/wp-content\/uploads\/2026\/01\/photo+%286%29.jpg\" alt=\"\" class=\"brick-c-cFOWSL\" style=\"--brick-image-ratio: 5712 \/ 4284;\"\/><\/p>\n<p>      INNSATSLEDER: Per Henrik Bykvist.<br \/>\n      Foto: Oskar Manka\n    <\/p>\n<p>  Tok hull p\u00e5 taket p\u00e5 badet<\/p>\n<p>Utrykningsleder Trond Marius Fornes ved Brannvesenet Midt IKS bekrefter at det var mye r\u00f8yk p\u00e5 vaskerommet da de kom. R\u00f8yken hadde spredt seg opp til kvisten.<\/p>\n<p>\u2013 Derfor ble det tatt hull p\u00e5 taket p\u00e5 badet slik at vi kom oss opp p\u00e5 kvisten, sier Fornes.<\/p>\n<p>Skadeomfanget for \u00f8vrig er forel\u00f8pig uklart.<\/p>\n<p>\u2013 Det var mye r\u00f8yk, men vi brukte ikke s\u00e5 mye vann, s\u00e5 det er ikke voldsomme vannskader. Vi er i gang med restverdiredning n\u00e5, for \u00e5 s\u00f8rge for at det blir luftet ut og vasket opp \u2013 og at ting som kan reddes blir tatt vare p\u00e5, sier Fornes.<\/p>\n<p>Plomberte huset<\/p>\n<p>Politiets operasjonsleder Anlaug Oseid bekrefter overfor Tr\u00f8nder-Avisa mandag morgen at kriminalteknikere skal unders\u00f8ke boligen etter brannen. Huset er derfor plombert.<\/p>\n<p>\u2013 Beboerne m\u00e5 kanskje bo p\u00e5 hotell et par dager. De fikk bli med politiet inn for \u00e5 hente n\u00f8dvendige ting i natt, forklarer Oseid.<\/p>\n<p>Hendelsesforl\u00f8pet er forel\u00f8pig uklart, men operasjonslederen bekrefter at det er foretatt \u00e5stedsunders\u00f8kelse og avh\u00f8r.<\/p>\n","protected":false},"excerpt":{"rendered":"STEINKJER: N\u00f8detatene rykket ut etter melding om brann i en enebolig p\u00e5 Lerkehaug i Steinkjer natt til mandag.&hellip;\n","protected":false},"author":2,"featured_media":128958,"comment_status":"","ping_status":"","sticky":false,"template":"","format":"standard","meta":{"footnotes":""},"categories":[10],"tags":[1021,36,367,20,21,24,25,15,22,23,13,30,28,29,14,16,984,1510,26,27,941],"class_list":{"0":"post-128957","1":"post","2":"type-post","3":"status-publish","4":"format-standard","5":"has-post-thumbnail","7":"category-norge","8":"tag-ta-sa","9":"tag-art","10":"tag-brann","11":"tag-breaking-news","12":"tag-breakingnews","13":"tag-featured-news","14":"tag-featurednews","15":"tag-headlines","16":"tag-latest-news","17":"tag-latestnews","18":"tag-news","19":"tag-no","20":"tag-norge","21":"tag-norway","22":"tag-nyheter","23":"tag-overskrifter","24":"tag-steinkjer","25":"tag-story","26":"tag-top-stories","27":"tag-topstories","28":"tag-ulykker-og-hendelser"},"share_on_mastodon":{"url":"https:\/\/pubeurope.com\/@no\/115840914907119626","error":""},"_links":{"self":[{"href":"https:\/\/www.europesays.com\/no\/wp-json\/wp\/v2\/posts\/128957","targetHints":{"allow":["GET"]}}],"collection":[{"href":"https:\/\/www.europesays.com\/no\/wp-json\/wp\/v2\/posts"}],"about":[{"href":"https:\/\/www.europesays.com\/no\/wp-json\/wp\/v2\/types\/post"}],"author":[{"embeddable":true,"href":"https:\/\/www.europesays.com\/no\/wp-json\/wp\/v2\/users\/2"}],"replies":[{"embeddable":true,"href":"https:\/\/www.europesays.com\/no\/wp-json\/wp\/v2\/comments?post=128957"}],"version-history":[{"count":0,"href":"https:\/\/www.europesays.com\/no\/wp-json\/wp\/v2\/posts\/128957\/revisions"}],"wp:featuredmedia":[{"embeddable":true,"href":"https:\/\/www.europesays.com\/no\/wp-json\/wp\/v2\/media\/128958"}],"wp:attachment":[{"href":"https:\/\/www.europesays.com\/no\/wp-json\/wp\/v2\/media?parent=128957"}],"wp:term":[{"taxonomy":"category","embeddable":true,"href":"https:\/\/www.europesays.com\/no\/wp-json\/wp\/v2\/categories?post=128957"},{"taxonomy":"post_tag","embeddable":true,"href":"https:\/\/www.europesays.com\/no\/wp-json\/wp\/v2\/tags?post=128957"}],"curies":[{"name":"wp","href":"https:\/\/api.w.org\/{rel}","templated":true}]}}