{"id":128959,"date":"2026-01-05T05:47:17","date_gmt":"2026-01-05T05:47:17","guid":{"rendered":"https:\/\/www.europesays.com\/no\/128959\/"},"modified":"2026-01-05T05:47:17","modified_gmt":"2026-01-05T05:47:17","slug":"en-legende-i-norsk-teater-og-film","status":"publish","type":"post","link":"https:\/\/www.europesays.com\/no\/128959\/","title":{"rendered":"En legende i norsk teater og film"},"content":{"rendered":"<p> Skuespilleren Sverre Anker Ousdal er d\u00f8d, 81 \u00e5r gammel. Det bekrefter s\u00f8nnen Mads Ousdal (55) og Nationaltheatret.\u00a0<\/p>\n<p>&#8211;\u00a0 Pappa betydde alt for oss og for mange. Et anker er borte. Vi er takknemlige for all omtanke, sier Mads Ousdal p\u00e5 vegne av familien.\u00a0<\/p>\n<p>I en pressemelding skriver teateret at Ousdal d\u00f8de br\u00e5tt etter et kort sykehusopphold.\u00a0<\/p>\n<p>Det var <a href=\"https:\/\/www.vg.no\/rampelys\/i\/GxGLn4\/sverre-anker-ousdal-er-doed\" target=\"_blank\" rel=\"nofollow noopener\">VG<\/a> som omtalte d\u00f8dsfallet f\u00f8rst.\u00a0<\/p>\n<p>Skulle gj\u00f8re comeback\t<\/p>\n<p>Denne v\u00e5ren skulle han gjort comeback p\u00e5 Nationaltheatret, der han ble fast ansatt for 55 \u00e5r siden. Han skulle spilt en aldrende far i Arne Lygres nyskrevne stykke \u00abGi meg h\u00e5nden\u00bb. Rollen var spesialskrevet for Ousdal.<\/p>\n<p>&#8211; Hele teateret hadde sett fram til \u00e5 ha ham tilbake p\u00e5 scenen, skriver de i pressemeldingen.\u00a0<\/p>\n<p>        <img loading=\"lazy\" decoding=\"async\" src=\"https:\/\/www.europesays.com\/no\/wp-content\/uploads\/2026\/01\/84053586.webp.webp\" width=\"667\" height=\"381\" title=\"SKUESPILLERS\u00d8NN: Det var s\u00f8nnen Mads Ousdal som bekreftet farens d\u00f8dsfall. Foto: Heiko Junge \/ NTB\" alt=\"\" class=\"\" style=\"--aspect-ratio-image: 1.75; \"\/><\/p>\n<p>\n        SKUESPILLERS\u00d8NN: Det var s\u00f8nnen Mads Ousdal som bekreftet farens d\u00f8dsfall. Foto: Heiko Junge \/ NTB\n    <\/p>\n<p> Sverre Anker Ousdal debuterte p\u00e5 Den Nationale Scene s\u00e5 tidlig som i 1965, og har siden v\u00e6rt \u00e5 se ved b\u00e5de Oslo Nye Teater og Nationaltheatret. Han ble fast ansatt ved Nationaltheatret i 1970, og har gjennom karrieren tolket over 70 roller.\u00a0<\/p>\n<p>Deriblant Ibsen- og klassikerroller som \u00abMacbeth\u00bb,\u00a0\u00abRichard II\u00bb,\u00a0\u00abByggmester Solness\u00bb\u00a0og\u00a0\u00abBrand\u00bb, skriver teateret.\u00a0<\/p>\n<p>Han har ogs\u00e5 spilt i en rekke filmer og TV-serier, som \u00abBlodsb\u00e5nd\u00bb, \u00abThe Last Place on Earth\u00bb og \u00abDen siste Fleksnes\u00bb.<\/p>\n<p>For sine opptredener har han vunnet flere priser, deriblant flere Amandapriser, i tillegg til \u00e5 ha blitt k\u00e5ret til Ridder av 1. klasse i St. Olavs Orden. I 2009 ble han utnevnt til \u00e6resmedlem av Norsk Skuespillerforbund.<\/p>\n<p>    <a itemprop=\"url\" href=\"https:\/\/www.dagbladet.no\/kjendis\/i-sorg-en-fantastisk-mann\/84033173\" rel=\"nofollow noopener\" target=\"_blank\"><\/p>\n<p>        <img loading=\"lazy\" decoding=\"async\" src=\"https:\/\/www.europesays.com\/no\/wp-content\/uploads\/2026\/01\/84031163.webp.webp\" width=\"980\" height=\"441\" title=\"I sorg: - En fantastisk mann\" alt=\"\" class=\"lazyload\" style=\"--aspect-ratio-image: 2.22; \"\/><\/p>\n<p>        I sorg: &#8211; En fantastisk mann<\/p>\n<p>    <\/a><\/p>\n<p> I 2008 ble Sverre Anker Ousdal rammet av leverkreft, som han seinere ble frisk fra. Samme \u00e5r fikk han sterkt redusert syn etter en av operasjonene knyttet til kreften.\u00a0<\/p>\n<p>Synsnerven hans skal ha f\u00e5tt for lite oksygen under operasjonen, noe som bare skjer i ett av 250 000 tilfeller.\u00a0<\/p>\n<p>I \u00e5ra etter kunne han verken kj\u00f8re bil, lese eller se p\u00e5 TV. Han var tidligere samboer med skuespillerkollegaen Kjersti Holmen, som ble rammet av alzheimer og d\u00f8de i 2021. Han etterlater seg barna Steffen, Mads og Sara. <\/p>\n<p>        <img loading=\"lazy\" decoding=\"async\" src=\"https:\/\/www.europesays.com\/no\/wp-content\/uploads\/2026\/01\/84053576.webp.webp\" width=\"667\" height=\"381\" title=\"SAMBOERE OG KOLLEGER: Sverre Anker Ousdal og Kjersti Holmen var p\u00e5 turn\u00e9 med Riksteatret med sitt kritikerroste stykke \u00abTil d\u00f8den skiller oss ad\u00bb. Foto: H\u00e5kon Mosvold Larsen \/ NTB\" alt=\"\" class=\"\" style=\"--aspect-ratio-image: 1.75; \"\/><\/p>\n<p>\n        SAMBOERE OG KOLLEGER: Sverre Anker Ousdal og Kjersti Holmen var p\u00e5 turn\u00e9 med Riksteatret med sitt kritikerroste stykke \u00abTil d\u00f8den skiller oss ad\u00bb. Foto: H\u00e5kon Mosvold Larsen \/ NTB\n    <\/p>\n<p>&#8211; Mistet en kjempe\t<\/p>\n<p>Scenekunstneren pensjonerte seg fra teateret i 2014. Til tross for at han ble sterkt svaksynt i 2008, spilte han i flere store oppsetninger de siste \u00e5rene.<\/p>\n<p>Statsminister Jonas Gahr St\u00f8re kommenterer Ousdals bortgang s\u00f8ndag ettermiddag:\u00a0<\/p>\n<p>&#8211;\u00a0 Norge har mistet en kjempe innen b\u00e5de, film, tv og teater, sier St\u00f8re.\u00a0<\/p>\n<p>&#8211; Fra Ousdal debuterte p\u00e5 Den Nationale Scene i Bergen i 1965, har han satt dype spor etter seg gjennom en lang og innholdsrik karriere ved Nationaltheateret og filmroller i blant annet Orions Belte, Kristin Lavransdatter og Hamsun. Det gjorde dypt inntrykk \u00e5 se ham i krevende roller ogs\u00e5 da han var preget av sykdom. Mine tanker g\u00e5r til hans n\u00e6rmeste, skriver statsministeren.\u00a0<\/p>\n<p>Ogs\u00e5 kulturminister Lubna Jaffery roser den avd\u00f8de skuespilleren.\u00a0<\/p>\n<p>&#8211;\u00a0 Sverre Anker Ousdal omtales som en bauta, og slik var det han ogs\u00e5 kom gjennom til oss som s\u00e5 ham, enten p\u00e5 scenen eller lerretet, sier Jaffery, og roser hans mangefasetterte karriere &#8211; fra film,\u00a0 teater og til arbeidet som fortsellerstemmen til\u00a0Postman Pat, kjent for flere generasjoner av barn.\u00a0<\/p>\n<p>&#8211; Mine tanker g\u00e5r til hans n\u00e6rmeste, avslutetter ogs\u00e5 kulturministeren.\u00a0<\/p>\n<p>&#8211; Veldig trist\t<\/p>\n<p>&#8211; Dette var en veldig trist beskjed \u00e5 f\u00e5. Sverre Anker Ousdal har v\u00e6rt en av Nationaltheaterets viktigste skuespillere gjennom flere generasjoner, sier teatersjef Nationaltheateret Kristian Seltun (55) til Dagbladet.<\/p>\n<p>Han trekker fram at Ousdal hadde et vidt reportoir gjennom mange ti\u00e5r, b\u00e5de p\u00e5 scenen og p\u00e5 TV.<\/p>\n<p>&#8211; De som er p\u00e5 min alder stiftet jo bekjentskap med ham allerede da vi s\u00e5 p\u00e5 barne-TV, sier 55-\u00e5ringen.<\/p>\n<p>&#8211; Ousdal har betydd mye for mange generasjoner i Norge. Han har betydd mye for norsk teater, film og ikke minst norsk skuespillerkunst.<\/p>\n<p>        <img loading=\"lazy\" decoding=\"async\" src=\"https:\/\/www.europesays.com\/no\/wp-content\/uploads\/2026\/01\/84053607.webp.webp\" width=\"980\" height=\"559\" title=\"TRIST BESKJED: Kristian Seltun forteller at Sverre Anker Ousdal har v\u00e6rt en av Nationaltheaterets viktigste skuespillere gjennom flere generasjoner. Foto: Amanda Pedersen Giske \/ NTB\" alt=\"\" class=\"\" style=\"--aspect-ratio-image: 1.75; \"\/><\/p>\n<p>\n        TRIST BESKJED: Kristian Seltun forteller at Sverre Anker Ousdal har v\u00e6rt en av Nationaltheaterets viktigste skuespillere gjennom flere generasjoner. Foto: Amanda Pedersen Giske \/ NTB\n    <\/p>\n<p>Seltun nevner Ousdals roller i oppsetninger av storheter som Ibsen, Shakespeare og August Strindberg.<\/p>\n<p>Selv fikk han se Ousdal &#8211; som egentlig var pensjonert &#8211; ut\u00f8ve sitt virke da Seltun var teatersjef under en oppsetning av Ingmar Bergmans \u00abJordb\u00e6rstredet\u00bb for et par \u00e5r siden.<\/p>\n<p>&#8211; Han gjorde en stor rolle. Det var en stor opplevelse, som teaterinterressert, \u00e5 ha \u00f8verste ansvar for en produksjon han var med i, sier Seltun og legger til:<\/p>\n<p>    <a itemprop=\"url\" href=\"https:\/\/www.dagbladet.no\/kjendis\/chris-rea-er-dod-74-ar-gammel\/84020894\" rel=\"nofollow noopener\" target=\"_blank\"><\/p>\n<p>        <img loading=\"lazy\" decoding=\"async\" src=\"https:\/\/www.europesays.com\/no\/wp-content\/uploads\/2026\/01\/84020904.webp.webp\" width=\"980\" height=\"441\" title=\"Chris Rea er d\u00f8d 74 \u00e5r gammel\" alt=\"\" class=\"lazyload\" style=\"--aspect-ratio-image: 2.22; \"\/><\/p>\n<p>        Chris Rea er d\u00f8d 74 \u00e5r gammel<\/p>\n<p>    <\/a><\/p>\n<p>&#8211; Ousdal var da en godt voksen mann, men \u00e5 se den kraften, erfarenheten og det kunstneriske niv\u00e5et hans i sving p\u00e5 scenen: Det var en opplevelse, og et stort \u00f8yeblikk.<\/p>\n","protected":false},"excerpt":{"rendered":"Skuespilleren Sverre Anker Ousdal er d\u00f8d, 81 \u00e5r gammel. Det bekrefter s\u00f8nnen Mads Ousdal (55) og Nationaltheatret.\u00a0 &#8211;\u00a0&hellip;\n","protected":false},"author":2,"featured_media":128960,"comment_status":"","ping_status":"","sticky":false,"template":"","format":"standard","meta":{"footnotes":""},"categories":[5],"tags":[20,21,24,25,15,19,479,22,23,17,18,13,30,28,29,14,16,26,27],"class_list":{"0":"post-128959","1":"post","2":"type-post","3":"status-publish","4":"format-standard","5":"has-post-thumbnail","7":"category-overskrifter","8":"tag-breaking-news","9":"tag-breakingnews","10":"tag-featured-news","11":"tag-featurednews","12":"tag-headlines","13":"tag-hovedoppslag","14":"tag-kjendis","15":"tag-latest-news","16":"tag-latestnews","17":"tag-main-news","18":"tag-mainnews","19":"tag-news","20":"tag-no","21":"tag-norge","22":"tag-norway","23":"tag-nyheter","24":"tag-overskrifter","25":"tag-top-stories","26":"tag-topstories"},"share_on_mastodon":{"url":"https:\/\/pubeurope.com\/@no\/115840918869759554","error":""},"_links":{"self":[{"href":"https:\/\/www.europesays.com\/no\/wp-json\/wp\/v2\/posts\/128959","targetHints":{"allow":["GET"]}}],"collection":[{"href":"https:\/\/www.europesays.com\/no\/wp-json\/wp\/v2\/posts"}],"about":[{"href":"https:\/\/www.europesays.com\/no\/wp-json\/wp\/v2\/types\/post"}],"author":[{"embeddable":true,"href":"https:\/\/www.europesays.com\/no\/wp-json\/wp\/v2\/users\/2"}],"replies":[{"embeddable":true,"href":"https:\/\/www.europesays.com\/no\/wp-json\/wp\/v2\/comments?post=128959"}],"version-history":[{"count":0,"href":"https:\/\/www.europesays.com\/no\/wp-json\/wp\/v2\/posts\/128959\/revisions"}],"wp:featuredmedia":[{"embeddable":true,"href":"https:\/\/www.europesays.com\/no\/wp-json\/wp\/v2\/media\/128960"}],"wp:attachment":[{"href":"https:\/\/www.europesays.com\/no\/wp-json\/wp\/v2\/media?parent=128959"}],"wp:term":[{"taxonomy":"category","embeddable":true,"href":"https:\/\/www.europesays.com\/no\/wp-json\/wp\/v2\/categories?post=128959"},{"taxonomy":"post_tag","embeddable":true,"href":"https:\/\/www.europesays.com\/no\/wp-json\/wp\/v2\/tags?post=128959"}],"curies":[{"name":"wp","href":"https:\/\/api.w.org\/{rel}","templated":true}]}}