{"id":128961,"date":"2026-01-05T05:48:39","date_gmt":"2026-01-05T05:48:39","guid":{"rendered":"https:\/\/www.europesays.com\/no\/128961\/"},"modified":"2026-01-05T05:48:39","modified_gmt":"2026-01-05T05:48:39","slug":"sport-heidi-weng-heidi-weng-nummer-tre-opp-monsterbakken-vurderte-a-trekke-seg","status":"publish","type":"post","link":"https:\/\/www.europesays.com\/no\/128961\/","title":{"rendered":"Sport, Heidi Weng | Heidi Weng nummer tre opp \u00abmonsterbakken\u00bb \u2013 vurderte \u00e5 trekke seg"},"content":{"rendered":"\n<p>Simpson-Larsen og Heidi Weng \u00e5pnet en luke ned til resten av feltet f\u00f8r de siste hundre meterne. Rett f\u00f8r oppl\u00f8pet rykket f\u00f8rstnevnte fra og sikret etappeseier, hele \u00e5tte sekunder foran Jessie Diggins.<\/p>\n<p>Simpson-Larsen tok dermed sin andre verdenscupseier. Den f\u00f8rste kom i sveitsiske Davos i midten av desember. Ogs\u00e5 da var \u00f8velsen 10 kilometer fri teknikk.<\/p>\n<p>Heidi Weng kjempet lenge om b\u00e5de etappeseier og andreplass i sammendraget, men m\u00e5tte til slutt ta til takke med 3.-plass i begge.<\/p>\n<p>Diggins ledet med 1 minutt og 19 sekunder ned til finske Jasmi Joensuu f\u00f8r finaleetappen. Til slutt vant amerikaneren med over to minutter ned til Teresa Stadlober p\u00e5 2.-plass<\/p>\n<p>Etter rennet avsl\u00f8rer Weng at hun vurderte \u00e5 trekke seg fra touren allerede p\u00e5 dag to.<\/p>\n<p>\u2013 Jeg var egentlig p\u00e5 vei hjem f\u00f8r starten p\u00e5 10 kilometer klassisk, men det ble litt overtalelse, sier Weng til NTB og et samlet pressekorps.<\/p>\n<p>\u2013 Jeg er litt glad jeg ikke gjorde det n\u00e5, s\u00e5 det er bra jeg kom meg til start og gikk.<\/p>\n<p>Julie Bjervig Drivenes tok til slutt 5.-plass i sammendraget.<\/p>\n<p>(\u00a9NTB)<\/p>\n<p>  <a href=\"https:\/\/www.rb.no\/5-43-2645502\" class=\"related-teaser has-image default-story-teaser article--c-eRUmMG article--c-eRUmMG-jKCPdD-design-default\" wp_automatic_readability=\"1\" rel=\"nofollow noopener\" target=\"_blank\"><\/p>\n<p>    For abonnenter<\/p>\n<p>    <img decoding=\"async\" loading=\"lazy\"  src=\"https:\/\/www.europesays.com\/no\/wp-content\/uploads\/2026\/01\/1767592117_725_S%C3%B8ppel1.jpg\" alt=\"\" class=\"brick-c-cFOWSL\" style=\"\"\/><\/p>\n<p>\n            Les ogs\u00e5<\/p>\n<p>  Thor-Arne krever penger tilbake: \u2013 Det er en uting<\/p>\n<p>  <\/a><\/p>\n<p>  <a href=\"https:\/\/www.rb.no\/5-43-2643260\" class=\"related-teaser has-image default-story-teaser article--c-eRUmMG article--c-eRUmMG-jKCPdD-design-default\" wp_automatic_readability=\"1\" rel=\"nofollow noopener\" target=\"_blank\"><\/p>\n<p>    For abonnenter<\/p>\n<p>    <img decoding=\"async\" loading=\"lazy\"  src=\"https:\/\/www.europesays.com\/no\/wp-content\/uploads\/2026\/01\/IMG_9114.jpg\" alt=\"\" class=\"brick-c-cFOWSL\" style=\"\"\/><\/p>\n<p>\n            Les ogs\u00e5<\/p>\n<p>  Hel\u00e9n (40) knekte koden: Raste ned 20 kilo p\u00e5 seks m\u00e5neder<\/p>\n<p>  <\/a><\/p>\n<p>  <a href=\"https:\/\/www.rb.no\/5-43-2646125\" class=\"related-teaser has-image default-story-teaser article--c-eRUmMG article--c-eRUmMG-jKCPdD-design-default\" wp_automatic_readability=\"1\" rel=\"nofollow noopener\" target=\"_blank\"><\/p>\n<p>    For abonnenter<\/p>\n<p>    <img decoding=\"async\" loading=\"lazy\"  src=\"https:\/\/www.europesays.com\/no\/wp-content\/uploads\/2026\/01\/COLOURBOX55137915.jpg\" alt=\"\" class=\"brick-c-cFOWSL\" style=\"\"\/><\/p>\n<p>\n            Les ogs\u00e5<\/p>\n<p>  Slik f\u00e5r du deg kj\u00e6reste i 2026<\/p>\n<p>  <\/a><\/p>\n<p>  <a href=\"https:\/\/www.rb.no\/5-43-2640301\" class=\"related-teaser has-image default-story-teaser article--c-eRUmMG article--c-eRUmMG-jKCPdD-design-default\" wp_automatic_readability=\"1.5\" rel=\"nofollow noopener\" target=\"_blank\"><\/p>\n<p>    For abonnenter<\/p>\n<p>    <img decoding=\"async\" loading=\"lazy\"  src=\"https:\/\/www.europesays.com\/no\/wp-content\/uploads\/2026\/01\/1767592119_389_Alzheimer+%285+av+9%29.jpg\" alt=\"\" class=\"brick-c-cFOWSL\" style=\"\"\/><\/p>\n<p>\n            Les ogs\u00e5<\/p>\n<p>  Legen har en oppfordring til de unge: Et grep reduserer risikoen for alvorlig hjernesykdom<\/p>\n<p>  <\/a><\/p>\n","protected":false},"excerpt":{"rendered":"Simpson-Larsen og Heidi Weng \u00e5pnet en luke ned til resten av feltet f\u00f8r de siste hundre meterne. Rett&hellip;\n","protected":false},"author":2,"featured_media":128962,"comment_status":"","ping_status":"","sticky":false,"template":"","format":"standard","meta":{"footnotes":""},"categories":[59],"tags":[36,5413,30,28,29,83,82,1510,12662],"class_list":{"0":"post-128961","1":"post","2":"type-post","3":"status-publish","4":"format-standard","5":"has-post-thumbnail","7":"category-sport","8":"tag-art","9":"tag-heidi-weng","10":"tag-no","11":"tag-norge","12":"tag-norway","13":"tag-sport","14":"tag-sports","15":"tag-story","16":"tag-tour-de-ski"},"share_on_mastodon":{"url":"https:\/\/pubeurope.com\/@no\/115840922602936252","error":""},"_links":{"self":[{"href":"https:\/\/www.europesays.com\/no\/wp-json\/wp\/v2\/posts\/128961","targetHints":{"allow":["GET"]}}],"collection":[{"href":"https:\/\/www.europesays.com\/no\/wp-json\/wp\/v2\/posts"}],"about":[{"href":"https:\/\/www.europesays.com\/no\/wp-json\/wp\/v2\/types\/post"}],"author":[{"embeddable":true,"href":"https:\/\/www.europesays.com\/no\/wp-json\/wp\/v2\/users\/2"}],"replies":[{"embeddable":true,"href":"https:\/\/www.europesays.com\/no\/wp-json\/wp\/v2\/comments?post=128961"}],"version-history":[{"count":0,"href":"https:\/\/www.europesays.com\/no\/wp-json\/wp\/v2\/posts\/128961\/revisions"}],"wp:featuredmedia":[{"embeddable":true,"href":"https:\/\/www.europesays.com\/no\/wp-json\/wp\/v2\/media\/128962"}],"wp:attachment":[{"href":"https:\/\/www.europesays.com\/no\/wp-json\/wp\/v2\/media?parent=128961"}],"wp:term":[{"taxonomy":"category","embeddable":true,"href":"https:\/\/www.europesays.com\/no\/wp-json\/wp\/v2\/categories?post=128961"},{"taxonomy":"post_tag","embeddable":true,"href":"https:\/\/www.europesays.com\/no\/wp-json\/wp\/v2\/tags?post=128961"}],"curies":[{"name":"wp","href":"https:\/\/api.w.org\/{rel}","templated":true}]}}