{"id":128973,"date":"2026-01-05T06:03:12","date_gmt":"2026-01-05T06:03:12","guid":{"rendered":"https:\/\/www.europesays.com\/no\/128973\/"},"modified":"2026-01-05T06:03:12","modified_gmt":"2026-01-05T06:03:12","slug":"jamie-carragher-langer-ut-mot-amorim","status":"publish","type":"post","link":"https:\/\/www.europesays.com\/no\/128973\/","title":{"rendered":"Jamie Carragher langer ut mot Amorim"},"content":{"rendered":"\n<p class=\"_lead_o9xde_2 _lead_xtcu6_50 layout-component text-serif-m layout-normal text-serif-l layout-component layout-wide layout-padded _wide_17hqh_1 layout-padded\">Flere engelske medier melder om \u00f8kende konfliktniv\u00e5 i Manchester United.<\/p>\n<p><img alt=\" Foto: ALEX DODD \/ EPA \/ NTB\" class=\"_image_qp4xg_65 layout-component layout-wide\" data-fullscreen- data-track-element-type=\"Article image fullscreen\" data-track-name=\"ImageFullscreen\" fetchpriority=\"high\" decoding=\"sync\" loading=\"eager\" height=\"3268\" itemprop=\"image\"  src=\"https:\/\/www.europesays.com\/no\/wp-content\/uploads\/2026\/01\/1c9c231e-b700-48a3-9dee-e933a5046a52.png\"  style=\"object-position:0% 0%\" width=\"4831\"\/> Foto: ALEX DODD \/ EPA \/ NTB<\/p>\n<ul aria-hidden=\"true\" class=\"_images_ntbth_112\">\n<li><a class=\"_link_ntbth_117\" href=\"https:\/\/www.vg.no\/forfatter\/andreas-hopen\" style=\"z-index:1\" title=\"Andreas Hopen\" rel=\"nofollow noopener\" target=\"_blank\"><img alt=\"Bilde av Andreas Hopen\" class=\"_image_ntbth_93\" fetchpriority=\"low\" loading=\"lazy\" decoding=\"async\" itemprop=\"image\"  src=\"https:\/\/www.europesays.com\/no\/wp-content\/uploads\/2026\/01\/1767592992_428_8d697287-ea03-4d54-ab67-6d65b82629eb.jpeg\"  width=\"480\"\/><\/a><\/li>\n<\/ul>\n<p> Oppdatert s\u00f8ndag 4. januar kl. 23:06    <\/p>\n<ul class=\"_list_o9xde_3 _list_64s2r_85 _unordered_o9xde_106 text-sans-m\">\n<li class=\"_item_o9xde_30\">Konfliktniv\u00e5et i Manchester United \u00f8ker, if\u00f8lge flere engelske medier.<\/li>\n<li class=\"_item_o9xde_30\">Ruben Amorim har skapt reaksjoner ved \u00e5 angripe klubbledelsen under en pressekonferanse.<\/li>\n<li class=\"_item_o9xde_30\">Jamie Carragher kritiserer Amorim og mener han ikke er i posisjon til \u00e5 stille sp\u00f8rsm\u00e5l ved ledelsen.<\/li>\n<li class=\"_item_o9xde_30\">Det er uenigheter om overgangsstrategi og Amorims taktiske valg.<\/li>\n<li class=\"_item_o9xde_30\">Amorims 3-4-3-formasjon og ledelsens motvilje mot \u00e5 bruke penger i januar har gjort situasjonen verre.<\/li>\n<\/ul>\n<p>Vis mer <\/p>\n<p class=\"_paragraph_o9xde_4 _paragraph_xtcu6_10 layout-component text-serif-m layout-normal text-serif-m layout-padded\">\u2013 Ruben Amorim har startet en borgerkrig i <a href=\"https:\/\/www.vg.no\/tag\/manchester-united?utm_source=vg-article&amp;utm_medium=auto-tagger&amp;utm_campaign=xrP05X\" class=\"_link_o9xde_39\" rel=\"nofollow noopener\" target=\"_blank\">Manchester United<\/a> \u2013 det vil bare v\u00e6re \u00e9n vinner, skriver skribent Tyrone Marshall i <a href=\"https:\/\/www.manchestereveningnews.co.uk\/sport\/football\/ruben-amorim-started-civil-war-33164349\" class=\"_link_o9xde_39\" rel=\"nofollow noopener\" target=\"_blank\">Manchester Evening News<\/a>.<\/p>\n<p class=\"_paragraph_o9xde_4 _paragraph_xtcu6_10 layout-component text-serif-m layout-normal text-serif-m layout-padded\">Skribenten mener at Manchester United-manageren kastet sin egen fremtid ut i usikkerhet etter at han angrep ledelsen under <a href=\"https:\/\/www.vg.no\/sport\/i\/L4A7KV\/manchester-united-ruben-amorim-stormet-ut-av-pressekonferanse-jeg-kom-hit-for-aa-vaere-manager\" data-track-element-type=\"Link\" data-track-id=\"link:L4A7KV\" class=\"_link_o9xde_39\" rel=\"nofollow noopener\" target=\"_blank\">s\u00f8ndagens pressekonferanse<\/a>.<\/p>\n<p class=\"_paragraph_o9xde_4 _paragraph_xtcu6_10 layout-component text-serif-m layout-normal text-serif-m layout-padded\">\u2013 I l\u00f8pet av nitti sekunder dro han splinten p\u00e5 granaten og startet borgerkrig, skriver Marshall videre.<\/p>\n<p class=\"_paragraph_o9xde_4 _paragraph_xtcu6_10 layout-component text-serif-m layout-normal text-serif-m layout-padded\">Seansen p\u00e5 podiet har skapt reaksjoner.<\/p>\n<p class=\"_paragraph_o9xde_4 _paragraph_xtcu6_10 layout-component text-serif-m layout-normal text-serif-m layout-padded\">\u2013 Uansett hva som skjer, mener jeg ikke at han p\u00e5 noen som helst m\u00e5te er i en posisjon til \u00e5 stille sp\u00f8rsm\u00e5l ved dem som ansatte ham, sa tidligere Liverpool-spiller Jamie Carragher i Sky Sports studioet s\u00f8ndag kveld.<\/p>\n<p class=\"_paragraph_o9xde_4 _paragraph_xtcu6_10 layout-component text-serif-m layout-normal text-serif-m layout-padded\">Se avslutningen p\u00e5 pressekonferansen her:<\/p>\n<p class=\"_paragraph_o9xde_4 _paragraph_xtcu6_10 layout-component text-serif-m layout-normal text-serif-m layout-padded\">Marshall skriver at det de siste ukene har v\u00e6rt \u00f8kende snakk om splittelse i Manchester United \u2013 og at Amorims uttalelser s\u00f8ndag l\u00f8ftet dette frem i lyset.<\/p>\n<p class=\"_paragraph_o9xde_4 _paragraph_xtcu6_10 layout-component text-serif-m layout-normal text-serif-m layout-padded\">Ogs\u00e5 <a href=\"https:\/\/www.skysports.com\/football\/news\/11095\/13490487\/ruben-amorim-at-man-utd-growing-tension-between-head-coach-and-club-hierarchy-including-director-of-football-jason-wilcox\" class=\"_link_o9xde_39\" rel=\"nofollow noopener\" target=\"_blank\">Sky Sports<\/a> skriver at det er \u00f8kende spenning mellom Amorim og ledelsen \u2013 deriblant sportssjef Jason Wilcox.<\/p>\n<p class=\"_paragraph_o9xde_4 _paragraph_xtcu6_10 layout-component text-serif-m layout-normal text-serif-m layout-padded\">De skriver at det er uenigheter om hva klubben b\u00f8r gj\u00f8re p\u00e5 overgangsmarkedet i januar, men ogs\u00e5 om Amorims taktiske valg. Amorims 3\u20134\u20133-formasjon skal v\u00e6re roten til et stadig mer anstrengt forhold til ledelsen.<\/p>\n<p class=\"_paragraph_o9xde_4 _paragraph_xtcu6_10 layout-component text-serif-m layout-normal text-serif-m layout-padded\"><strong class=\"_strong_o9xde_25\">\u2013 Han er ikke god nok til \u00e5 v\u00e6re Manchester United-manager. Han er s\u00e5 vidt godt nok til \u00e5 v\u00e6re en Premier League-manager akkurat n\u00e5. Jeg tror flertallet av managerne i Premier League \u2013 som alle leder lag p\u00e5 ulike plasser p\u00e5 tabellen \u2013 vil se p\u00e5 Manchester United og tenke: \u00abJeg kunne f\u00e5tt flere poeng enn det der.\u00bb, fortsetter Carragher.<\/strong><\/p>\n<p class=\"_paragraph_o9xde_4 _paragraph_xtcu6_10 layout-component text-serif-m layout-normal text-serif-m layout-padded\">Marshall i Manchester Evening News skriver at ledelsens motvilje mot \u00e5 bruke penger i januar skal ha f\u00e5tt begeret til \u00e5 renne over for Amorim.<\/p>\n<p class=\"_paragraph_o9xde_4 _paragraph_xtcu6_10 layout-component text-serif-m layout-normal text-serif-m layout-padded\">\u2013 Hvis Amorim vurderte \u00e5 m\u00f8te Wilcox p\u00e5 veien, har han \u00e5penbart skiftet mening. Beskjeden om at det ikke var penger \u00e5 bruke i januar var dr\u00e5pen, skriver Marshall.<\/p>\n<p class=\"_paragraph_o9xde_4 _paragraph_xtcu6_10 layout-component text-serif-m layout-normal text-serif-m layout-padded\">If\u00f8lge Sky Sports\u2019 opplysninger er ledelsen klar over at stallen er for tynn, men at dette vil l\u00f8se seg i det Mbeumo, Amad og Mazraoui er tilbake fra Afrikamesterskapet senere i januar.<\/p>\n<p class=\"_paragraph_o9xde_4 _paragraph_xtcu6_10 layout-component text-serif-m layout-normal text-serif-m layout-padded\">\u2013 \u00c5penbart er det noe som irriterer ham, han f\u00f8ler tydeligvis ikke at han f\u00e5r st\u00f8tte. Han slipper seg \u00e5penbart mer l\u00f8s. N\u00e5r du sier at du kom til klubben som manager, s\u00e5 trodde jeg han ble ansatt som hovedtrener, og helt tydelig ansatt for \u00e5 trene laget, sier Gary Neville for Sky Sports.<\/p>\n<p class=\"_paragraph_o9xde_4 _paragraph_xtcu6_10 layout-component text-serif-m layout-normal text-serif-m layout-padded\">Den tidligere Manchester United-kapteinen liker \u00e5penheten til United-manageren.<\/p>\n<p class=\"_paragraph_o9xde_4 _paragraph_xtcu6_10 layout-component text-serif-m layout-normal text-serif-m layout-padded\">\u2013 Han har alltid v\u00e6rt ekte, og han har alltid hatt integritet i pressekonferansene sine. Han har alltid sagt det han mener og det han tror p\u00e5, og det b\u00f8r han fortsette med. Men det ser ut som om han n\u00e5 begynner \u00e5 peke oppover i systemet, noe som vanligvis ogs\u00e5 f\u00f8rer med seg press, sier Gary Neville.<\/p>\n","protected":false},"excerpt":{"rendered":"Flere engelske medier melder om \u00f8kende konfliktniv\u00e5 i Manchester United. Foto: ALEX DODD \/ EPA \/ NTB Oppdatert&hellip;\n","protected":false},"author":2,"featured_media":128974,"comment_status":"","ping_status":"","sticky":false,"template":"","format":"standard","meta":{"footnotes":""},"categories":[5],"tags":[20,21,24,25,92,15,19,22,23,17,18,158,13,30,28,29,14,16,161,192,26,27],"class_list":{"0":"post-128973","1":"post","2":"type-post","3":"status-publish","4":"format-standard","5":"has-post-thumbnail","7":"category-overskrifter","8":"tag-breaking-news","9":"tag-breakingnews","10":"tag-featured-news","11":"tag-featurednews","12":"tag-fotball","13":"tag-headlines","14":"tag-hovedoppslag","15":"tag-latest-news","16":"tag-latestnews","17":"tag-main-news","18":"tag-mainnews","19":"tag-manchester-united","20":"tag-news","21":"tag-no","22":"tag-norge","23":"tag-norway","24":"tag-nyheter","25":"tag-overskrifter","26":"tag-premier-league","27":"tag-ruben-amorim","28":"tag-top-stories","29":"tag-topstories"},"share_on_mastodon":{"url":"https:\/\/pubeurope.com\/@no\/115840981588901282","error":""},"_links":{"self":[{"href":"https:\/\/www.europesays.com\/no\/wp-json\/wp\/v2\/posts\/128973","targetHints":{"allow":["GET"]}}],"collection":[{"href":"https:\/\/www.europesays.com\/no\/wp-json\/wp\/v2\/posts"}],"about":[{"href":"https:\/\/www.europesays.com\/no\/wp-json\/wp\/v2\/types\/post"}],"author":[{"embeddable":true,"href":"https:\/\/www.europesays.com\/no\/wp-json\/wp\/v2\/users\/2"}],"replies":[{"embeddable":true,"href":"https:\/\/www.europesays.com\/no\/wp-json\/wp\/v2\/comments?post=128973"}],"version-history":[{"count":0,"href":"https:\/\/www.europesays.com\/no\/wp-json\/wp\/v2\/posts\/128973\/revisions"}],"wp:featuredmedia":[{"embeddable":true,"href":"https:\/\/www.europesays.com\/no\/wp-json\/wp\/v2\/media\/128974"}],"wp:attachment":[{"href":"https:\/\/www.europesays.com\/no\/wp-json\/wp\/v2\/media?parent=128973"}],"wp:term":[{"taxonomy":"category","embeddable":true,"href":"https:\/\/www.europesays.com\/no\/wp-json\/wp\/v2\/categories?post=128973"},{"taxonomy":"post_tag","embeddable":true,"href":"https:\/\/www.europesays.com\/no\/wp-json\/wp\/v2\/tags?post=128973"}],"curies":[{"name":"wp","href":"https:\/\/api.w.org\/{rel}","templated":true}]}}