{"id":128987,"date":"2026-01-05T06:26:09","date_gmt":"2026-01-05T06:26:09","guid":{"rendered":"https:\/\/www.europesays.com\/no\/128987\/"},"modified":"2026-01-05T06:26:09","modified_gmt":"2026-01-05T06:26:09","slug":"politijakt-pa-person-med-oks-i-valdres-radhus-roykskadet","status":"publish","type":"post","link":"https:\/\/www.europesays.com\/no\/128987\/","title":{"rendered":"Politijakt p\u00e5 person med \u00f8ks i Valdres \u2013 r\u00e5dhus r\u00f8ykskadet"},"content":{"rendered":"\n<p class=\"_lead_o9xde_2 _lead_xtcu6_50 layout-component text-serif-m layout-normal text-serif-l layout-component layout-wide layout-padded _wide_17hqh_1 layout-padded\">Nord-Aurdal r\u00e5dhus har f\u00e5tt r\u00f8ykskader av en brann p\u00e5 utsiden. Politiet unders\u00f8ker om det er en sammenheng med annet skadeverk \u2013 og en person med \u00f8ks.<\/p>\n<ul aria-hidden=\"true\" class=\"_images_ntbth_112\">\n<li><a class=\"_link_ntbth_117\" href=\"https:\/\/www.vg.no\/forfatter\/ntb\" style=\"z-index:1\" title=\"NTB\" rel=\"nofollow noopener\" target=\"_blank\"><img alt=\"Bilde av NTB\" class=\"_image_ntbth_93\" fetchpriority=\"low\" loading=\"lazy\" decoding=\"async\" itemprop=\"image\"  src=\"https:\/\/www.europesays.com\/no\/wp-content\/uploads\/2026\/01\/1767594369_70_c33980b0-5d07-4027-84a1-813f90a7c8d6.png\"  width=\"480\"\/><\/a><\/li>\n<\/ul>\n<p> Oppdatert mandag 5. januar kl. 06:05     <\/p>\n<p class=\"_paragraph_o9xde_4 _paragraph_xtcu6_10 layout-component text-serif-m layout-normal text-serif-m layout-padded\">Meldingen om brannen kom klokka 2.23 natt til mandag.<\/p>\n<p class=\"_paragraph_o9xde_4 _paragraph_xtcu6_10 layout-component text-serif-m layout-normal text-serif-m layout-padded\">\u2013 Det er kontroll p\u00e5 brannen. Ingen personer er skadet. Det meldes om at det er r\u00f8ykskader inne p\u00e5 r\u00e5dhuset, skriver operasjonsleder P\u00e5l Gjestvang i politiloggen til Innlandet politidistrikt.<\/p>\n<p class=\"_paragraph_o9xde_4 _paragraph_xtcu6_10 layout-component text-serif-m layout-normal text-serif-m layout-padded\">Etterp\u00e5 har politiet f\u00e5tt melding flere meldinger om skadeverk p\u00e5 bygninger i omr\u00e5det fra Leira til Skrautv\u00e5l \u2013 s\u00e5 langt er det snakk om seks tilfeller.<\/p>\n<p class=\"_paragraph_o9xde_4 _paragraph_xtcu6_10 layout-component text-serif-m layout-normal text-serif-m layout-padded\">\u2013 P\u00e5 flere av stedene har politiet f\u00e5tt melding om at det er observert en person med \u00f8ks i tilknytning til skadeverket. Personen med \u00f8ks skal ha brukt en hvit SUV, opplyser operasjonslederen.<\/p>\n<p class=\"_paragraph_o9xde_4 _paragraph_xtcu6_10 layout-component text-serif-m layout-normal text-serif-m layout-padded\">Politiet har ikke f\u00e5tt melding om skadede personer. De unders\u00f8ker om det er en sammenheng mellom hendelsene og leter etter \u00e9n eller flere gjerningspersoner.<\/p>\n","protected":false},"excerpt":{"rendered":"Nord-Aurdal r\u00e5dhus har f\u00e5tt r\u00f8ykskader av en brann p\u00e5 utsiden. Politiet unders\u00f8ker om det er en sammenheng med&hellip;\n","protected":false},"author":2,"featured_media":128988,"comment_status":"","ping_status":"","sticky":false,"template":"","format":"standard","meta":{"footnotes":""},"categories":[10],"tags":[20,21,24,25,15,813,22,23,13,30,4149,28,29,14,16,26,27,1646],"class_list":{"0":"post-128987","1":"post","2":"type-post","3":"status-publish","4":"format-standard","5":"has-post-thumbnail","7":"category-norge","8":"tag-breaking-news","9":"tag-breakingnews","10":"tag-featured-news","11":"tag-featurednews","12":"tag-headlines","13":"tag-innlandet","14":"tag-latest-news","15":"tag-latestnews","16":"tag-news","17":"tag-no","18":"tag-nord-aurdal","19":"tag-norge","20":"tag-norway","21":"tag-nyheter","22":"tag-overskrifter","23":"tag-top-stories","24":"tag-topstories","25":"tag-valdres"},"share_on_mastodon":{"url":"https:\/\/pubeurope.com\/@no\/115841072050494097","error":""},"_links":{"self":[{"href":"https:\/\/www.europesays.com\/no\/wp-json\/wp\/v2\/posts\/128987","targetHints":{"allow":["GET"]}}],"collection":[{"href":"https:\/\/www.europesays.com\/no\/wp-json\/wp\/v2\/posts"}],"about":[{"href":"https:\/\/www.europesays.com\/no\/wp-json\/wp\/v2\/types\/post"}],"author":[{"embeddable":true,"href":"https:\/\/www.europesays.com\/no\/wp-json\/wp\/v2\/users\/2"}],"replies":[{"embeddable":true,"href":"https:\/\/www.europesays.com\/no\/wp-json\/wp\/v2\/comments?post=128987"}],"version-history":[{"count":0,"href":"https:\/\/www.europesays.com\/no\/wp-json\/wp\/v2\/posts\/128987\/revisions"}],"wp:featuredmedia":[{"embeddable":true,"href":"https:\/\/www.europesays.com\/no\/wp-json\/wp\/v2\/media\/128988"}],"wp:attachment":[{"href":"https:\/\/www.europesays.com\/no\/wp-json\/wp\/v2\/media?parent=128987"}],"wp:term":[{"taxonomy":"category","embeddable":true,"href":"https:\/\/www.europesays.com\/no\/wp-json\/wp\/v2\/categories?post=128987"},{"taxonomy":"post_tag","embeddable":true,"href":"https:\/\/www.europesays.com\/no\/wp-json\/wp\/v2\/tags?post=128987"}],"curies":[{"name":"wp","href":"https:\/\/api.w.org\/{rel}","templated":true}]}}